{"id":29080,"date":"2021-07-01T14:12:34","date_gmt":"2021-07-01T13:12:34","guid":{"rendered":"http:\/\/fegrama.cat\/web\/?p=29080"},"modified":"2021-08-17T13:21:32","modified_gmt":"2021-08-17T12:21:32","slug":"benvinguts-oriol-i-ruben","status":"publish","type":"post","link":"http:\/\/fegrama.cat\/web\/benvinguts-oriol-i-ruben\/","title":{"rendered":"Benvinguts Oriol i Rub\u00e9n"},"content":{"rendered":"\n<p>La setmana passada la Direcci\u00f3 Esportiva de la <strong>Fundaci\u00f3 Esportiva Grama<\/strong> va anunciar dues noves incorporacions. Avui els coneixem una mica millor als dos nous jugadors per a la<strong> Temporada 2021\/22<\/strong>.<\/p>\n\n\n\n<div class=\"wp-block-image\"><figure class=\"alignright size-large is-resized\"><img loading=\"lazy\" decoding=\"async\" src=\"http:\/\/fegrama.cat\/web\/wp-content\/uploads\/2021\/07\/oriolmolins-525x1024.jpg\" alt=\"\" class=\"wp-image-29084\" width=\"157\" height=\"307\" srcset=\"http:\/\/fegrama.cat\/web\/wp-content\/uploads\/2021\/07\/oriolmolins-525x1024.jpg 525w, http:\/\/fegrama.cat\/web\/wp-content\/uploads\/2021\/07\/oriolmolins-154x300.jpg 154w, http:\/\/fegrama.cat\/web\/wp-content\/uploads\/2021\/07\/oriolmolins.jpg 681w\" sizes=\"auto, (max-width: 157px) 100vw, 157px\" \/><\/figure><\/div>\n\n\n\n<p><strong>Oriol Molins Vidri<\/strong> (19\/07\/1990) arriba procedent de l&#8217;<strong>EC Granollers<\/strong>. Mitjapunta amb molta pegada i experi\u00e8ncia a Tercera. Home important al Granollers durant les tres temporades que ha estat.<\/p>\n\n\n\n<p>Va passar tamb\u00e9 amb molt bona nota pel FC Santboi\u00e0, Cerdanyola FC, AE Prat, FC Vilafranca i UDA Gramenet. Torna d&#8217;aquesta manera al Municipal de la Grama 9 anys despr\u00e9s.<\/p>\n\n\n\n<blockquote class=\"wp-block-quote is-layout-flow wp-block-quote-is-layout-flow\"><p>Oriol Molins: \u00abEstic molt il\u00b7lusionat per tornar al camp de la Grama on vaig estar molt a gust fa anys. Espero poder tornar la confian\u00e7a que el m\u00edster ha demostrat en mi i poder disfrutar d&#8217;una gran temporada.\u00bb<\/p><\/blockquote>\n\n\n\n<div class=\"wp-block-image\"><figure class=\"alignleft size-large is-resized\"><img loading=\"lazy\" decoding=\"async\" src=\"http:\/\/fegrama.cat\/web\/wp-content\/uploads\/2021\/07\/rubicruz.jpg\" alt=\"\" class=\"wp-image-29090\" width=\"183\" height=\"203\" srcset=\"http:\/\/fegrama.cat\/web\/wp-content\/uploads\/2021\/07\/rubicruz.jpg 330w, http:\/\/fegrama.cat\/web\/wp-content\/uploads\/2021\/07\/rubicruz-270x300.jpg 270w\" sizes=\"auto, (max-width: 183px) 100vw, 183px\" \/><\/figure><\/div>\n\n\n\n<p><strong>Rub\u00e9n Cruz Aguilar &#8216;Rubi&#8217;<\/strong> (18\/04\/1995) es tracta d&#8217;un jove lateral dret que arriba despr\u00e9s de quallar una gran temporada a la <strong>UE Sants<\/strong>. Jugador de gran recorregut per banda i bon maneig de pilota.<\/p>\n\n\n\n<p>Va debutar com amateur, i en tercera, al CF Gav\u00e0 (2014\/15). Despr\u00e9s d&#8217;aix\u00f2 va passar dos anys al CE Europa, FC Santboi\u00e0, UE Castelledefels i abans de fitxar pel Sants va estar mitja campanya al FC Martinenc de Primera Catalana i mitja en la UA Horta de Tercera Divisi\u00f3.<\/p>\n\n\n\n<blockquote class=\"wp-block-quote is-layout-flow wp-block-quote-is-layout-flow\"><p>Rubi Cruz: \u00abEstic molt content d&#8217;unir-me a la FE Grama. La veritat \u00e9s que tot va ser molt f\u00e0cil, Juanma Pons i jo ens coneixem de fa anys, ja hav\u00edem estat junts en un altre club, el sap com jugo i el que puc donar i jo s\u00e9 com treballa i el que podem aconseguir. Estic amb moltes ganes de comen\u00e7ar per poder ajudar al club a complir els objectius i donar moltes alegries a l&#8217;afici\u00f3.\u00bb<\/p><\/blockquote>\n\n\n\n<figure class=\"wp-block-image size-large\"><img loading=\"lazy\" decoding=\"async\" width=\"940\" height=\"788\" src=\"http:\/\/fegrama.cat\/web\/wp-content\/uploads\/2021\/07\/ENTRADAS.png\" alt=\"\" class=\"wp-image-29086\" srcset=\"http:\/\/fegrama.cat\/web\/wp-content\/uploads\/2021\/07\/ENTRADAS.png 940w, http:\/\/fegrama.cat\/web\/wp-content\/uploads\/2021\/07\/ENTRADAS-300x251.png 300w, http:\/\/fegrama.cat\/web\/wp-content\/uploads\/2021\/07\/ENTRADAS-768x644.png 768w\" sizes=\"auto, (max-width: 940px) 100vw, 940px\" \/><\/figure>\n\n\n\n<p>La semana pasada la Direcci\u00f3n Deportiva de la <strong>Fundaci\u00f3 Esportiva Grama<\/strong> anunci\u00f3 dos nuevas incorporaciones. Hoy les conocemos un poco mejor a los dos nuevos jugadores para la <strong>Temporada 2021\/22<\/strong>.<\/p>\n\n\n\n<p><strong>Oriol Molins Vidri <\/strong>(19\/07\/1990) llega procedente del <strong>EC Granollers<\/strong>. Mediapunta con mucha pegada y experiencia en Tercera. Hombre importante en el Granollers durante las tres temporadas que ha estado.<\/p>\n\n\n\n<p>Pas\u00f3 tambi\u00e9n con muy buena nota por el FC Santboi\u00e0, Cerdanyola FC, AE Prat, FC Vilafranca y UDA Gramenet. Regresa de esta manera al Municipal de la Grama 9 a\u00f1os despu\u00e9s.<\/p>\n\n\n\n<blockquote class=\"wp-block-quote is-layout-flow wp-block-quote-is-layout-flow\"><p>Oriol Molins: \u00abEstoy muy ilusionado por volver al campo de la Grama donde estuve muy a gusto hace a\u00f1os. Espero poder devolver la confianza que el m\u00edster ha demostrado en m\u00ed y poder disfrutar de una gran temporada.\u00bb<\/p><\/blockquote>\n\n\n\n<p><strong>Rub\u00e9n Cruz Aguilar &#8216;Rubi&#8217; <\/strong>(18\/04\/1995) se trata de un joven lateral derecho que llega tras cuajar una gran temporada en la <strong>UE Sants<\/strong>. Jugador de gran recorrido por banda y buen manejo de bal\u00f3n.<\/p>\n\n\n\n<p>Debut\u00f3 como amateur, y en tercera, en el CF Gav\u00e0 (2014\/15). Tras ello pas\u00f3 dos a\u00f1os en el CE Europa, FC Santboi\u00e0, UE Castelledefels y antes de fichar por el Sants estuvo media campa\u00f1a en el FC Martinenc de Primera Catalana y media en la UA Horta de Tercera Divisi\u00f3n.<\/p>\n\n\n\n<blockquote class=\"wp-block-quote is-layout-flow wp-block-quote-is-layout-flow\"><p>Rubi Cruz: \u00abEstoy muy contento de unirme a la FE Grama. La verdad es que todo fue muy f\u00e1cil, Juanma Pons y yo nos conocemos de hace a\u00f1os, ya hab\u00edamos estado juntos en otro club, el sabe como juego y lo que puedo dar y yo s\u00e9 como trabaja y lo que podemos conseguir. Estoy con muchas ganas de empezar para poder ayudar al club a cumplir los objetivos y dar muchas alegr\u00edas a la afici\u00f3n.\u00bb<\/p><\/blockquote>\n","protected":false},"excerpt":{"rendered":"<p>La setmana passada la Direcci\u00f3 Esportiva de la Fundaci\u00f3 Esportiva Grama va anunciar dues noves incorporacions. Avui els coneixem una mica millor als dos nous jugadors per a la Temporada 2021\/22. Oriol Molins Vidri (19\/07\/1990) arriba procedent de l&#8217;EC Granollers. Mitjapunta amb molta pegada i experi\u00e8ncia a Tercera. Home important al Granollers durant les tres [&hellip;]<\/p>\n","protected":false},"author":1,"featured_media":29086,"comment_status":"closed","ping_status":"closed","sticky":false,"template":"","format":"standard","meta":{"footnotes":""},"categories":[14,5],"tags":[],"class_list":["post-29080","post","type-post","status-publish","format-standard","has-post-thumbnail","hentry","category-noticies","category-primer-equip"],"_links":{"self":[{"href":"http:\/\/fegrama.cat\/web\/wp-json\/wp\/v2\/posts\/29080","targetHints":{"allow":["GET"]}}],"collection":[{"href":"http:\/\/fegrama.cat\/web\/wp-json\/wp\/v2\/posts"}],"about":[{"href":"http:\/\/fegrama.cat\/web\/wp-json\/wp\/v2\/types\/post"}],"author":[{"embeddable":true,"href":"http:\/\/fegrama.cat\/web\/wp-json\/wp\/v2\/users\/1"}],"replies":[{"embeddable":true,"href":"http:\/\/fegrama.cat\/web\/wp-json\/wp\/v2\/comments?post=29080"}],"version-history":[{"count":10,"href":"http:\/\/fegrama.cat\/web\/wp-json\/wp\/v2\/posts\/29080\/revisions"}],"predecessor-version":[{"id":29095,"href":"http:\/\/fegrama.cat\/web\/wp-json\/wp\/v2\/posts\/29080\/revisions\/29095"}],"wp:featuredmedia":[{"embeddable":true,"href":"http:\/\/fegrama.cat\/web\/wp-json\/wp\/v2\/media\/29086"}],"wp:attachment":[{"href":"http:\/\/fegrama.cat\/web\/wp-json\/wp\/v2\/media?parent=29080"}],"wp:term":[{"taxonomy":"category","embeddable":true,"href":"http:\/\/fegrama.cat\/web\/wp-json\/wp\/v2\/categories?post=29080"},{"taxonomy":"post_tag","embeddable":true,"href":"http:\/\/fegrama.cat\/web\/wp-json\/wp\/v2\/tags?post=29080"}],"curies":[{"name":"wp","href":"https:\/\/api.w.org\/{rel}","templated":true}]}}