{"id":29069,"date":"2021-06-28T14:53:43","date_gmt":"2021-06-28T13:53:43","guid":{"rendered":"http:\/\/fegrama.cat\/web\/?p=29069"},"modified":"2021-06-28T14:53:44","modified_gmt":"2021-06-28T13:53:44","slug":"el-juvenil-b-es-va-deixar-la-vida-buscant-el-gol-de-la-victoria","status":"publish","type":"post","link":"http:\/\/fegrama.cat\/web\/el-juvenil-b-es-va-deixar-la-vida-buscant-el-gol-de-la-victoria\/","title":{"rendered":"El Juvenil B es va deixar la vida buscant el gol de la vict\u00f2ria"},"content":{"rendered":"\n<p>El Juvenil B va empatar 0-0 davant el CE J\u00fapiter el que li va servir per acabar subcampi\u00f3 de lliga. Tamb\u00e9 havien unes poques opcions de ser campions per\u00f2 el l\u00edder no va caure.<\/p>\n\n\n\n<p>La Grama va sortir b\u00e9 robant pilotes i fent pressi\u00f3 alta per\u00f2 tamb\u00e9 una mica imprec\u00eds, prenent males decisions. Amb el pas dels minuts el J\u00fapiter es va veure m\u00e9s c\u00f2mode, un equip roc\u00f3s i ben plantat, amb puntes r\u00e0pids.<\/p>\n\n\n\n<p>Primera meitat sense ocasions, poc atac per part dels dos conjunts. A la segona meitat la Grama va ser molt millor que el seu rival, buscant la vict\u00f2ria, dominant en tot moment davant un J\u00fapiter que va tenir nom\u00e9s una ocasi\u00f3 de gol.<\/p>\n\n\n\n<p>La Grama va crear molt perill i va fregar el gol en m\u00faltiples ocasions. Cinc c\u00f3rners, diverses faltes penjades a l&#8217;\u00e0rea, una altra clara va arribar per banda despr\u00e9s d&#8217;una jugada de Jean Paul amb passada enrere que Rub\u00e9n no va encertar a colpejar, m\u00e9s tard una altra similar en la qual entra a l&#8217;\u00e0rea per banda Jean Paul i \u00e9s Mario, amb la cama no h\u00e0bil, qui li surt bombejada. Tamb\u00e9 sota pals el porter visitant va evitar el gol.<\/p>\n\n\n\n<p>V\u00edctor Salas: \u00abVull felicitar els jugadors i els meus companys del cos t\u00e8cnic per la gran campanya que han realitzat. Ara toca seguir cap endavant i preparar la propera temporada amb il\u00b7lusi\u00f3 i ganes per ser campions.\u00bb<\/p>\n\n\n\n<p><\/p>\n\n\n\n<p>El Juvenil B empat\u00f3 0-0 ante el CE J\u00fapiter lo que le sirvi\u00f3 para terminar subcampe\u00f3n de liga. Tambi\u00e9n hab\u00edan unas pocas opciones de ser campeones pero el l\u00edder no cay\u00f3.<\/p>\n\n\n\n<p>La Grama sali\u00f3 bien robando balones y haciendo presi\u00f3n alta pero tambi\u00e9n algo impreciso, tomando malas decisiones. Con el paso de los minutos el J\u00fapiter se vio m\u00e1s c\u00f3modo, un equipo rocoso y bien plantado, con puntas r\u00e1pidos. <\/p>\n\n\n\n<p>Primera mitad sin ocasiones, poco ataque por parte de ambos conjuntos. En la segunda mitad la Grama fue mucho mejor que su rival, buscando la victoria, dominando en todo momento ante un J\u00fapiter que tuvo solamente una ocasi\u00f3n de gol.<\/p>\n\n\n\n<p>La Grama cre\u00f3 mucho peligro y roz\u00f3 el gol en m\u00faltiples ocasiones. Cinco c\u00f3rners, varias faltas colgadas al \u00e1rea, otra clara lleg\u00f3 por banda tras una jugada de Jean Paul con pase atr\u00e1s que Rub\u00e9n no acert\u00f3 a golpear, m\u00e1s tarde otra similar en la que entra al \u00e1rea por banda Jean Paul y es Mario con la pierna no h\u00e1bil le sale bombeada. Tambi\u00e9n bajo palos el portero visitante evit\u00f3 el gol.<\/p>\n\n\n\n<p>V\u00edctor Salas: \u00abQuiero felicitar a los jugadores y mis compa\u00f1eros del cuerpo t\u00e9cnico por la gran campa\u00f1a que han realizado. Ahora toca seguir hac\u00eda adelante y preparar la pr\u00f3xima temporada con ilusi\u00f3n y ganas para ser campeones.\u00bb<\/p>\n","protected":false},"excerpt":{"rendered":"<p>El Juvenil B va empatar 0-0 davant el CE J\u00fapiter el que li va servir per acabar subcampi\u00f3 de lliga. Tamb\u00e9 havien unes poques opcions de ser campions per\u00f2 el l\u00edder no va caure. La Grama va sortir b\u00e9 robant pilotes i fent pressi\u00f3 alta per\u00f2 tamb\u00e9 una mica imprec\u00eds, prenent males decisions. Amb el [&hellip;]<\/p>\n","protected":false},"author":1,"featured_media":28891,"comment_status":"closed","ping_status":"closed","sticky":false,"template":"","format":"standard","meta":{"footnotes":""},"categories":[4,6],"tags":[],"class_list":["post-29069","post","type-post","status-publish","format-standard","has-post-thumbnail","hentry","category-base-inclusiu","category-juvenils"],"_links":{"self":[{"href":"http:\/\/fegrama.cat\/web\/wp-json\/wp\/v2\/posts\/29069","targetHints":{"allow":["GET"]}}],"collection":[{"href":"http:\/\/fegrama.cat\/web\/wp-json\/wp\/v2\/posts"}],"about":[{"href":"http:\/\/fegrama.cat\/web\/wp-json\/wp\/v2\/types\/post"}],"author":[{"embeddable":true,"href":"http:\/\/fegrama.cat\/web\/wp-json\/wp\/v2\/users\/1"}],"replies":[{"embeddable":true,"href":"http:\/\/fegrama.cat\/web\/wp-json\/wp\/v2\/comments?post=29069"}],"version-history":[{"count":2,"href":"http:\/\/fegrama.cat\/web\/wp-json\/wp\/v2\/posts\/29069\/revisions"}],"predecessor-version":[{"id":29071,"href":"http:\/\/fegrama.cat\/web\/wp-json\/wp\/v2\/posts\/29069\/revisions\/29071"}],"wp:featuredmedia":[{"embeddable":true,"href":"http:\/\/fegrama.cat\/web\/wp-json\/wp\/v2\/media\/28891"}],"wp:attachment":[{"href":"http:\/\/fegrama.cat\/web\/wp-json\/wp\/v2\/media?parent=29069"}],"wp:term":[{"taxonomy":"category","embeddable":true,"href":"http:\/\/fegrama.cat\/web\/wp-json\/wp\/v2\/categories?post=29069"},{"taxonomy":"post_tag","embeddable":true,"href":"http:\/\/fegrama.cat\/web\/wp-json\/wp\/v2\/tags?post=29069"}],"curies":[{"name":"wp","href":"https:\/\/api.w.org\/{rel}","templated":true}]}}