{"id":29065,"date":"2021-06-28T11:55:50","date_gmt":"2021-06-28T10:55:50","guid":{"rendered":"http:\/\/fegrama.cat\/web\/?p=29065"},"modified":"2021-06-28T11:55:50","modified_gmt":"2021-06-28T10:55:50","slug":"la-victoria-de-linfantil-b-contra-el-bufala","status":"publish","type":"post","link":"http:\/\/fegrama.cat\/web\/la-victoria-de-linfantil-b-contra-el-bufala\/","title":{"rendered":"La vict\u00f2ria de l&#8217;Infantil \u00abB\u00bb contra el Bufala"},"content":{"rendered":"\n<p><strong>Bufala 2 &#8211; Infantil \u201cB\u201d 3<\/strong><\/p>\n\n\n\n<p>Els nostres nois de l&#8217;Infantil B van jugar el seu partit setmanal a casa del Bufal\u00e0 obtenint final de 2 a 3 guanyat.<\/p>\n\n\n\n<p>La Grama va poder trobar molts atacs r\u00e0pids en la primera part que va tenir moltes anades i vingudes generant diverses ocasions de gol.<\/p>\n\n\n\n<p>En arribar la segona part el Bufal\u00e0 va comen\u00e7ar millor que els nostres que tenien dubtes en la part de darrere, quan els nostres llan\u00e7aven els contraris atacaven i generaven situacions de c\u00f3rner. Tot i aix\u00f2 la Grama no es venia a baix i seguia lluitant per guanyar. Gr\u00e0cies a Miguel en l&#8217;\u00faltim moment es va poder posar el 2 a 3 contra el porter contrari.<\/p>\n\n\n\n<p>El partit va ser molt renyit amb la Grama posant energia fins al final d&#8217;aquest. Aix\u00ed acaba la temporada.<\/p>\n\n\n\n<p><\/p>\n\n\n\n<hr class=\"wp-block-separator\"\/>\n\n\n\n<p><\/p>\n\n\n\n<p><strong>Bufala 2 &#8211; Infantil \u201cB\u201d 3<\/strong><\/p>\n\n\n\n<p>Nuestros chicos del Infantil B jugaron su partido semanal en casa del Bufal\u00e0 obteniendo final de 2 a 3 ganado.&nbsp;<\/p>\n\n\n\n<p>La Grama pudo encontrar muchos ataques r\u00e1pidos en la primera parte que tuvo muchas idas y venidas generando diversas ocasiones de gol.<\/p>\n\n\n\n<p>Al llegar la segunda parte el Bufal\u00e1 empez\u00f3 mejor que los nuestros que ten\u00edan dudas en la parte de atr\u00e1s, cuando los nuestros lanzaban los contrarios atacaban y generaban situaciones de c\u00f3rner. A pesar de eso la Grama no se ven\u00eda abajo y segu\u00eda luchando por ganar. Gracias a Miguel en el \u00faltimo momento se pudo poner el 2 a 3 contra el portero contrario.<\/p>\n\n\n\n<p>El partido fue muy re\u00f1ido con la Grama poniendo energ\u00eda hasta el final de este. As\u00ed acaba la temporada.<\/p>\n","protected":false},"excerpt":{"rendered":"<p>Bufala 2 &#8211; Infantil \u201cB\u201d 3 Els nostres nois de l&#8217;Infantil B van jugar el seu partit setmanal a casa del Bufal\u00e0 obtenint final de 2 a 3 guanyat. La Grama va poder trobar molts atacs r\u00e0pids en la primera part que va tenir moltes anades i vingudes generant diverses ocasions de gol. En arribar [&hellip;]<\/p>\n","protected":false},"author":1,"featured_media":0,"comment_status":"closed","ping_status":"closed","sticky":false,"template":"","format":"standard","meta":{"footnotes":""},"categories":[9],"tags":[],"class_list":["post-29065","post","type-post","status-publish","format-standard","hentry","category-infantils"],"_links":{"self":[{"href":"http:\/\/fegrama.cat\/web\/wp-json\/wp\/v2\/posts\/29065","targetHints":{"allow":["GET"]}}],"collection":[{"href":"http:\/\/fegrama.cat\/web\/wp-json\/wp\/v2\/posts"}],"about":[{"href":"http:\/\/fegrama.cat\/web\/wp-json\/wp\/v2\/types\/post"}],"author":[{"embeddable":true,"href":"http:\/\/fegrama.cat\/web\/wp-json\/wp\/v2\/users\/1"}],"replies":[{"embeddable":true,"href":"http:\/\/fegrama.cat\/web\/wp-json\/wp\/v2\/comments?post=29065"}],"version-history":[{"count":1,"href":"http:\/\/fegrama.cat\/web\/wp-json\/wp\/v2\/posts\/29065\/revisions"}],"predecessor-version":[{"id":29066,"href":"http:\/\/fegrama.cat\/web\/wp-json\/wp\/v2\/posts\/29065\/revisions\/29066"}],"wp:attachment":[{"href":"http:\/\/fegrama.cat\/web\/wp-json\/wp\/v2\/media?parent=29065"}],"wp:term":[{"taxonomy":"category","embeddable":true,"href":"http:\/\/fegrama.cat\/web\/wp-json\/wp\/v2\/categories?post=29065"},{"taxonomy":"post_tag","embeddable":true,"href":"http:\/\/fegrama.cat\/web\/wp-json\/wp\/v2\/tags?post=29065"}],"curies":[{"name":"wp","href":"https:\/\/api.w.org\/{rel}","templated":true}]}}