{"id":29000,"date":"2021-06-14T14:01:02","date_gmt":"2021-06-14T13:01:02","guid":{"rendered":"http:\/\/fegrama.cat\/web\/?p=29000"},"modified":"2021-06-14T14:01:39","modified_gmt":"2021-06-14T13:01:39","slug":"el-cadet-d-guanya-i-acaba-la-temporada-tercer","status":"publish","type":"post","link":"http:\/\/fegrama.cat\/web\/el-cadet-d-guanya-i-acaba-la-temporada-tercer\/","title":{"rendered":"El Cadet D guanya i acaba la temporada tercer"},"content":{"rendered":"\n<p>Partid\u00e0s del Cadet D que va guanyar diumenge 5-0 al CF B\u00fafala al Municipal de la Grama.<\/p>\n\n\n\n<p>Partit que es preveia igualat ja que era un rival directe i empatat a punts amb els nostres i el que guanyava es quedava la 3a pla\u00e7a del campionat. Els nostres venien amb l&#8217;orgull una mica malm\u00e8s per la derrota de dijous passat que es va escapar el partit en els \u00faltims minuts\u2026 amb aquella mica de r\u00e0bia van sortir amb tot per assegurar el Top-3.<\/p>\n\n\n\n<p>El partit va comen\u00e7ar bastant disputat, cada un amb el seu joc, la Grama proposava i el B\u00fafala usava el seu f\u00edsic de 2n any i buscava als seus dos puntes amunt per esperar la fallada dels blaus. La Grama va saber llegir el partit i a partir del minut 10 es va convertir en un monopoli, domini absolut de la pilota, recuperaven r\u00e0pid a la p\u00e8rdua i el B\u00fafala es va comen\u00e7ar a veure impotent.<\/p>\n\n\n\n<p>Els gols van comen\u00e7ar a caure fins arribar a 5-0 contra un equip que sobre el paper era molt aparellat als colomencs. Gran partit no solament de gols sin\u00f3 tamb\u00e9 de joc que els va donar la tercera pla\u00e7a als nostres nois a la lliga.<\/p>\n\n\n\n<p><\/p>\n\n\n\n<p>Partidazo del Cadete D que gan\u00f3 el domingo 5-0 al CF B\u00fafala en el Municipal de la Grama.<\/p>\n\n\n\n<p>Partido que se preve\u00eda igualado ya que era un rival directo y empatado a puntos con los nuestros y el que ganaba se quedaba la 3\u00aa plaza del campeonato. Los nuestros ven\u00edan con el orgullo un poco da\u00f1ado por la derrota del jueves pasado que se les escap\u00f3 el partido en los \u00faltimos minutos\u2026 con esa pizca de rabia salieron con todo para asegurar el Top-3.<\/p>\n\n\n\n<p>El partido empez\u00f3 bastante disputado, cada uno con su juego, la Grama propon\u00eda y el B\u00fafala usaba su f\u00edsico de 2\u00ba a\u00f1o y buscaba a sus dos puntas arriba para esperar el fallo de los azules. La Grama supo leer el partido y a partir del minuto 10 se convirti\u00f3 en un monopolio, dominio absoluto de la pelota, recuperaban r\u00e1pido a la p\u00e9rdida y el B\u00fafala se empez\u00f3 a ver impotente.<\/p>\n\n\n\n<p>Los goles empezaron a caer hasta llegar a 5-0 contra un equipo que sobre el papel era muy emparejado a los colomenses. Gran partido no solamente de goles si no tambi\u00e9n de juego que les dio la tercera plaza a nuestros chicos en la liga.<\/p>\n","protected":false},"excerpt":{"rendered":"<p>Partid\u00e0s del Cadet D que va guanyar diumenge 5-0 al CF B\u00fafala al Municipal de la Grama. Partit que es preveia igualat ja que era un rival directe i empatat a punts amb els nostres i el que guanyava es quedava la 3a pla\u00e7a del campionat. Els nostres venien amb l&#8217;orgull una mica malm\u00e8s per [&hellip;]<\/p>\n","protected":false},"author":1,"featured_media":0,"comment_status":"closed","ping_status":"closed","sticky":false,"template":"","format":"standard","meta":{"footnotes":""},"categories":[7],"tags":[],"class_list":["post-29000","post","type-post","status-publish","format-standard","hentry","category-cadets"],"_links":{"self":[{"href":"http:\/\/fegrama.cat\/web\/wp-json\/wp\/v2\/posts\/29000","targetHints":{"allow":["GET"]}}],"collection":[{"href":"http:\/\/fegrama.cat\/web\/wp-json\/wp\/v2\/posts"}],"about":[{"href":"http:\/\/fegrama.cat\/web\/wp-json\/wp\/v2\/types\/post"}],"author":[{"embeddable":true,"href":"http:\/\/fegrama.cat\/web\/wp-json\/wp\/v2\/users\/1"}],"replies":[{"embeddable":true,"href":"http:\/\/fegrama.cat\/web\/wp-json\/wp\/v2\/comments?post=29000"}],"version-history":[{"count":1,"href":"http:\/\/fegrama.cat\/web\/wp-json\/wp\/v2\/posts\/29000\/revisions"}],"predecessor-version":[{"id":29001,"href":"http:\/\/fegrama.cat\/web\/wp-json\/wp\/v2\/posts\/29000\/revisions\/29001"}],"wp:attachment":[{"href":"http:\/\/fegrama.cat\/web\/wp-json\/wp\/v2\/media?parent=29000"}],"wp:term":[{"taxonomy":"category","embeddable":true,"href":"http:\/\/fegrama.cat\/web\/wp-json\/wp\/v2\/categories?post=29000"},{"taxonomy":"post_tag","embeddable":true,"href":"http:\/\/fegrama.cat\/web\/wp-json\/wp\/v2\/tags?post=29000"}],"curies":[{"name":"wp","href":"https:\/\/api.w.org\/{rel}","templated":true}]}}