{"id":2900,"date":"2014-03-24T07:21:34","date_gmt":"2014-03-24T06:21:34","guid":{"rendered":"http:\/\/fegrama.cat\/web\/?p=2900"},"modified":"2014-03-23T18:57:35","modified_gmt":"2014-03-23T17:57:35","slug":"el-lider-prebenjami-a-fegrama-goleja-al-canyelles-per-15-0","status":"publish","type":"post","link":"http:\/\/fegrama.cat\/web\/el-lider-prebenjami-a-fegrama-goleja-al-canyelles-per-15-0\/","title":{"rendered":"El l\u00edder Prebenjam\u00ed A FEGrama goleja al Canyelles per 15-0"},"content":{"rendered":"<p style=\"text-align: justify;\"><span style=\"color: #000000;\">El Prebenjam\u00ed A FEGrama segueix a la part m\u00e9s alta de la taula d&#8217;aquest grup 19 a la vict\u00f2ria contra Canyelles, nov\u00e8 amb 21 punts, per un rotund 15-0 a la jornada 21.<\/span><\/p>\n<p style=\"text-align: justify;\"><span style=\"color: #000000;\">Els nois dirigits per Jonathan Serrat, entrenador del Prebenjam\u00ed A FEGrama, van comen\u00e7ar al minut 3 a obrir la llauna de gols mitjan\u00e7ant Aleix Delgado que va fer cinc, un rep\u00f2quer.<\/span><\/p>\n<p style=\"text-align: justify;\"><span style=\"color: #000000;\">Tamb\u00e9 H\u00e9ctor Linde va voler aportar detalls i va fer un doblet. Isaac Requena va fer el 4-0 i Biel Ortega, amb un triplet el 5-0. Tatiana P\u00e9rez va marcar dos seguits, el 7 i 8-0. Kevin Bedmar ficar\u00e0 el 9-0 i Eric Garcia l&#8217;11-0.<\/span><\/p>\n<p style=\"text-align: justify;\"><span style=\"color: #000000;\">El conjunt de la Fundaci\u00f3 Grama perqu\u00e8 la difer\u00e8ncia amb els immediats perseguidors, l&#8217;Hospitalense a nom\u00e8s dos punts i el Collblanc a sis tamb\u00e9 aquests dos conjunts rivals van empatar a la passada jornada abans del Carnestoltes.<\/span><\/p>\n<p><span style=\"color: #000000;\">A la jornada 22, el conjunt de la FEG anir\u00e0 al camp G\u00e9minis Futbol Set de l&#8217;Escola Performance, set\u00e8 amb 32 punts, el dissabte 29 de mar\u00e7 des de les 12:00 hores.<\/span><\/p>\n<p style=\"text-align: justify;\"><span style=\"color: #000000;\">[divider]<\/span><\/p>\n<p style=\"text-align: justify;\"><span style=\"color: #000000;\">[button color=\u00bbblue\u00bb size=\u00bbsmall\u00bb link=\u00bbhttp:\/\/www.fcf.cat\/pnfg\/NPcd\/NFG_VisClasificacion?cod_primaria=1000120&amp;codgrupo=18700796&amp;codcompeticion=18473321&#8243; target=\u00bbblank\u00bb ]Resultats[\/button]<\/span><\/p>\n<p style=\"text-align: justify;\"><span style=\"color: #000000;\">[button color=\u00bbblue\u00bb size=\u00bbsmall\u00bb link=\u00bbhttp:\/\/www.fcf.cat\/pnfg\/NFG_CmpJornada?cod_primaria=1000120&amp;CodCompeticion=18473321&amp;CodGrupo=18700796&amp;CodTemporada=9&amp;CodJornada=10&#8243; target=\u00bbblank\u00bb ]Classificaci\u00f3[\/button]<\/span><\/p>\n<p style=\"text-align: justify;\"><span style=\"color: #000000;\">El Prebenjam\u00ed A FEGrama Segueix a la part M\u00e9s alta de la taula de este grup 19 a la vict\u00f2ria contra Canyelles, Nove AMB 21 punts, per un rotund 15-0 a la jornada 21.<\/span><\/p>\n<p style=\"text-align: justify;\"><span style=\"color: #000000;\">Els nois dirigits per Jonathan Serrat, entrenador del Prebenjam\u00ed A FEGrama, van Comen\u00e7ar a minut 3 a obrir la llauna de gols mitjan\u00e7ant Aleix Delgado que va fermen zinc, un rep\u00f2quer.<\/span><\/p>\n<p style=\"text-align: justify;\"><span style=\"color: #000000;\">Tamb\u00e9 H\u00e9ctor Linde va Voler aportar Detalls i va fermentaci\u00f3 01:00 doblet. Isaac Requena va fermentaci\u00f3 el 4-0 i Biel Ortega, con 1 triplet el 5-0. Tatiana P\u00e9rez va fer dos seguits, el 7 i 8-0. Kevin Bedmar ficar el 9-0 i Eric Garcia l&#8217;11-0.<\/span><\/p>\n<p style=\"text-align: justify;\"><span style=\"color: #000000;\">El conjunto de la Fundaci\u00f3 Grama perque La difer\u00e8ncia con los immediats perseguidors, l&#8217;Hospitalenc a nom\u00e8s 2 punts i el Collblanc a sistemes tambi\u00e9n aquests 2 Conjunts Rivals van empatar a la passada jornada Abans del Carnestoltes. <\/span><br \/>\n<span style=\"color: #000000;\">\u00a0<\/span><br \/>\n<span style=\"color: #000000;\">A la jornada 22, el conjunto de la FEG Anira al camp Bessons Futbol Set de l&#8217;Escola Performance, set\u00e8 AMB 32 punts, el dissabte 29 de mar\u00e7 des de les 12:00 hores.<\/span><\/p>\n<p style=\"text-align: justify;\"><span style=\"color: #000000;\"><strong>Visca l&#8217;Esperit Grama!!!<\/strong><\/span><\/p>\n","protected":false},"excerpt":{"rendered":"<p>El Prebenjam\u00ed A FEGrama segueix a la part m\u00e9s alta de la taula d&#8217;aquest grup 19 a la vict\u00f2ria contra Canyelles, nov\u00e8 amb 21 punts, per un rotund 15-0 a la jornada 21. Els nois dirigits per Jonathan Serrat, entrenador del Prebenjam\u00ed A FEGrama, van comen\u00e7ar al minut 3 a obrir la llauna de gols [&hellip;]<\/p>\n","protected":false},"author":1,"featured_media":0,"comment_status":"closed","ping_status":"closed","sticky":false,"template":"","format":"standard","meta":{"footnotes":""},"categories":[4,12],"tags":[19,20,27,21],"class_list":["post-2900","post","type-post","status-publish","format-standard","hentry","category-base-inclusiu","category-prebenjamins","tag-feg","tag-fundacio-grama","tag-nou-municipal","tag-santa-coloma"],"_links":{"self":[{"href":"http:\/\/fegrama.cat\/web\/wp-json\/wp\/v2\/posts\/2900","targetHints":{"allow":["GET"]}}],"collection":[{"href":"http:\/\/fegrama.cat\/web\/wp-json\/wp\/v2\/posts"}],"about":[{"href":"http:\/\/fegrama.cat\/web\/wp-json\/wp\/v2\/types\/post"}],"author":[{"embeddable":true,"href":"http:\/\/fegrama.cat\/web\/wp-json\/wp\/v2\/users\/1"}],"replies":[{"embeddable":true,"href":"http:\/\/fegrama.cat\/web\/wp-json\/wp\/v2\/comments?post=2900"}],"version-history":[{"count":1,"href":"http:\/\/fegrama.cat\/web\/wp-json\/wp\/v2\/posts\/2900\/revisions"}],"predecessor-version":[{"id":2904,"href":"http:\/\/fegrama.cat\/web\/wp-json\/wp\/v2\/posts\/2900\/revisions\/2904"}],"wp:attachment":[{"href":"http:\/\/fegrama.cat\/web\/wp-json\/wp\/v2\/media?parent=2900"}],"wp:term":[{"taxonomy":"category","embeddable":true,"href":"http:\/\/fegrama.cat\/web\/wp-json\/wp\/v2\/categories?post=2900"},{"taxonomy":"post_tag","embeddable":true,"href":"http:\/\/fegrama.cat\/web\/wp-json\/wp\/v2\/tags?post=2900"}],"curies":[{"name":"wp","href":"https:\/\/api.w.org\/{rel}","templated":true}]}}