{"id":28963,"date":"2021-06-10T06:45:03","date_gmt":"2021-06-10T05:45:03","guid":{"rendered":"http:\/\/fegrama.cat\/web\/?p=28963"},"modified":"2021-06-10T06:45:04","modified_gmt":"2021-06-10T05:45:04","slug":"benvingut-fran-hernandez","status":"publish","type":"post","link":"http:\/\/fegrama.cat\/web\/benvingut-fran-hernandez\/","title":{"rendered":"Benvingut Fran Hern\u00e1ndez"},"content":{"rendered":"\n<p>Jos\u00e9 Francisco Hern\u00e1ndez Garc\u00eda, <strong>Fran Hern\u00e1ndez<\/strong>, es converteix en el primer fitxatge de la <strong>Fundaci\u00f3 Esportiva Grama<\/strong>. El jugador arriba procedent de l&#8217;hist\u00f2ric <strong>Real Ja\u00e9n<\/strong> de la Tercera Divisi\u00f3, on era capit\u00e0.<\/p>\n\n\n\n<p><strong>Jos\u00e9 Manuel Morales<\/strong>, directiu de la Grama i fill del nostre President <strong>Antonio Morales<\/strong>, va ser l&#8217;encarregat del seu fitxatge amb el vistiplau de l&#8217;entrenador, <strong>Juanma Pons<\/strong>, i el de la Junta Directiva. Despr\u00e9s de diverses setmanes negociant va arribar a un acord important per a incorporar-lo a la nostra entitat.<\/p>\n\n\n\n<p>Nascut a <strong>Granada<\/strong><em> (08\/04\/1994)<\/em> es tracta d&#8217;un migcampista ofensiu de molta qualitat i gran visi\u00f3 de joc. Es va formar en les categories inferiors del <strong>Villarreal CF<\/strong> arribant a Divisi\u00f3 d&#8217;Honor Juvenil.<\/p>\n\n\n\n<p>Fran compta amb una dilatada experi\u00e8ncia a Segona B, Copa de Rei i Tercera Divisi\u00f3. Ha passat per l&#8217;<strong>Atl\u00e9tico Levante<\/strong>, <strong>Recreativo Granada<\/strong> (ascens a Segona B), <strong>Lucena CF <\/strong>(debut a Segona B), <strong>Socu\u00e9llamos<\/strong> (Segona B), <strong>CD Eldense<\/strong> (Tercera Divisi\u00f3), entre d&#8217;altres.<\/p>\n\n\n\n<blockquote class=\"wp-block-quote is-layout-flow wp-block-quote-is-layout-flow\"><p><strong>Fran Hern\u00e1ndez<\/strong>: \u00ab\u00c9s un orgull arribar a la Grama. Tenia ofertes de 2\u00aa RFEF per\u00f2 em vaig decantar per la Grama per diverses raons. \u00c9s un projecte incre\u00efble, molt bonic, m&#8217;han tractat molt b\u00e9 i agraeixo el gran inter\u00e8s mostrat per mi. Arribo amb ganes de jugar en una lliga molt forta.\u00bb<\/p><\/blockquote>\n\n\n\n<figure class=\"wp-block-image size-large\"><img loading=\"lazy\" decoding=\"async\" width=\"940\" height=\"788\" src=\"http:\/\/fegrama.cat\/web\/wp-content\/uploads\/2021\/06\/IMG-20210609-WA0041.jpg\" alt=\"\" class=\"wp-image-28966\" srcset=\"http:\/\/fegrama.cat\/web\/wp-content\/uploads\/2021\/06\/IMG-20210609-WA0041.jpg 940w, http:\/\/fegrama.cat\/web\/wp-content\/uploads\/2021\/06\/IMG-20210609-WA0041-300x251.jpg 300w, http:\/\/fegrama.cat\/web\/wp-content\/uploads\/2021\/06\/IMG-20210609-WA0041-768x644.jpg 768w\" sizes=\"auto, (max-width: 940px) 100vw, 940px\" \/><\/figure>\n\n\n\n<p><span style=\"font-size: inherit;\"><\/span><\/p>\n\n\n\n<p>Jos\u00e9 Francisco Hern\u00e1ndez Garc\u00eda, <strong>Fran Hern\u00e1ndez<\/strong>, se convierte en el primer fichaje de la <strong>Fundaci\u00f3 Esportiva Grama<\/strong>. El jugador llega procedente del hist\u00f3rico <strong>Real Ja\u00e9n<\/strong> de la Tercera Divisi\u00f3n, donde era capit\u00e1n.<\/p>\n\n\n\n<p><strong>Jos\u00e9 Manuel Morales<\/strong>, Directivo de la Grama e hijo de nuestro Presidente <strong>Antonio Morales<\/strong>, fue el encargado de su fichaje con el visto bueno del entrenador, <strong>Juanma<\/strong> <strong>Pons<\/strong>, y el de la Junta Directiva. Tras varias semanas negociando lleg\u00f3 a un acuerdo importante para incorporarlo a nuestra entidad.<\/p>\n\n\n\n<p>Nacido en <strong>Granada<\/strong> <strong>(08\/04\/1994)<\/strong> se trata de un centrocampista ofensivo de mucha calidad y gran visi\u00f3n de juego. Se form\u00f3 en las categor\u00edas inferiores del <strong>Villarreal CF<\/strong> llegando a Divisi\u00f3n de Honor Juvenil.<\/p>\n\n\n\n<p>Fran cuenta con una dilatada experiencia en Segunda B, Copa del Rey y Tercera Divisi\u00f3n. Ha pasado por el <strong>Atl\u00e9tico Levante<\/strong>, <strong>Recreativo Granada<\/strong> (ascenso a Segunda B), <strong>Lucena CF <\/strong>(debut en Segunda B), <strong>Socu\u00e9llamos<\/strong> (Segunda B), <strong>CD Eldense<\/strong> (Tercera Divisi\u00f3n), entre otros. <\/p>\n\n\n\n<blockquote class=\"wp-block-quote is-layout-flow wp-block-quote-is-layout-flow\"><p><strong>Fran Hern\u00e1ndez<\/strong>: \u00abEs un orgullo llegar a la Grama. Ten\u00eda ofertas de 2\u00aa RFEF pero me decant\u00e9 por la Grama por varias razones. Es un proyecto incre\u00edble, muy bonito, me han tratado muy bien y agradezco el gran inter\u00e9s mostrado por m\u00ed. Llego con ganas de jugar en una liga muy fuerte.\u00bb<span style=\"font-size: inherit;\"><\/span><\/p><\/blockquote>\n\n\n\n<p><\/p>\n","protected":false},"excerpt":{"rendered":"<p>Jos\u00e9 Francisco Hern\u00e1ndez Garc\u00eda, Fran Hern\u00e1ndez, es converteix en el primer fitxatge de la Fundaci\u00f3 Esportiva Grama. El jugador arriba procedent de l&#8217;hist\u00f2ric Real Ja\u00e9n de la Tercera Divisi\u00f3, on era capit\u00e0. Jos\u00e9 Manuel Morales, directiu de la Grama i fill del nostre President Antonio Morales, va ser l&#8217;encarregat del seu fitxatge amb el vistiplau [&hellip;]<\/p>\n","protected":false},"author":1,"featured_media":28966,"comment_status":"closed","ping_status":"closed","sticky":false,"template":"","format":"standard","meta":{"footnotes":""},"categories":[4,14,5],"tags":[],"class_list":["post-28963","post","type-post","status-publish","format-standard","has-post-thumbnail","hentry","category-base-inclusiu","category-noticies","category-primer-equip"],"_links":{"self":[{"href":"http:\/\/fegrama.cat\/web\/wp-json\/wp\/v2\/posts\/28963","targetHints":{"allow":["GET"]}}],"collection":[{"href":"http:\/\/fegrama.cat\/web\/wp-json\/wp\/v2\/posts"}],"about":[{"href":"http:\/\/fegrama.cat\/web\/wp-json\/wp\/v2\/types\/post"}],"author":[{"embeddable":true,"href":"http:\/\/fegrama.cat\/web\/wp-json\/wp\/v2\/users\/1"}],"replies":[{"embeddable":true,"href":"http:\/\/fegrama.cat\/web\/wp-json\/wp\/v2\/comments?post=28963"}],"version-history":[{"count":5,"href":"http:\/\/fegrama.cat\/web\/wp-json\/wp\/v2\/posts\/28963\/revisions"}],"predecessor-version":[{"id":28969,"href":"http:\/\/fegrama.cat\/web\/wp-json\/wp\/v2\/posts\/28963\/revisions\/28969"}],"wp:featuredmedia":[{"embeddable":true,"href":"http:\/\/fegrama.cat\/web\/wp-json\/wp\/v2\/media\/28966"}],"wp:attachment":[{"href":"http:\/\/fegrama.cat\/web\/wp-json\/wp\/v2\/media?parent=28963"}],"wp:term":[{"taxonomy":"category","embeddable":true,"href":"http:\/\/fegrama.cat\/web\/wp-json\/wp\/v2\/categories?post=28963"},{"taxonomy":"post_tag","embeddable":true,"href":"http:\/\/fegrama.cat\/web\/wp-json\/wp\/v2\/tags?post=28963"}],"curies":[{"name":"wp","href":"https:\/\/api.w.org\/{rel}","templated":true}]}}