{"id":28953,"date":"2021-06-07T18:34:11","date_gmt":"2021-06-07T17:34:11","guid":{"rendered":"http:\/\/fegrama.cat\/web\/?p=28953"},"modified":"2021-06-07T18:34:12","modified_gmt":"2021-06-07T17:34:12","slug":"victoria-pel-cadet-d-que-els-col%c2%b7loca-en-la-tercera-posicio","status":"publish","type":"post","link":"http:\/\/fegrama.cat\/web\/victoria-pel-cadet-d-que-els-col%c2%b7loca-en-la-tercera-posicio\/","title":{"rendered":"Vict\u00f2ria pel Cadet \u00abD\u00bb que els col\u00b7loca en la tercera posici\u00f3!"},"content":{"rendered":"\n<p><strong>Sagrat Cor 1 &#8211; Cadet \u00abD\u00bb 4<\/strong><\/p>\n\n\n\n<p>Vict\u00f2ria d&#8217;ofici del Cadet \u00abD\u00bb, en un camp de dimensions molt redu\u00efdes on els colomencs no van poder practicar el futbol a qu\u00e8 estan acostumats &#8230; L&#8217;equip va saber llegir el partit i prioritzo acumular jugadors en carrils centrals per robar en zones altes i finalitzar les jugades r\u00e0pides. La primera part va acabar en 2 a 0 amb un partit poc vist\u00f3s, va dominar el joc aeri, les disputes i les segones accions. La segona part els nostres m\u00e9s relaxats van c\u00f3rrer m\u00e9s riscos amb la sortida de pilota i van fer una segona part bon\u00edssima, van comen\u00e7ar a rodar com \u00e9s habitual en ells i li van treure la pilota al rival tota la segona part, van marcar dos m\u00e9s, per\u00f2 van poder haver estat m\u00e9s gols &#8230; El Sagrat Cor marcar el seu gol de penal per maquillar el resultat d&#8217;un partit molt complet pels blaus. Els gols els van marcar Peter, Omar,\u00a0Carlos\u00a0i\u00a0Ra\u00fal.<br>Bona vict\u00f2ria per col\u00b7locar-se en la tercera posici\u00f3 i d\u00f3na confian\u00e7a per jugar el partit ajornat entre setmana per veure si el nostre Cadet a la fi pot complir el seu objectiu de quedar subcampions.<\/p>\n\n\n\n<p><\/p>\n\n\n\n<p><\/p>\n\n\n\n<hr class=\"wp-block-separator\"\/>\n\n\n\n<p><\/p>\n\n\n\n<p><strong>Sagrat Cor 1 &#8211; Cadete \u00abD\u00bb 4<\/strong><\/p>\n\n\n\n<p>Victoria de oficio del Cadete \u201cD\u201d, en un campo de dimensiones muy reducidas donde los colomenses no pudieron practicar el f\u00fatbol al que est\u00e1n acostumbrados\u2026 El equipo supo leer el partido y priorizo acumular jugadores en carriles centrales para robar en zonas altas y finalizar las jugadas r\u00e1pidas. La primera parte acab\u00f3 en 2 a 0 con un partido poco vistoso, domin\u00f3 el juego a\u00e9reo, las disputas y las segundas acciones. La segunda parte los nuestros m\u00e1s relajados corrieron m\u00e1s riesgos con la salida de bal\u00f3n e hicieron una segunda parte buen\u00edsima, comenzaron a rodar como es habitual en ellos y le quitaron el bal\u00f3n al rival toda la segunda parte, marcaron dos m\u00e1s pero pudieron haber sido m\u00e1s goles\u2026 el Sagrat Cor marc\u00f3 su gol de penalti para maquillar el resultado de un partido muy completo por los azules. Los goles los marcaron Peter, Omar, Carlos y Ra\u00fal. Buena victoria para colocarse en la tercera posici\u00f3n y da confianza para jugar el partido aplazado entre semana para ver si nuestro Cadete al final puede cumplir su objetivo de quedar subcampeones.<\/p>\n","protected":false},"excerpt":{"rendered":"<p>Sagrat Cor 1 &#8211; Cadet \u00abD\u00bb 4 Vict\u00f2ria d&#8217;ofici del Cadet \u00abD\u00bb, en un camp de dimensions molt redu\u00efdes on els colomencs no van poder practicar el futbol a qu\u00e8 estan acostumats &#8230; L&#8217;equip va saber llegir el partit i prioritzo acumular jugadors en carrils centrals per robar en zones altes i finalitzar les jugades [&hellip;]<\/p>\n","protected":false},"author":1,"featured_media":0,"comment_status":"closed","ping_status":"closed","sticky":false,"template":"","format":"standard","meta":{"footnotes":""},"categories":[7],"tags":[],"class_list":["post-28953","post","type-post","status-publish","format-standard","hentry","category-cadets"],"_links":{"self":[{"href":"http:\/\/fegrama.cat\/web\/wp-json\/wp\/v2\/posts\/28953","targetHints":{"allow":["GET"]}}],"collection":[{"href":"http:\/\/fegrama.cat\/web\/wp-json\/wp\/v2\/posts"}],"about":[{"href":"http:\/\/fegrama.cat\/web\/wp-json\/wp\/v2\/types\/post"}],"author":[{"embeddable":true,"href":"http:\/\/fegrama.cat\/web\/wp-json\/wp\/v2\/users\/1"}],"replies":[{"embeddable":true,"href":"http:\/\/fegrama.cat\/web\/wp-json\/wp\/v2\/comments?post=28953"}],"version-history":[{"count":1,"href":"http:\/\/fegrama.cat\/web\/wp-json\/wp\/v2\/posts\/28953\/revisions"}],"predecessor-version":[{"id":28954,"href":"http:\/\/fegrama.cat\/web\/wp-json\/wp\/v2\/posts\/28953\/revisions\/28954"}],"wp:attachment":[{"href":"http:\/\/fegrama.cat\/web\/wp-json\/wp\/v2\/media?parent=28953"}],"wp:term":[{"taxonomy":"category","embeddable":true,"href":"http:\/\/fegrama.cat\/web\/wp-json\/wp\/v2\/categories?post=28953"},{"taxonomy":"post_tag","embeddable":true,"href":"http:\/\/fegrama.cat\/web\/wp-json\/wp\/v2\/tags?post=28953"}],"curies":[{"name":"wp","href":"https:\/\/api.w.org\/{rel}","templated":true}]}}