{"id":28949,"date":"2021-06-07T17:56:49","date_gmt":"2021-06-07T16:56:49","guid":{"rendered":"http:\/\/fegrama.cat\/web\/?p=28949"},"modified":"2021-06-07T17:57:37","modified_gmt":"2021-06-07T16:57:37","slug":"croniques-dels-benjamins","status":"publish","type":"post","link":"http:\/\/fegrama.cat\/web\/croniques-dels-benjamins\/","title":{"rendered":"Cr\u00f2niques dels Benjamins amb les golejades de l'\u00bbA\u00bb i l'\u00bbE\u00bb."},"content":{"rendered":"\n<p><strong>Benjam\u00ed \u00abA\u00bb 7 &#8211; Damm 1<\/strong><\/p>\n\n\n\n<p>Al Benjam\u00ed \u00abA\u00bb ja no hi ha qui ho pari i lluitar\u00e0 fins a l&#8217;\u00faltim partit per competir la lliga!<br>Aquest cap de setmana es va jugar un partit poc brillant, per\u00f2\u00a0s\u00ed molt efectiu que s&#8217;ha saldat amb 7 a 1.<br>A seguir treballant per arribar als objectius, ja queda molt poc.<br>Felicitats!<\/p>\n\n\n\n<hr class=\"wp-block-separator is-style-dots\"\/>\n\n\n\n<p><\/p>\n\n\n\n<p><strong>Benjam\u00ed \u00abA\u00bb 7 &#8211; Damm 1<\/strong><\/p>\n\n\n\n<p>Al Benjam\u00edn \u201cA\u201d ya no hay quien lo pare y luchar\u00e1 hasta el \u00faltimo partido por competir la liga. Este fin de semana se jug\u00f3 un partido poco brillante pero s\u00ed muy efectivo que se ha saldado con 7 a 1. A seguir trabajando para llegar a los objetivos, ya queda muy poco.<\/p>\n\n\n\n<p>\u00a1Felicidades!<\/p>\n\n\n\n<p><\/p>\n\n\n\n<hr class=\"wp-block-separator is-style-wide\"\/>\n\n\n\n<p><\/p>\n\n\n\n<p><strong>Catalonia\u00a04 &#8211; Benjam\u00ed \u00abB\u00bb 2<\/strong><\/p>\n\n\n\n<p>Als nois del Benjam\u00ed \u00abB\u00bb se&#8217;ls va complicar el partit des del primer minut despr\u00e9s d&#8217;un error a la sortida de pilota. Els contraris van pressionar amb tres dalt i r\u00e0pidament els nostres van canviar el sistema per poder sumar punts. Se segueix jugant, per\u00f2 la Grama no feia el seu joc de toc, contagiant-se del joc directe del\u00a0Catalonia.<\/p>\n\n\n\n<p>Despr\u00e9s&nbsp;del&nbsp;2 a 0 la Grama es va ficar m\u00e9s en el partit i gr\u00e0cies a un gol d&#8217;Edgar per una passada d&#8217;Hugo&nbsp;semblava que s&#8217;entenia el cam\u00ed a seguir; per\u00f2 de nou un error penalitza els nostres.<br>Va costar reaccionar i el partit es va sentenciar amb 4 a 2 gr\u00e0cies a un segon gol\u00e0s d&#8217;Eduard.<\/p>\n\n\n\n<p><\/p>\n\n\n\n<p><\/p>\n\n\n\n<hr class=\"wp-block-separator is-style-dots\"\/>\n\n\n\n<p><\/p>\n\n\n\n<p><strong>Catalonia 4 &#8211; Benjam\u00edn \u201cB\u201d 2\u00a0<\/strong><\/p>\n\n\n\n<p>A los chicos del Benjam\u00edn \u201cB\u201d se les complic\u00f3 el partido desde el primer minuto tras un erros en la salida de bal\u00f3n. Los contrarios presionaron con tres arriba y r\u00e1pidamente los nuestros cambiaron el sistema para poder sumar puntos. Se sigue jugando pero la Grama no hac\u00eda su juego de toque, contagi\u00e1ndose del juego directo del Catalonia.&nbsp;<\/p>\n\n\n\n<p>Despu\u00e9s del 2 a 0 la Grama se mete m\u00e1s en el partido y gracias a un gol de Edgar a pase de Hugo parec\u00eda que se entend\u00eda el camino a seguir; pero de nuevo un error penaliza a los nuestros.&nbsp;<\/p>\n\n\n\n<p>Cost\u00f3 reaccionar y el partido se sentenci\u00f3 con 4 a 2 gracias a un segundo golazo de Eduard.<\/p>\n\n\n\n<p><\/p>\n\n\n\n<p><\/p>\n\n\n\n<hr class=\"wp-block-separator is-style-wide\"\/>\n\n\n\n<p><strong>J\u00fapiter 2 -Benjam\u00ed \u00abE\u00bb 5<\/strong><br>Aquest cap de setmana el Benjam\u00ed \u00abE\u00bb ha guanyat al camp del J\u00fapiter i ha acabat col\u00edder de la lliga.<\/p>\n\n\n\n<p>La grama comen\u00e7aria guanyant amb un gol d&#8217;Adri des de fora de l&#8217;\u00e0rea, per\u00f2 l&#8217;equip local cap giraria el resultat amb un 1-2, tot i que finalment la grama va despertar a la segona part, amb un estel\u00b7lar el jugador\u00a0Luay\u00a0comen\u00e7aria la remuntada que amb dos grans gols que posarien a la Grama en 2 a 3. Sense oblidar-nos de qu\u00e8\u00a0Hugo\u00a0i \u00c1lvaro\u00a0acabarien\u00a0de culminar la remuntada.<\/p>\n\n\n\n<p><\/p>\n\n\n\n<hr class=\"wp-block-separator is-style-dots\"\/>\n\n\n\n<p><\/p>\n\n\n\n<p><strong>J\u00fapiter 2 -Benjam\u00edn \u00abE\u00bb 5<\/strong><\/p>\n\n\n\n<p>Este fin de semana el Benjam\u00edn \u00abE\u00bb ha ganado en el campo del J\u00fapiter y ha acabado col\u00edder de la liga. <\/p>\n\n\n\n<p>La Grama empezar\u00eda ganando con un gol de Adri desde fuera del \u00e1rea, pero el equipo local hacia girar el resultado con un 1-2, aunque finalmente la grama despert\u00f3 en la segunda parte, con una estelar el jugador Luay comenzar\u00eda la remontada que con dos grandes goles que pondr\u00edan a la Grama en 2 a 3. Sin olvidarnos de que Hugo y \u00c1lvaro acabar\u00edan de culminar la remontada.<\/p>\n","protected":false},"excerpt":{"rendered":"<p>Benjam\u00ed \u00abA\u00bb 7 &#8211; Damm 1 Al Benjam\u00ed \u00abA\u00bb ja no hi ha qui ho pari i lluitar\u00e0 fins a l&#8217;\u00faltim partit per competir la lliga!Aquest cap de setmana es va jugar un partit poc brillant, per\u00f2\u00a0s\u00ed molt efectiu que s&#8217;ha saldat amb 7 a 1.A seguir treballant per arribar als objectius, ja queda molt [&hellip;]<\/p>\n","protected":false},"author":1,"featured_media":28950,"comment_status":"closed","ping_status":"closed","sticky":false,"template":"","format":"standard","meta":{"footnotes":""},"categories":[11],"tags":[],"class_list":["post-28949","post","type-post","status-publish","format-standard","has-post-thumbnail","hentry","category-benjamins"],"_links":{"self":[{"href":"http:\/\/fegrama.cat\/web\/wp-json\/wp\/v2\/posts\/28949","targetHints":{"allow":["GET"]}}],"collection":[{"href":"http:\/\/fegrama.cat\/web\/wp-json\/wp\/v2\/posts"}],"about":[{"href":"http:\/\/fegrama.cat\/web\/wp-json\/wp\/v2\/types\/post"}],"author":[{"embeddable":true,"href":"http:\/\/fegrama.cat\/web\/wp-json\/wp\/v2\/users\/1"}],"replies":[{"embeddable":true,"href":"http:\/\/fegrama.cat\/web\/wp-json\/wp\/v2\/comments?post=28949"}],"version-history":[{"count":2,"href":"http:\/\/fegrama.cat\/web\/wp-json\/wp\/v2\/posts\/28949\/revisions"}],"predecessor-version":[{"id":28952,"href":"http:\/\/fegrama.cat\/web\/wp-json\/wp\/v2\/posts\/28949\/revisions\/28952"}],"wp:featuredmedia":[{"embeddable":true,"href":"http:\/\/fegrama.cat\/web\/wp-json\/wp\/v2\/media\/28950"}],"wp:attachment":[{"href":"http:\/\/fegrama.cat\/web\/wp-json\/wp\/v2\/media?parent=28949"}],"wp:term":[{"taxonomy":"category","embeddable":true,"href":"http:\/\/fegrama.cat\/web\/wp-json\/wp\/v2\/categories?post=28949"},{"taxonomy":"post_tag","embeddable":true,"href":"http:\/\/fegrama.cat\/web\/wp-json\/wp\/v2\/tags?post=28949"}],"curies":[{"name":"wp","href":"https:\/\/api.w.org\/{rel}","templated":true}]}}