{"id":28946,"date":"2021-06-07T16:27:30","date_gmt":"2021-06-07T15:27:30","guid":{"rendered":"http:\/\/fegrama.cat\/web\/?p=28946"},"modified":"2021-09-27T10:38:28","modified_gmt":"2021-09-27T09:38:28","slug":"empat-de-linfantil-b-contra-el-llefia-a-casa","status":"publish","type":"post","link":"http:\/\/fegrama.cat\/web\/empat-de-linfantil-b-contra-el-llefia-a-casa\/","title":{"rendered":"Empat de l&#8217;Infantil \u00abB\u00bb contra el Llefi\u00e0 a casa."},"content":{"rendered":"\n<p><strong>Infantil \u201cB\u201d 2 &#8211; Llefi\u00e0 2<\/strong><\/p>\n\n\n\n<p>Partit a casa el mat\u00ed de diumenge del nostre Infantil contra el Llefi\u00e0.<\/p>\n\n\n\n<p>Als nostres els va costar sortir, el que va causar p\u00e8rdues que van provocar contres molt perilloses; quan es volia parar hi havia faltes innecess\u00e0ries a la vora. Despr\u00e9s d&#8217;un parell de pilotes a l&#8217;esquena es va aconseguir el gol de la Grama i poc despr\u00e9s la pilota anant d&#8217;esquerra a dreta d\u00f3na avantatge als contraris.<\/p>\n\n\n\n<p>Arribada la segona part i parlant les t\u00e8cniques, la Grama va saber defensar millor, amb m\u00e9s ajudes i menys faltes aconseguint l&#8217;empat.<\/p>\n\n\n\n<figure class=\"wp-block-image size-large\"><img loading=\"lazy\" decoding=\"async\" width=\"563\" height=\"371\" src=\"http:\/\/fegrama.cat\/web\/wp-content\/uploads\/2021\/06\/WhatsApp-Image-2021-06-07-at-14.49.14.jpeg\" alt=\"\" class=\"wp-image-28947\" srcset=\"http:\/\/fegrama.cat\/web\/wp-content\/uploads\/2021\/06\/WhatsApp-Image-2021-06-07-at-14.49.14.jpeg 563w, http:\/\/fegrama.cat\/web\/wp-content\/uploads\/2021\/06\/WhatsApp-Image-2021-06-07-at-14.49.14-300x198.jpeg 300w\" sizes=\"auto, (max-width: 563px) 100vw, 563px\" \/><\/figure>\n\n\n\n<hr class=\"wp-block-separator\"\/>\n\n\n\n<p><\/p>\n\n\n\n<p><strong>Infantil \u201cB\u201d 2 &#8211; Llefi\u00e0 2<\/strong><\/p>\n\n\n\n<p>Partido en casa la ma\u00f1ana del domingo de nuestro Infantil contra el Llefi\u00e0.&nbsp;<\/p>\n\n\n\n<p>A los nuestros les cost\u00f3 salir, lo que caus\u00f3 p\u00e9rdidas que provocaron contras muy peligrosas; cuando se quer\u00eda parar hab\u00edan faltas innecesarias al borde. Despu\u00e9s de un par de balones a la espalda se consigui\u00f3 el gol de la Grama y poco despu\u00e9s el bal\u00f3n yendo de izquierda a derecha da ventaja a los contrarios.&nbsp;<\/p>\n\n\n\n<p>Llegada la segunda parte y hablando las t\u00e9cnicas, la Grama supo defender mejor, con m\u00e1s ayudas y menos faltas consiguiendo el empate.<\/p>\n","protected":false},"excerpt":{"rendered":"<p>Infantil \u201cB\u201d 2 &#8211; Llefi\u00e0 2 Partit a casa el mat\u00ed de diumenge del nostre Infantil contra el Llefi\u00e0. Als nostres els va costar sortir, el que va causar p\u00e8rdues que van provocar contres molt perilloses; quan es volia parar hi havia faltes innecess\u00e0ries a la vora. Despr\u00e9s d&#8217;un parell de pilotes a l&#8217;esquena es [&hellip;]<\/p>\n","protected":false},"author":1,"featured_media":28947,"comment_status":"closed","ping_status":"closed","sticky":false,"template":"","format":"standard","meta":{"footnotes":""},"categories":[9],"tags":[],"class_list":["post-28946","post","type-post","status-publish","format-standard","has-post-thumbnail","hentry","category-infantils"],"_links":{"self":[{"href":"http:\/\/fegrama.cat\/web\/wp-json\/wp\/v2\/posts\/28946","targetHints":{"allow":["GET"]}}],"collection":[{"href":"http:\/\/fegrama.cat\/web\/wp-json\/wp\/v2\/posts"}],"about":[{"href":"http:\/\/fegrama.cat\/web\/wp-json\/wp\/v2\/types\/post"}],"author":[{"embeddable":true,"href":"http:\/\/fegrama.cat\/web\/wp-json\/wp\/v2\/users\/1"}],"replies":[{"embeddable":true,"href":"http:\/\/fegrama.cat\/web\/wp-json\/wp\/v2\/comments?post=28946"}],"version-history":[{"count":2,"href":"http:\/\/fegrama.cat\/web\/wp-json\/wp\/v2\/posts\/28946\/revisions"}],"predecessor-version":[{"id":29465,"href":"http:\/\/fegrama.cat\/web\/wp-json\/wp\/v2\/posts\/28946\/revisions\/29465"}],"wp:featuredmedia":[{"embeddable":true,"href":"http:\/\/fegrama.cat\/web\/wp-json\/wp\/v2\/media\/28947"}],"wp:attachment":[{"href":"http:\/\/fegrama.cat\/web\/wp-json\/wp\/v2\/media?parent=28946"}],"wp:term":[{"taxonomy":"category","embeddable":true,"href":"http:\/\/fegrama.cat\/web\/wp-json\/wp\/v2\/categories?post=28946"},{"taxonomy":"post_tag","embeddable":true,"href":"http:\/\/fegrama.cat\/web\/wp-json\/wp\/v2\/tags?post=28946"}],"curies":[{"name":"wp","href":"https:\/\/api.w.org\/{rel}","templated":true}]}}