{"id":28938,"date":"2021-06-07T10:41:10","date_gmt":"2021-06-07T09:41:10","guid":{"rendered":"http:\/\/fegrama.cat\/web\/?p=28938"},"modified":"2021-06-07T10:41:10","modified_gmt":"2021-06-07T09:41:10","slug":"victoria-pels-del-cadet-c-contra-el-martinenc","status":"publish","type":"post","link":"http:\/\/fegrama.cat\/web\/victoria-pels-del-cadet-c-contra-el-martinenc\/","title":{"rendered":"Vict\u00f2ria pels del Cadet \u00abC\u00bb contra el Martinenc."},"content":{"rendered":"\n<p><strong>Cadet \u00abC\u00bb 4 &#8211; Martinenc 3<\/strong><\/p>\n\n\n\n<p>Aquest cap de setmana passat el Cadet \u00abC\u00bb va sortir amb molta intensitat i atenent els comportaments en l&#8217;\u00e0mbit ofensiu treballats en tan sols cinc entrenaments des que va entrar el nou entrenador de l&#8217;equip.<br><\/p>\n\n\n\n<p>Es van concedir molts espais\u00a0a nivell defensiu\u00a0i va faltar millorar la pressi\u00f3 despr\u00e9s de p\u00e8rdua entre moltes altres coses. <\/p>\n\n\n\n<p>L&#8217;equip tot i tenir el resultat en contra mai va perdre la fe, i per orgull, a m\u00e9s de tantes ocasions de gol, van aconseguir remuntar el partit merescudament.<\/p>\n\n\n\n<p><\/p>\n\n\n\n<hr class=\"wp-block-separator\"\/>\n\n\n\n<p><\/p>\n\n\n\n<p><strong>Cadet \u00abC\u00bb 4 &#8211; Martinenc 3<\/strong><\/p>\n\n\n\n<p>Este fin de semana pasado el Cadete \u201cC\u201d sali\u00f3 con mucha intensidad y atendiendo los comportamientos a nivel ofensivo trabajados en tan solo cinco entrenamientos desde que entr\u00f3 el nuevo entrenador del equipo.&nbsp;<\/p>\n\n\n\n<p>Se concedieron muchos espacios a nivel defensivo y falt\u00f3 mejorar la presi\u00f3n tras p\u00e9rdida entre muchas otras cosas.\u00a0<\/p>\n\n\n\n<p>El equipo a pesar de tener el resultado en contra nunca perdi\u00f3 la f\u00e9 y por orgullo, adem\u00e1s de tantas ocasiones de gol, consiguieron remontar el partido merecidamente.<\/p>\n","protected":false},"excerpt":{"rendered":"<p>Cadet \u00abC\u00bb 4 &#8211; Martinenc 3 Aquest cap de setmana passat el Cadet \u00abC\u00bb va sortir amb molta intensitat i atenent els comportaments en l&#8217;\u00e0mbit ofensiu treballats en tan sols cinc entrenaments des que va entrar el nou entrenador de l&#8217;equip. Es van concedir molts espais\u00a0a nivell defensiu\u00a0i va faltar millorar la pressi\u00f3 despr\u00e9s de [&hellip;]<\/p>\n","protected":false},"author":1,"featured_media":28939,"comment_status":"closed","ping_status":"closed","sticky":false,"template":"","format":"standard","meta":{"footnotes":""},"categories":[7],"tags":[],"class_list":["post-28938","post","type-post","status-publish","format-standard","has-post-thumbnail","hentry","category-cadets"],"_links":{"self":[{"href":"http:\/\/fegrama.cat\/web\/wp-json\/wp\/v2\/posts\/28938","targetHints":{"allow":["GET"]}}],"collection":[{"href":"http:\/\/fegrama.cat\/web\/wp-json\/wp\/v2\/posts"}],"about":[{"href":"http:\/\/fegrama.cat\/web\/wp-json\/wp\/v2\/types\/post"}],"author":[{"embeddable":true,"href":"http:\/\/fegrama.cat\/web\/wp-json\/wp\/v2\/users\/1"}],"replies":[{"embeddable":true,"href":"http:\/\/fegrama.cat\/web\/wp-json\/wp\/v2\/comments?post=28938"}],"version-history":[{"count":1,"href":"http:\/\/fegrama.cat\/web\/wp-json\/wp\/v2\/posts\/28938\/revisions"}],"predecessor-version":[{"id":28940,"href":"http:\/\/fegrama.cat\/web\/wp-json\/wp\/v2\/posts\/28938\/revisions\/28940"}],"wp:featuredmedia":[{"embeddable":true,"href":"http:\/\/fegrama.cat\/web\/wp-json\/wp\/v2\/media\/28939"}],"wp:attachment":[{"href":"http:\/\/fegrama.cat\/web\/wp-json\/wp\/v2\/media?parent=28938"}],"wp:term":[{"taxonomy":"category","embeddable":true,"href":"http:\/\/fegrama.cat\/web\/wp-json\/wp\/v2\/categories?post=28938"},{"taxonomy":"post_tag","embeddable":true,"href":"http:\/\/fegrama.cat\/web\/wp-json\/wp\/v2\/tags?post=28938"}],"curies":[{"name":"wp","href":"https:\/\/api.w.org\/{rel}","templated":true}]}}