{"id":28935,"date":"2021-06-07T09:55:55","date_gmt":"2021-06-07T08:55:55","guid":{"rendered":"http:\/\/fegrama.cat\/web\/?p=28935"},"modified":"2021-06-07T09:56:02","modified_gmt":"2021-06-07T08:56:02","slug":"una-victoria-mes-pels-del-cadet-b","status":"publish","type":"post","link":"http:\/\/fegrama.cat\/web\/una-victoria-mes-pels-del-cadet-b\/","title":{"rendered":"Una vict\u00f2ria m\u00e9s pels del Cadet \u00abB\u00bb!"},"content":{"rendered":"\n<p><strong>Fundaci\u00f3 J\u00fapiter \u00abA\u00bb 0 &#8211; Cadet \u00abB\u00bb 2<\/strong><\/p>\n\n\n\n<p>Dissabte. Quatre de la tarda. Municipal de&nbsp;l&#8217;CEM&nbsp;J\u00fapiter. Aquest era el dia, l&#8217;hora i el lloc del partit entre el primer classificat: el nostre cadet B; i el tercer classificat de la competici\u00f3, el cadet A de la Fundaci\u00f3 P. C.E. J\u00fapiter.<\/p>\n\n\n\n<p>Si guanyaven els forans, sentenciaven les esperances de ser campi\u00f3&nbsp;dels gris-grana, i aix\u00ed va ser.<\/p>\n\n\n\n<p>El partit, en els compassos inicials es va moure sota del previst, respecte pel rival i precaucions per les dues parts, encara que amb una difer\u00e8ncia essencial: els de la Fundaci\u00f3 Grama van ser gaireb\u00e9, totalment dominadors de la disposici\u00f3 de la pilota, fent v\u00e0lid all\u00f2 de qu\u00e8 la millor defensa \u00e9s un bon atac.<\/p>\n\n\n\n<p>Aquest factor va ser el culpable que, pr\u00e0cticament es jugu\u00e9s al mig camp dels locals i que&nbsp;Miguel&nbsp;i&nbsp;Yeray&nbsp;posessin un clar 0-2 abans de la mitja part. Malgrat tot, els partits tenen un gran component d&#8217;atzar i despr\u00e9s d&#8217;un bon contraatac dels locals, un innocent penal dels visitants li va donar l&#8217;oportunitat al J\u00fapiter d&#8217;escur\u00e7ar dist\u00e0ncies. Aquest atzar va voler que el penal es llanc\u00e9s fora dels tres pals i, d&#8217;aquesta manera, es conserv\u00e9s l&#8217;avantatge.<\/p>\n\n\n\n<p>La segona part, per als de la Verneda, era un matar o morir, i aix\u00f2 els va fer ser molt m\u00e9s actius en la pressi\u00f3, buscant algunes ocasions amb qu\u00e8 escur\u00e7ar dist\u00e0ncies i poder optar a puntuar. A m\u00e9s, despr\u00e9s de l&#8217;expulsi\u00f3 d&#8217;un component de l&#8217;equip dels de Santa Coloma, tot semblava de cara.<\/p>\n\n\n\n<p>Res m\u00e9s lluny de la realitat, ja que malgrat tot, els blaus van ser capa\u00e7os de, a trav\u00e9s de la pilota, aconseguir tenir al rival controlat i no sentint grans dificultats en defensa. Abans d&#8217;acabar, una desgr\u00e0cia: fractura de canell amb despla\u00e7ament de Bruno que deixa un sabor agredol\u00e7 despr\u00e9s del partit.<\/p>\n\n\n\n<p>Tant de bo, en la pr\u00f2xima jornada, a casa, es pugui aconseguir el triomf i, d&#8217;aquesta manera, el campionat.<\/p>\n\n\n\n<p>Els components del cos t\u00e8cnic es van mostrar molt satisfets i ens van deixar aquestes paraules: \u00abSab\u00edem que els tres punts d&#8217;avui eren molt importants per eliminar a un rival directe i l&#8217;equip ha tingut una personalitat aclaparadora. Tot i les adversitats en forma d&#8217;expulsi\u00f3 i de greu lesi\u00f3 d&#8217;un company, la maduresa i confian\u00e7a amb qu\u00e8 han jugat s\u00f3n dignes d&#8217;elogi. No sabem qu\u00e8 passar\u00e0 d&#8217;aqu\u00ed a final de temporada, per\u00f2 mai \u00e9s f\u00e0cil guanyar 11 partits consecutius i ens sentim molt orgullosos d&#8217;aquests jugadors. Sens dubte, malgrat tot, vam marxar una mica tristos per la lesi\u00f3 de Bruno. Li desitgem que es recuperi tan aviat com es pugui i aix\u00ed pugui tornar a gaudir del futbol i el futbol d&#8217;ell.\u00bb<\/p>\n\n\n\n<p><\/p>\n\n\n\n<hr class=\"wp-block-separator\"\/>\n\n\n\n<p><\/p>\n\n\n\n<p><strong>Fundaci\u00f3 J\u00fapiter \u00abA\u00bb 0 &#8211; Cadet \u00abB\u00bb 2<\/strong><\/p>\n\n\n\n<p>S\u00e1bado. Cuatro de la tarde. Municipal del CEM J\u00fapiter. Ese era el d\u00eda, la hora y el lugar del partido entre el primer clasificado: nuestro cadete B; y el tercer clasificado de la competici\u00f3n, el cadete A de la Fundaci\u00f3 P. C.E. J\u00fapiter. <\/p>\n\n\n\n<p>Si ganaban los for\u00e1neos, sentenciaban las esperanzas de campeonar de los gris-grana, y as\u00ed fue. <\/p>\n\n\n\n<p>El partido, en los compases iniciales se movi\u00f3 bajo lo previsto, respeto por el rival y precauciones por ambas partes, aunque con una diferencia esencial: los de la Fundaci\u00f3 Grama fueron casi por completo dominadores de la disposici\u00f3n de la pelota, haciendo v\u00e1lido aquello de que la mejor defensa es un buen ataque. <\/p>\n\n\n\n<p>Ese factor fue el culpable de que, pr\u00e1cticamente se jugara en el medio campo de los locales y que Miguel y Yeray pusieran un claro 0-2 antes del descanso. A pesar de todo, los partidos tienen un gran componente de azar y tras un buen contraataque de los locales, un inocente penalti de los visitantes le dio la oportunidad al J\u00fapiter de acortar distancias. Ese azar quiso que el penalti se lanzara fuera de los tres palos y, de esta manera, se conservara la ventaja. <\/p>\n\n\n\n<p>La segunda parte, para los de la Verneda, era un matar o morir, y eso les hizo ser mucho m\u00e1s activos en la presi\u00f3n, buscando algunas ocasiones con las que acortar distancias y poder optar a puntuar. Adem\u00e1s, tras la expulsi\u00f3n de un componente del equipo de los de Santa Coloma, todo parec\u00eda de cara. <\/p>\n\n\n\n<p>Nada m\u00e1s lejos de la realidad ya que, a pesar de todo, los azulones fueron capaces de, a trav\u00e9s de la pelota, conseguir tener al rival controlado y no sintiendo grandes apuros en defensa. Antes de acabar, una desgracia: fractura de mu\u00f1eca con desplazamiento de Bruno que deja un sabor agridulce tras el partido. <\/p>\n\n\n\n<p>Ojal\u00e1, en la pr\u00f3xima jornada, en casa, se pueda lograr el triunfo y, de esta manera, el campeonato. <\/p>\n\n\n\n<p>Los componentes del cuerpo t\u00e9cnico se mostraron muy satisfechos y nos dejaron estas palabras: \u00abSab\u00edamos que los tres puntos de hoy eran muy importantes para eliminar a un rival directo y el equipo ha tenido una personalidad aplastante. A pesar de las adversidades en forma de expulsi\u00f3n y de grave lesi\u00f3n de un compa\u00f1ero, la madurez y confianza con la que han jugado son dignas de elogio. No sabemos qu\u00e9 pasara de aqu\u00ed a final de temporada, pero nunca es f\u00e1cil ganar 11 partidos consecutivos y nos sentimos muy orgullosos de estos jugadores. Sin duda, a pesar de todo, nos marchamos algo tristes por la lesi\u00f3n de Bruno. Le deseamos que se recupere lo antes posible y as\u00ed pueda volver a disfrutar del f\u00fatbol y el f\u00fatbol de \u00e9l.\u00bb<\/p>\n","protected":false},"excerpt":{"rendered":"<p>Fundaci\u00f3 J\u00fapiter \u00abA\u00bb 0 &#8211; Cadet \u00abB\u00bb 2 Dissabte. Quatre de la tarda. Municipal de&nbsp;l&#8217;CEM&nbsp;J\u00fapiter. Aquest era el dia, l&#8217;hora i el lloc del partit entre el primer classificat: el nostre cadet B; i el tercer classificat de la competici\u00f3, el cadet A de la Fundaci\u00f3 P. C.E. J\u00fapiter. Si guanyaven els forans, sentenciaven les [&hellip;]<\/p>\n","protected":false},"author":1,"featured_media":0,"comment_status":"closed","ping_status":"closed","sticky":false,"template":"","format":"standard","meta":{"footnotes":""},"categories":[7],"tags":[],"class_list":["post-28935","post","type-post","status-publish","format-standard","hentry","category-cadets"],"_links":{"self":[{"href":"http:\/\/fegrama.cat\/web\/wp-json\/wp\/v2\/posts\/28935","targetHints":{"allow":["GET"]}}],"collection":[{"href":"http:\/\/fegrama.cat\/web\/wp-json\/wp\/v2\/posts"}],"about":[{"href":"http:\/\/fegrama.cat\/web\/wp-json\/wp\/v2\/types\/post"}],"author":[{"embeddable":true,"href":"http:\/\/fegrama.cat\/web\/wp-json\/wp\/v2\/users\/1"}],"replies":[{"embeddable":true,"href":"http:\/\/fegrama.cat\/web\/wp-json\/wp\/v2\/comments?post=28935"}],"version-history":[{"count":2,"href":"http:\/\/fegrama.cat\/web\/wp-json\/wp\/v2\/posts\/28935\/revisions"}],"predecessor-version":[{"id":28937,"href":"http:\/\/fegrama.cat\/web\/wp-json\/wp\/v2\/posts\/28935\/revisions\/28937"}],"wp:attachment":[{"href":"http:\/\/fegrama.cat\/web\/wp-json\/wp\/v2\/media?parent=28935"}],"wp:term":[{"taxonomy":"category","embeddable":true,"href":"http:\/\/fegrama.cat\/web\/wp-json\/wp\/v2\/categories?post=28935"},{"taxonomy":"post_tag","embeddable":true,"href":"http:\/\/fegrama.cat\/web\/wp-json\/wp\/v2\/tags?post=28935"}],"curies":[{"name":"wp","href":"https:\/\/api.w.org\/{rel}","templated":true}]}}