{"id":28878,"date":"2021-05-24T10:56:56","date_gmt":"2021-05-24T09:56:56","guid":{"rendered":"http:\/\/fegrama.cat\/web\/?p=28878"},"modified":"2021-05-24T10:56:57","modified_gmt":"2021-05-24T09:56:57","slug":"croniques-dels-infantils-on-tocara-seguint-treballant","status":"publish","type":"post","link":"http:\/\/fegrama.cat\/web\/croniques-dels-infantils-on-tocara-seguint-treballant\/","title":{"rendered":"Cr\u00f2niques dels Infantils on tocar\u00e0 seguint treballant"},"content":{"rendered":"\n<p><br><strong>Mercantil 3 &#8211; Infantil \u00abB\u00bb 0<\/strong><\/p>\n\n\n\n<p>Partit contra el Mercantil el del passat Domingo del nostre Infantil \u00abB\u00bb en el qual la Grama va comen\u00e7ar sent \u00abcompactes defensivament\u00bb. Va haver-hi ocasions de gol pels dos equips, en la qual cal remarcar la\u00a0de Aday\u00a0i la d&#8217;Omar que gaireb\u00e9 acaben en jugada.<br><\/p>\n\n\n\n<p>Gr\u00e0cies\u00a0a l&#8217;estar\u00a0junts defensant l&#8217;\u00e0rea els contraris no van poder marcar en la primera part, per\u00f2 arribada la segona part el Mercantil defensant en bloc baix va aconseguir emportar-se el partit malgrat els canvis que va fer la Grama per a intentar salvar el partit.<\/p>\n\n\n\n<p>L&#8217;entrenador diu que cal continuar ajustant per a sortir m\u00e9s nets i poder atacar amb millors condicions, podent arribar a l&#8217;\u00e0rea amb oportunitat de fer gol. Un cap de setmana dur, per\u00f2 amb moltes ganes de seguir cap endavant amb la gran qualitat que tenen els jugadors.<\/p>\n\n\n\n<hr class=\"wp-block-separator is-style-dots\"\/>\n\n\n\n<p><strong>Mercantil 3 &#8211; Infantil \u00abB\u00bb 0<\/strong><\/p>\n\n\n\n<p>Partido contra el Mercantil el del pasado Domingo de nuestro Infantil \u00abB\u00bb en el que la Grama empez\u00f3 siendo \u00abcompactos defensivamente\u00bb.  Hubo ocasiones de gol por los dos equipos, en la que cabe remarcar la de Aday y la de Omar que casi terminan en jugada. <\/p>\n\n\n\n<p>Gracias al estar juntos defendiendo el \u00e1rea los contrarios no pudieron marcar en la primera parte, pero llegada la segunda parte el Mercantil defendiendo en bloque bajo consigui\u00f3 llevarse el partido a pesar de los cambios que hizo la Grama para intentar salvar el partido.<\/p>\n\n\n\n<p>El entrenador dice que hay que seguir ajustando para salir m\u00e1s limpios y poder atacar con mejores condiciones, pudiendo llegar al \u00e1rea con oportunidad de hacer gol. Un fin de semana duro, pero con muchas ganas de seguir hacia delante con la gran calidad que tienen los jugadores.<\/p>\n\n\n\n<hr class=\"wp-block-separator is-style-wide\"\/>\n\n\n\n<p><\/p>\n\n\n\n<p><strong>Infantil \u201cC\u201d 1 &#8211;\u00a0Sarri\u00e0\u00a03<\/strong><\/p>\n\n\n\n<p>Derrota molt injusta per a la\u00a0Grama. Els nostres van dominar donis del primer minut de partit, i van mantenir la possessi\u00f3 tenint diverses ocasions de gol. Malgrat aix\u00f2, no van estar encertats de cara a porta i el\u00a0Sarri\u00e0\u00a0ho va aprofitar. L&#8217;equip visitant va ser f\u00edsicament superior, per\u00f2 la\u00a0Grama\u00a0va posar el futbol.<\/p>\n\n\n\n<hr class=\"wp-block-separator is-style-dots\"\/>\n\n\n\n<p><strong>Infantil \u201cC\u201d 1 &#8211; Sarri\u00e0 3<\/strong><\/p>\n\n\n\n<p>Derrota muy injusta para la Grama. Los nuestros dominaron des del primer minuto de partido, y mantuvieron la posesi\u00f3n teniendo varias ocasiones de gol. Pese a eso, no estuvieron acertados de cara a puerta y el Sarri\u00e0 lo aprovech\u00f3. El equipo visitante fue f\u00edsicamente superior, pero la Grama puso el f\u00fatbol.<\/p>\n\n\n\n<p><\/p>\n\n\n\n<hr class=\"wp-block-separator is-style-wide\"\/>\n\n\n\n<p><\/p>\n\n\n\n<p><strong>Barcino 1 &#8211; Infantil \u201cD\u201d 0<\/strong><\/p>\n\n\n\n<p><br>Partit dominat totalment, que la\u00a0Grama\u00a0perd per un penal desafortunat. Van tenir diverses ocasions i fins es va fallar un penal, per\u00f2 ahir la pilota no volia entrar\u2026 Molta impot\u00e8ncia de veure que els nostres l&#8217;han donat tot per\u00f2 no s&#8217;ha gratat ni un empat.<br>A seguir!<\/p>\n\n\n\n<hr class=\"wp-block-separator is-style-dots\"\/>\n\n\n\n<p><strong>Barcino 1 &#8211; Infantil \u201cD\u201d 0<\/strong><\/p>\n\n\n\n<p>Partido dominado totalmente, que la Grama pierde por un penalti desafortunado. Tuvieron varias ocasiones y hasta se fall\u00f3 un penalti, pero ayer la pelota no quer\u00eda entrar\u2026 Mucha impotencia de ver que los nuestros lo han dado todo pero no se ha rascado ni un empate.&nbsp;<\/p>\n\n\n\n<p>\u00a1A seguir!<\/p>\n","protected":false},"excerpt":{"rendered":"<p>Mercantil 3 &#8211; Infantil \u00abB\u00bb 0 Partit contra el Mercantil el del passat Domingo del nostre Infantil \u00abB\u00bb en el qual la Grama va comen\u00e7ar sent \u00abcompactes defensivament\u00bb. Va haver-hi ocasions de gol pels dos equips, en la qual cal remarcar la\u00a0de Aday\u00a0i la d&#8217;Omar que gaireb\u00e9 acaben en jugada. Gr\u00e0cies\u00a0a l&#8217;estar\u00a0junts defensant l&#8217;\u00e0rea els [&hellip;]<\/p>\n","protected":false},"author":1,"featured_media":0,"comment_status":"closed","ping_status":"closed","sticky":false,"template":"","format":"standard","meta":{"footnotes":""},"categories":[9],"tags":[],"class_list":["post-28878","post","type-post","status-publish","format-standard","hentry","category-infantils"],"_links":{"self":[{"href":"http:\/\/fegrama.cat\/web\/wp-json\/wp\/v2\/posts\/28878","targetHints":{"allow":["GET"]}}],"collection":[{"href":"http:\/\/fegrama.cat\/web\/wp-json\/wp\/v2\/posts"}],"about":[{"href":"http:\/\/fegrama.cat\/web\/wp-json\/wp\/v2\/types\/post"}],"author":[{"embeddable":true,"href":"http:\/\/fegrama.cat\/web\/wp-json\/wp\/v2\/users\/1"}],"replies":[{"embeddable":true,"href":"http:\/\/fegrama.cat\/web\/wp-json\/wp\/v2\/comments?post=28878"}],"version-history":[{"count":1,"href":"http:\/\/fegrama.cat\/web\/wp-json\/wp\/v2\/posts\/28878\/revisions"}],"predecessor-version":[{"id":28879,"href":"http:\/\/fegrama.cat\/web\/wp-json\/wp\/v2\/posts\/28878\/revisions\/28879"}],"wp:attachment":[{"href":"http:\/\/fegrama.cat\/web\/wp-json\/wp\/v2\/media?parent=28878"}],"wp:term":[{"taxonomy":"category","embeddable":true,"href":"http:\/\/fegrama.cat\/web\/wp-json\/wp\/v2\/categories?post=28878"},{"taxonomy":"post_tag","embeddable":true,"href":"http:\/\/fegrama.cat\/web\/wp-json\/wp\/v2\/tags?post=28878"}],"curies":[{"name":"wp","href":"https:\/\/api.w.org\/{rel}","templated":true}]}}