{"id":28871,"date":"2021-05-24T10:07:07","date_gmt":"2021-05-24T09:07:07","guid":{"rendered":"http:\/\/fegrama.cat\/web\/?p=28871"},"modified":"2021-05-24T10:07:08","modified_gmt":"2021-05-24T09:07:08","slug":"golejada-per-part-del-nostre-cadet-d-contra-el-bellvitge","status":"publish","type":"post","link":"http:\/\/fegrama.cat\/web\/golejada-per-part-del-nostre-cadet-d-contra-el-bellvitge\/","title":{"rendered":"Golejada per part del nostre Cadet \u00abD\u00bb contra el Bellvitge!"},"content":{"rendered":"\n<p><strong>Cadet \u201cD\u201d 9  &#8211; Unif. Bellvitge U.D 1<\/strong><\/p>\n\n\n\n<p>En el partit del Cadet \u00abD\u00bb vam veure a una Grama molt superior a l&#8217;equip contrari. Els nois d&#8217;Ivan van sortir amb una pressi\u00f3 molt alta i amb molta fam de gols.<\/p>\n\n\n\n<p>Va ser al cap de dos minuts de joc quan Peter es va avan\u00e7ar inaugurant el marcador i cinc minuts m\u00e9s tard, Marc Fern\u00e1ndez amb un gol\u00e0s ol\u00edmpic.<\/p>\n\n\n\n<p>La Grama durant tot el partit va saber atacar molt b\u00e9 la profunditat amb els seus homes de dalt i va aconseguir finalment un 9-1 molt treballat.<\/p>\n\n\n\n<p>3 punts importants per a agafar confian\u00e7a per a la setmana que ve jugar-se la segona posici\u00f3 de la lliga amb el Sant Andreu en el Municipal.<\/p>\n\n\n\n<p><\/p>\n\n\n\n<hr class=\"wp-block-separator is-style-wide\"\/>\n\n\n\n<p><\/p>\n\n\n\n<p><strong>Cadete \u201cD\u201d 9 &#8211; Unif. Bellvitge U.D 1<\/strong><\/p>\n\n\n\n<p>En el partido del Cadete \u201cD\u201d vimos a una Grama muy superior al equipo contrario. Los chicos de Ivan salieron con una presi\u00f3n muy alta y con mucha hambre de goles.&nbsp;<\/p>\n\n\n\n<p>Fue a los dos minutos de juego cuando Peter se adelant\u00f3 inaugurando el marcador y cinco minutos m\u00e1s tarde, Marc Fern\u00e1ndez con un golazo ol\u00edmpico.<\/p>\n\n\n\n<p>La Grama durante todo el partido supo atacar muy bien la profundidad con sus hombres de arriba y consigui\u00f3 finalmente un 9-1 muy trabajado.<\/p>\n\n\n\n<p>3 puntos importantes para coger confianza para la semana que viene jugarse la segunda posici\u00f3n de la liga con el Sant Andreu en el Municipal.<\/p>\n","protected":false},"excerpt":{"rendered":"<p>Cadet \u201cD\u201d 9 &#8211; Unif. Bellvitge U.D 1 En el partit del Cadet \u00abD\u00bb vam veure a una Grama molt superior a l&#8217;equip contrari. Els nois d&#8217;Ivan van sortir amb una pressi\u00f3 molt alta i amb molta fam de gols. Va ser al cap de dos minuts de joc quan Peter es va avan\u00e7ar inaugurant [&hellip;]<\/p>\n","protected":false},"author":1,"featured_media":28872,"comment_status":"closed","ping_status":"closed","sticky":false,"template":"","format":"standard","meta":{"footnotes":""},"categories":[7],"tags":[],"class_list":["post-28871","post","type-post","status-publish","format-standard","has-post-thumbnail","hentry","category-cadets"],"_links":{"self":[{"href":"http:\/\/fegrama.cat\/web\/wp-json\/wp\/v2\/posts\/28871","targetHints":{"allow":["GET"]}}],"collection":[{"href":"http:\/\/fegrama.cat\/web\/wp-json\/wp\/v2\/posts"}],"about":[{"href":"http:\/\/fegrama.cat\/web\/wp-json\/wp\/v2\/types\/post"}],"author":[{"embeddable":true,"href":"http:\/\/fegrama.cat\/web\/wp-json\/wp\/v2\/users\/1"}],"replies":[{"embeddable":true,"href":"http:\/\/fegrama.cat\/web\/wp-json\/wp\/v2\/comments?post=28871"}],"version-history":[{"count":1,"href":"http:\/\/fegrama.cat\/web\/wp-json\/wp\/v2\/posts\/28871\/revisions"}],"predecessor-version":[{"id":28873,"href":"http:\/\/fegrama.cat\/web\/wp-json\/wp\/v2\/posts\/28871\/revisions\/28873"}],"wp:featuredmedia":[{"embeddable":true,"href":"http:\/\/fegrama.cat\/web\/wp-json\/wp\/v2\/media\/28872"}],"wp:attachment":[{"href":"http:\/\/fegrama.cat\/web\/wp-json\/wp\/v2\/media?parent=28871"}],"wp:term":[{"taxonomy":"category","embeddable":true,"href":"http:\/\/fegrama.cat\/web\/wp-json\/wp\/v2\/categories?post=28871"},{"taxonomy":"post_tag","embeddable":true,"href":"http:\/\/fegrama.cat\/web\/wp-json\/wp\/v2\/tags?post=28871"}],"curies":[{"name":"wp","href":"https:\/\/api.w.org\/{rel}","templated":true}]}}