{"id":28844,"date":"2021-05-23T15:09:50","date_gmt":"2021-05-23T14:09:50","guid":{"rendered":"http:\/\/fegrama.cat\/web\/?p=28844"},"modified":"2021-05-23T15:22:10","modified_gmt":"2021-05-23T14:22:10","slug":"el-juvenil-a-va-acomiadar-el-curs-amb-maneta","status":"publish","type":"post","link":"http:\/\/fegrama.cat\/web\/el-juvenil-a-va-acomiadar-el-curs-amb-maneta\/","title":{"rendered":"El Juvenil A va acomiadar el curs amb &#8216;maneta&#8217;"},"content":{"rendered":"\n<p>El<strong> Juvenil A de la Fundaci\u00f3 Esportiva Grama<\/strong> va tancar la temporada a casa aconseguint la seva tercera vict\u00f2ria consecutiva. Els blaus van guanyar <strong>5-0<\/strong> al <strong>CF Vila-Seca<\/strong>, sent aquesta la quarta vict\u00f2ria en els cinc partits de la <strong>Segona Fase<\/strong>.<\/p>\n\n\n\n<p>Darrera jornada de <strong>Lliga Nacional<\/strong> sense res en joc per a cap dels equips, la Grama amb la salvaci\u00f3 obtinguda i el Vila-Seca ja sense possibilitat de salvar-se. <strong>Dani Olmo<\/strong>, jugador del RB Leipzig (Bundesliga) i de la Selecci\u00f3 Absoluta d\u2019Espanya, va estar al Municipal de la Grama veient el partit i al seu cos\u00ed <strong>Marcos Olmo<\/strong>, porter del Juvenil A.<\/p>\n\n\n\n<p>Els colomencs van comen\u00e7ar avisant als dos minuts de joc. Primera meitat bonica, tot i ser els locals superiors l&#8217;equip visitant no es va amagar i va intentar trencar el 0-0 amb algun acostament.<\/p>\n\n\n\n<p>Al minut 32 <strong>Nemil<\/strong> dins l&#8217;\u00e0rea feia una ruleta i el seu primer xut el va aturar el porter per\u00f2 en el rebuig no va fallar. Dos minuts m\u00e9s tard <strong>Vicen\u00e7<\/strong> va assaborir el gol per\u00f2 el porter ho va evitar en la l\u00ednia. A la mitja part es marxarien amb 1-0, realitzant un bon partit i amb la sensaci\u00f3 que el resultat era curt ja que van tenir ocasions per ampliar-lo.<\/p>\n\n\n\n<div class=\"wp-block-image\"><figure class=\"aligncenter size-large is-resized\"><img loading=\"lazy\" decoding=\"async\" src=\"http:\/\/fegrama.cat\/web\/wp-content\/uploads\/2021\/05\/juvenil-A-pancarta-1024x728.jpeg\" alt=\"\" class=\"wp-image-28854\" width=\"491\" height=\"349\" srcset=\"http:\/\/fegrama.cat\/web\/wp-content\/uploads\/2021\/05\/juvenil-A-pancarta-1024x728.jpeg 1024w, http:\/\/fegrama.cat\/web\/wp-content\/uploads\/2021\/05\/juvenil-A-pancarta-300x213.jpeg 300w, http:\/\/fegrama.cat\/web\/wp-content\/uploads\/2021\/05\/juvenil-A-pancarta-768x546.jpeg 768w, http:\/\/fegrama.cat\/web\/wp-content\/uploads\/2021\/05\/juvenil-A-pancarta-1536x1092.jpeg 1536w, http:\/\/fegrama.cat\/web\/wp-content\/uploads\/2021\/05\/juvenil-A-pancarta.jpeg 1600w\" sizes=\"auto, (max-width: 491px) 100vw, 491px\" \/><\/figure><\/div>\n\n\n\n<p>A la segona meitat el <strong>Vila-Seca<\/strong> va intentar reaccionar en els primers cinc minuts, i despr\u00e9s d&#8217;aquest breu empenta la Grama es va fer propiet\u00e0ria absoluta de el partit. Als 56 minuts amb un excel\u00b7lent colpeig <strong>Baul\u00f3<\/strong> marcava el segon, un gol\u00e0s per ampliar dist\u00e0ncies. El domini dels de <strong>Manu Pel\u00e1ez<\/strong> cada vegada era m\u00e9s gran, i els gols van seguir caient.<\/p>\n\n\n\n<p>Deu minuts despr\u00e9s una excel\u00b7lent combinaci\u00f3 de passades entre <strong>Oliver<\/strong> i <strong>Nemil <\/strong>acabaria en gol del 9 que no va fallar davant del porter. Al minut 80 la Grama muntaria un contraatac des del seu propi camp i <strong>Nemil<\/strong> el finalitzava, el <strong>Hat-trick<\/strong>. I encara faltaria per veure un gol m\u00e9s, la maneta. Una gran jugada per banda esquerra i un gol en pr\u00f2pia porta a l&#8217;intentar aclarir el centre.<\/p>\n\n\n\n<p>Una excel\u00b7lent vict\u00f2ria per finalitzar una bona temporada. El <strong>Juvenil A<\/strong> seguir\u00e0 un any m\u00e9s jugant a <strong>Lliga Nacional (Grup 7)<\/strong>.<\/p>\n\n\n\n<figure class=\"wp-block-image size-large\"><img loading=\"lazy\" decoding=\"async\" width=\"1024\" height=\"771\" src=\"http:\/\/fegrama.cat\/web\/wp-content\/uploads\/2021\/05\/juvA-Dani-Olmo-1024x771.jpeg\" alt=\"\" class=\"wp-image-28848\" srcset=\"http:\/\/fegrama.cat\/web\/wp-content\/uploads\/2021\/05\/juvA-Dani-Olmo-1024x771.jpeg 1024w, http:\/\/fegrama.cat\/web\/wp-content\/uploads\/2021\/05\/juvA-Dani-Olmo-300x226.jpeg 300w, http:\/\/fegrama.cat\/web\/wp-content\/uploads\/2021\/05\/juvA-Dani-Olmo-768x578.jpeg 768w, http:\/\/fegrama.cat\/web\/wp-content\/uploads\/2021\/05\/juvA-Dani-Olmo-1536x1156.jpeg 1536w, http:\/\/fegrama.cat\/web\/wp-content\/uploads\/2021\/05\/juvA-Dani-Olmo.jpeg 1600w\" sizes=\"auto, (max-width: 1024px) 100vw, 1024px\" \/><figcaption>Dani Olmo, jugador del RB Leipzig (Bundesliga) i de la Selecci\u00f3 Absoluta d&#8217;Espanya, va estar al Municipal de la Grama veient el partit. | Foto: Carlos P\u00e9rez<\/figcaption><\/figure>\n\n\n\n<p>El <strong>Juvenil A de la Fundaci\u00f3 Esportiva Grama<\/strong> cerr\u00f3 la temporada en casa logrando su tercera victoria consecutiva. Los azules ganaron <strong>5-0<\/strong> al <strong>CF ila-Seca<\/strong>, siendo esta la cuarta victoria en los cinco partidos de la<strong> Segunda Fase<\/strong>. <\/p>\n\n\n\n<p>\u00daltima jornada de <strong>Liga Nacional<\/strong> sin nada en juego para ninguno de los equipos, la Grama con la salvaci\u00f3n obtenida y el <strong>Vila-Seca<\/strong> ya sin posibilidad de salvarse. <strong>Dani Olmo<\/strong>, jugador del RB Leipzig (Bundesliga) y de la Selecci\u00f3n Absoluta de Espa\u00f1a, estuvo en el Municipal de la Grama viendo el partido ya su primo <strong>Marcos Olmo<\/strong>, portero del Juvenil A.<\/p>\n\n\n\n<p>Los colomenses empezaron avisando a los dos minutos de juego. Primera mitad bonita, a\u00fan siendo los locales superiores el equipo visitante no se escondi\u00f3 e intent\u00f3 romper el 0-0 con alg\u00fan acercamiento. <\/p>\n\n\n\n<p>En el minuto 32 <strong>Nemil<\/strong> dentro del \u00e1rea hac\u00eda una ruleta y su primer chute lo par\u00f3 el portero pero en el rechace no fall\u00f3. Dos minutos m\u00e1s tarde <strong>Vicen\u00e7<\/strong> sabore\u00f3 el gol peo el portero lo evit\u00f3 en la l\u00ednea. Al descanso se marchar\u00edan con 1-0, realizando un buen partido y con la sensaci\u00f3n que el resultado era corto ya que tuvieron ocasiones para ampliarlo.<\/p>\n\n\n\n<p>En la segunda mitad el Vila-Seca intent\u00f3 reaccionar en los primeros cinco minutos, y tras ese breve arre\u00f3n la Grama se hizo due\u00f1a absoluta del partido. A los 56 minutos con un excelente golpeo <strong>Baul\u00f3<\/strong> marcaba el segundo, un golazo para ampliar distancias. El dominio de los de <strong>Manu Pel\u00e1ez<\/strong> cada vez era mayor, y los goles siguieron cayendo. <\/p>\n\n\n\n<p>Diez minutos despu\u00e9s una excelente combinaci\u00f3n de pases entre <strong>Oliver<\/strong> y <strong>Nemil <\/strong>acabar\u00eda en gol del 9 que no fall\u00f3 delante del portero. En el minuto 80 la Grama montar\u00eda un contraataque desde su propio campo y <strong>Nemil<\/strong> lo finalizaba, el <strong>Hat-trick<\/strong>. Y todav\u00eda faltar\u00eda por ver un gol m\u00e1s, la manita. Una gran jugada por banda izquierda y un gol en propia puerta al intentar despejar el centro.<\/p>\n\n\n\n<p>Una excelente victoria para finalizar una buena temporada. El <strong>Juvenil A<\/strong> seguir\u00e1 un a\u00f1o m\u00e1s jugando en<strong> Liga Nacional (Grupo 7)<\/strong>. <\/p>\n\n\n\n<p><\/p>\n","protected":false},"excerpt":{"rendered":"<p>El Juvenil A de la Fundaci\u00f3 Esportiva Grama va tancar la temporada a casa aconseguint la seva tercera vict\u00f2ria consecutiva. Els blaus van guanyar 5-0 al CF Vila-Seca, sent aquesta la quarta vict\u00f2ria en els cinc partits de la Segona Fase. Darrera jornada de Lliga Nacional sense res en joc per a cap dels equips, [&hellip;]<\/p>\n","protected":false},"author":1,"featured_media":28848,"comment_status":"closed","ping_status":"closed","sticky":false,"template":"","format":"standard","meta":{"footnotes":""},"categories":[4,6],"tags":[],"class_list":["post-28844","post","type-post","status-publish","format-standard","has-post-thumbnail","hentry","category-base-inclusiu","category-juvenils"],"_links":{"self":[{"href":"http:\/\/fegrama.cat\/web\/wp-json\/wp\/v2\/posts\/28844","targetHints":{"allow":["GET"]}}],"collection":[{"href":"http:\/\/fegrama.cat\/web\/wp-json\/wp\/v2\/posts"}],"about":[{"href":"http:\/\/fegrama.cat\/web\/wp-json\/wp\/v2\/types\/post"}],"author":[{"embeddable":true,"href":"http:\/\/fegrama.cat\/web\/wp-json\/wp\/v2\/users\/1"}],"replies":[{"embeddable":true,"href":"http:\/\/fegrama.cat\/web\/wp-json\/wp\/v2\/comments?post=28844"}],"version-history":[{"count":8,"href":"http:\/\/fegrama.cat\/web\/wp-json\/wp\/v2\/posts\/28844\/revisions"}],"predecessor-version":[{"id":28857,"href":"http:\/\/fegrama.cat\/web\/wp-json\/wp\/v2\/posts\/28844\/revisions\/28857"}],"wp:featuredmedia":[{"embeddable":true,"href":"http:\/\/fegrama.cat\/web\/wp-json\/wp\/v2\/media\/28848"}],"wp:attachment":[{"href":"http:\/\/fegrama.cat\/web\/wp-json\/wp\/v2\/media?parent=28844"}],"wp:term":[{"taxonomy":"category","embeddable":true,"href":"http:\/\/fegrama.cat\/web\/wp-json\/wp\/v2\/categories?post=28844"},{"taxonomy":"post_tag","embeddable":true,"href":"http:\/\/fegrama.cat\/web\/wp-json\/wp\/v2\/tags?post=28844"}],"curies":[{"name":"wp","href":"https:\/\/api.w.org\/{rel}","templated":true}]}}