{"id":28804,"date":"2021-05-17T12:32:55","date_gmt":"2021-05-17T11:32:55","guid":{"rendered":"http:\/\/fegrama.cat\/web\/?p=28804"},"modified":"2021-05-17T12:32:56","modified_gmt":"2021-05-17T11:32:56","slug":"els-nois-de-linfantil-b-van-empatar-contra-lespanyol","status":"publish","type":"post","link":"http:\/\/fegrama.cat\/web\/els-nois-de-linfantil-b-van-empatar-contra-lespanyol\/","title":{"rendered":"Els nois de l&#8217;Infantil \u00abB\u00bb van empatar contra l&#8217;Espanyol!"},"content":{"rendered":"\n<p><strong>Espanyol 2- Infantil \u201cD\u201d 2<\/strong><\/p>\n\n\n\n<p>Els nois de l&#8217;Infantil \u00abD\u00bb van jugar el seu partit setmanal contra l&#8217;Espanyol, un equip sempre dif\u00edcil. En el partit els nostres van saber sofrir i venien amb baixes sensibles. Aix\u00ed i tot, la Grama com sempre, va fer un treball incre\u00efble i va tenir la seva recompensa. Malgrat avan\u00e7ar-se diverses vegades en el marcador, van saber aprofitar les poques ocasions de gol i sobretot mantenir un treball defensiu enorme.\u00a0Felicitats\u00a0nois! A continuar treballant.<\/p>\n\n\n\n<p><\/p>\n\n\n\n<hr class=\"wp-block-separator is-style-wide\"\/>\n\n\n\n<p><\/p>\n\n\n\n<p><strong>Espanyol 2- Infantil \u201cD\u201d 2<\/strong><\/p>\n\n\n\n<p>Los chicos del Infantil \u201cD\u201d jugaron su partido semanal contra el Espanyol, un equipo siempre dif\u00edcil. En el partido los nuestros supieron sufrir y ven\u00edan con bajas sensibles. A\u00fan as\u00ed, la Grama como siempre, hizo un trabajo incre\u00edble y tuvo su recompensa. A pesar de adelantarse varias veces en el marcador, supieron aprovechar las pocas ocasiones de gol y sobretodo mantener un trabajo defensivo enorme. \u00a1Felicidades chicos! A seguir trabajando.<\/p>\n","protected":false},"excerpt":{"rendered":"<p>Espanyol 2- Infantil \u201cD\u201d 2 Els nois de l&#8217;Infantil \u00abD\u00bb van jugar el seu partit setmanal contra l&#8217;Espanyol, un equip sempre dif\u00edcil. En el partit els nostres van saber sofrir i venien amb baixes sensibles. Aix\u00ed i tot, la Grama com sempre, va fer un treball incre\u00efble i va tenir la seva recompensa. Malgrat avan\u00e7ar-se [&hellip;]<\/p>\n","protected":false},"author":1,"featured_media":0,"comment_status":"closed","ping_status":"closed","sticky":false,"template":"","format":"standard","meta":{"footnotes":""},"categories":[9],"tags":[],"class_list":["post-28804","post","type-post","status-publish","format-standard","hentry","category-infantils"],"_links":{"self":[{"href":"http:\/\/fegrama.cat\/web\/wp-json\/wp\/v2\/posts\/28804","targetHints":{"allow":["GET"]}}],"collection":[{"href":"http:\/\/fegrama.cat\/web\/wp-json\/wp\/v2\/posts"}],"about":[{"href":"http:\/\/fegrama.cat\/web\/wp-json\/wp\/v2\/types\/post"}],"author":[{"embeddable":true,"href":"http:\/\/fegrama.cat\/web\/wp-json\/wp\/v2\/users\/1"}],"replies":[{"embeddable":true,"href":"http:\/\/fegrama.cat\/web\/wp-json\/wp\/v2\/comments?post=28804"}],"version-history":[{"count":1,"href":"http:\/\/fegrama.cat\/web\/wp-json\/wp\/v2\/posts\/28804\/revisions"}],"predecessor-version":[{"id":28805,"href":"http:\/\/fegrama.cat\/web\/wp-json\/wp\/v2\/posts\/28804\/revisions\/28805"}],"wp:attachment":[{"href":"http:\/\/fegrama.cat\/web\/wp-json\/wp\/v2\/media?parent=28804"}],"wp:term":[{"taxonomy":"category","embeddable":true,"href":"http:\/\/fegrama.cat\/web\/wp-json\/wp\/v2\/categories?post=28804"},{"taxonomy":"post_tag","embeddable":true,"href":"http:\/\/fegrama.cat\/web\/wp-json\/wp\/v2\/tags?post=28804"}],"curies":[{"name":"wp","href":"https:\/\/api.w.org\/{rel}","templated":true}]}}