{"id":28800,"date":"2021-05-17T12:11:11","date_gmt":"2021-05-17T11:11:11","guid":{"rendered":"http:\/\/fegrama.cat\/web\/?p=28800"},"modified":"2021-05-17T12:11:12","modified_gmt":"2021-05-17T11:11:12","slug":"gran-victoria-pels-del-victor-salas","status":"publish","type":"post","link":"http:\/\/fegrama.cat\/web\/gran-victoria-pels-del-victor-salas\/","title":{"rendered":"Gran vict\u00f2ria pels del V\u00edctor Salas"},"content":{"rendered":"\n<p><strong>Juvenil \u00abB\u00bb 3 &#8211; Monta\u00f1esa 1<\/strong><\/p>\n\n\n\n<p>Bon resultat el collit per l&#8217;equip entrenat per V\u00edctor&nbsp;Salas&nbsp;a casa, davant una Muntanyesa que sempre s\u00f3n rivals perillosos.<br>El partit va comen\u00e7ar amb uns primers minuts de tanteig per part dels dos equips, per\u00f2 que r\u00e0pidament el nostre juvenil es va fer amo del partit i va demostrar personalitat tenint la pilota generant ocasions i no deixant al rival sortir a la contra amb bones vigil\u00e0ncies per part la nostra defensa. En el minut 9&#8242; de joc, Albert avan\u00e7a al Juvenil despr\u00e9s d&#8217;aprofitar un&nbsp;rebuig&nbsp;del porter visitant despr\u00e9s d&#8217;una gran acci\u00f3 i tret d&#8217;\u00d3scar&nbsp;Mongares, dins del domin\u00f3 local en una jugada a\u00efllada es provoca un penal a favor de l&#8217;equip visitant que es converteix en&nbsp;l&#8217;1-1. Per\u00f2 una vegada m\u00e9s, l&#8217;equip va demostrar personalitat i despr\u00e9s de diverses ocasions va arribar el 2-1 en un gol d&#8217;\u00d3scar&nbsp;Mongares&nbsp;gr\u00e0cies a una gran acci\u00f3 d&#8217;Albert i Guillem.<br>L&#8217;equip seguint amb el domini total de la trobada, al final de la primera part arribaria el gol de&nbsp;Guille&nbsp;despr\u00e9s d&#8217;un fort tret pegat al pal que significa el 3-1 i el final de la primera part.<\/p>\n\n\n\n<p>Arribats del descans, comen\u00e7aria el segon temps on l&#8217;equip rival va prendre durant uns minuts la possessi\u00f3 del partit. Passat el minut 20&#8242; de la segona part, els nostres van fer canvis i tot tornaria a ser control. Els de la Grama van tenir diverses ocasions destacant diverses pilotes al pal i fallant un parell de jugades molt clares. Cal destacar als jugadors que van entrar en el segon temps: molt ficats i van pujar el nivell de l&#8217;equip.<\/p>\n\n\n\n<p>El partit acaba amb un 3-1 i tres punts que es queden a casa que mantenen a l&#8217;equip en segona posici\u00f3, segons paraules de V\u00edctor&nbsp;Salas&nbsp;entrenador del nostre juvenil: \u00abEl&nbsp;quipo&nbsp;ha sortit amb una altra actitud i predisposici\u00f3 totalment&nbsp;diferent del&nbsp;partit de la setmana passada, aix\u00f2 demostra que aix\u00f2 del partit anterior va ser una cosa puntual, aquest partit ha estat molt complet tant amb pilota com sense pilota. Encara que s\u00ed que \u00e9s cert que ens ha faltat contund\u00e8ncia en l&#8217;\u00e0rea contr\u00e0ria, ara toca descansar i recuperar b\u00e9 de l&#8217;esfor\u00e7 perqu\u00e8 tenim un partit ajornat el dimarts important\u00edssim el qual tenim davant el tercer classificat i el qual hem de seguir en la l\u00ednia que hem tingut avui demostrant que som competitius. No tinc dubte que aix\u00ed ser\u00e0, perqu\u00e8 tant jo com el meu cos t\u00e8cnic, confiem plenament en els nostres jugadors.\u00bb<\/p>\n\n\n\n<figure class=\"wp-block-image size-large\"><img loading=\"lazy\" decoding=\"async\" width=\"575\" height=\"1024\" src=\"http:\/\/fegrama.cat\/web\/wp-content\/uploads\/2021\/05\/WhatsApp-Image-2021-05-16-at-09.55.17-575x1024.jpeg\" alt=\"\" class=\"wp-image-28801\" srcset=\"http:\/\/fegrama.cat\/web\/wp-content\/uploads\/2021\/05\/WhatsApp-Image-2021-05-16-at-09.55.17-575x1024.jpeg 575w, http:\/\/fegrama.cat\/web\/wp-content\/uploads\/2021\/05\/WhatsApp-Image-2021-05-16-at-09.55.17-168x300.jpeg 168w, http:\/\/fegrama.cat\/web\/wp-content\/uploads\/2021\/05\/WhatsApp-Image-2021-05-16-at-09.55.17-768x1368.jpeg 768w, http:\/\/fegrama.cat\/web\/wp-content\/uploads\/2021\/05\/WhatsApp-Image-2021-05-16-at-09.55.17-863x1536.jpeg 863w, http:\/\/fegrama.cat\/web\/wp-content\/uploads\/2021\/05\/WhatsApp-Image-2021-05-16-at-09.55.17.jpeg 1150w\" sizes=\"auto, (max-width: 575px) 100vw, 575px\" \/><\/figure>\n\n\n\n<p><\/p>\n\n\n\n<hr class=\"wp-block-separator is-style-wide\"\/>\n\n\n\n<p><\/p>\n\n\n\n<p><strong>Juvenil \u00abB\u00bb 3 &#8211; Monta\u00f1esa 1<\/strong><\/p>\n\n\n\n<p>Buen resultado el cosechado por el equipo entrenado por V\u00edctor Salas en casa, ante una Monta\u00f1esa que siempre son rivales peligrosos.\u00a0<\/p>\n\n\n\n<p>El partido empez\u00f3 con unos primeros minutos de tanteo por parte de los dos equipos, pero que r\u00e1pidamente nuestro juvenil se hizo due\u00f1o del partido y demostr\u00f3 personalidad teniendo la pelota generando ocasiones y no dejando al rival salir a la contra con buenas vigilancias por parte nuestra defensa. En el minuto 9\u2019 de juego, Albert adelanta al Juvenil tras aprovechar un rechace del portero visitante tras una gran acci\u00f3n y disparo de \u00d3scar Mongares, dentro del domin\u00f3 local en una jugada aislada se provoca un penalti a favor del equipo visitante que se convierte en el 1-1. Pero una vez m\u00e1s, el equipo demostr\u00f3 personalidad y tras varias ocasiones lleg\u00f3 el 2-1 en un gol de \u00d3scar Mongares gracias a una gran acci\u00f3n de Albert y Guillem.<\/p>\n\n\n\n<p>El equipo siguiendo con el dominio total del encuentro, al final de la primera parte llegar\u00eda el gol de Guille tras un fuerte disparo pegado al palo que significa el 3-1 y el final de la primera parte.<\/p>\n\n\n\n<p>Llegados del descanso, empezar\u00eda el segundo tiempo d\u00f3nde el equipo rival tom\u00f3 durante unos minutos la posesi\u00f3n del partido. Pasado el minuto 20\u2019 de la segunda parte, los nuestros hicieron cambios y todo volver\u00eda a ser control. Los de la Grama tuvieron varias ocasiones destacando varios balones al palo y fallando un par de jugadas muy claras. Cabe destacar a los jugadores que entraron en el segundo tiempo: muy metidos y subieron el nivel del equipo.&nbsp;<\/p>\n\n\n\n<p>El partido termina con un 3-1 y tres puntos que se quedan en casa que mantienen al equipo en segunda posici\u00f3n, seg\u00fan palabras de V\u00edctor Salas entrenador de nuestro juvenil: \u00abEl quipo ha salido con otra actitud y predisposici\u00f3n totalmente diferente al partido de la semana pasada, eso demuestra que lo del partido anterior fue una cosa puntual, este partido ha sido muy completo tanto con bal\u00f3n como sin bal\u00f3n. Aunque s\u00ed que es cierto que nos ha faltado contundencia en el \u00e1rea contraria, ahora toca descansar y recuperar bien del esfuerzo porque tenemos un partido aplazado el martes important\u00edsimo el cual tenemos ante el tercer clasificado y el cual tenemos que seguir en la l\u00ednea que hemos tenido hoy demostrando que somos competitivos. No tengo duda que as\u00ed ser\u00e1, porque tanto yo como mi cuerpo t\u00e9cnico, confiamos plenamente en nuestros jugadores.\u00bb<\/p>\n","protected":false},"excerpt":{"rendered":"<p>Juvenil \u00abB\u00bb 3 &#8211; Monta\u00f1esa 1 Bon resultat el collit per l&#8217;equip entrenat per V\u00edctor&nbsp;Salas&nbsp;a casa, davant una Muntanyesa que sempre s\u00f3n rivals perillosos.El partit va comen\u00e7ar amb uns primers minuts de tanteig per part dels dos equips, per\u00f2 que r\u00e0pidament el nostre juvenil es va fer amo del partit i va demostrar personalitat tenint [&hellip;]<\/p>\n","protected":false},"author":1,"featured_media":0,"comment_status":"closed","ping_status":"closed","sticky":false,"template":"","format":"standard","meta":{"footnotes":""},"categories":[6],"tags":[],"class_list":["post-28800","post","type-post","status-publish","format-standard","hentry","category-juvenils"],"_links":{"self":[{"href":"http:\/\/fegrama.cat\/web\/wp-json\/wp\/v2\/posts\/28800","targetHints":{"allow":["GET"]}}],"collection":[{"href":"http:\/\/fegrama.cat\/web\/wp-json\/wp\/v2\/posts"}],"about":[{"href":"http:\/\/fegrama.cat\/web\/wp-json\/wp\/v2\/types\/post"}],"author":[{"embeddable":true,"href":"http:\/\/fegrama.cat\/web\/wp-json\/wp\/v2\/users\/1"}],"replies":[{"embeddable":true,"href":"http:\/\/fegrama.cat\/web\/wp-json\/wp\/v2\/comments?post=28800"}],"version-history":[{"count":1,"href":"http:\/\/fegrama.cat\/web\/wp-json\/wp\/v2\/posts\/28800\/revisions"}],"predecessor-version":[{"id":28802,"href":"http:\/\/fegrama.cat\/web\/wp-json\/wp\/v2\/posts\/28800\/revisions\/28802"}],"wp:attachment":[{"href":"http:\/\/fegrama.cat\/web\/wp-json\/wp\/v2\/media?parent=28800"}],"wp:term":[{"taxonomy":"category","embeddable":true,"href":"http:\/\/fegrama.cat\/web\/wp-json\/wp\/v2\/categories?post=28800"},{"taxonomy":"post_tag","embeddable":true,"href":"http:\/\/fegrama.cat\/web\/wp-json\/wp\/v2\/tags?post=28800"}],"curies":[{"name":"wp","href":"https:\/\/api.w.org\/{rel}","templated":true}]}}