{"id":28695,"date":"2021-05-10T10:53:08","date_gmt":"2021-05-10T09:53:08","guid":{"rendered":"http:\/\/fegrama.cat\/web\/?p=28695"},"modified":"2021-05-10T10:53:08","modified_gmt":"2021-05-10T09:53:08","slug":"els-del-juvenil-c-arrasen-jugant-en-col%c2%b7lectiu-contra-el-barcino","status":"publish","type":"post","link":"http:\/\/fegrama.cat\/web\/els-del-juvenil-c-arrasen-jugant-en-col%c2%b7lectiu-contra-el-barcino\/","title":{"rendered":"Els del Juvenil \u00abC\u00bb arrasen jugant en col\u00b7lectiu contra el Barcino!"},"content":{"rendered":"\n<p><strong>Juvenil \u201cC\u201d 3 &#8211; P\u00aa Barc. Barcino \u201cB\u201d 1<\/strong><\/p>\n\n\n\n<p>Els nois del Juvenil \u00abC\u00bb aquest dissabte van jugar a casa contra el Barcino, un equip que la setmana anterior va sofrir una terrible derrota amb 11 gols de l&#8217;equip contrari. Els de la Grama anaven confiats per aquesta derrota anterior de l&#8217;equip contrari i van sortir amb ganes de jugar tranquils.<\/p>\n\n\n\n<p>La idea era jugar en col\u00b7lectiu, encara que els nostres se centressin nom\u00e9s a intentar materialitzar gols de manera individual amb molt de regateig en comptes de passar als companys&#8230; Treient flu\u00efdesa al partit, la qual cosa va generar molta p\u00e8rdua de pilota.<\/p>\n\n\n\n<p>Els nostres se&#8217;n van anar a la mitja part havent tingut oportunitats de gol, per\u00f2 que no van poder ser. Aquests minuts abans de comen\u00e7ar la segona part van servir per a conscienciar-se del treball en grup per a arribar a la vict\u00f2ria.<\/p>\n\n\n\n<p>Arribats a la segona part i corregint les errades, es van aconseguir dos gols des de l&#8217;esquerra a trav\u00e9s de c\u00f3rner. Mancant quinze minuts per a acabar el partit, va ser Rub\u00e9n, el nostre Juvenil de la Grama qui va posar el tercer i \u00faltim gol per a sentenciar el resultat del partit.<\/p>\n\n\n\n<p>Una bona vict\u00f2ria dels nostres, a seguir aix\u00ed!<\/p>\n\n\n\n<p><\/p>\n\n\n\n<hr class=\"wp-block-separator is-style-wide\"\/>\n\n\n\n<p><\/p>\n\n\n\n<p><strong>Juvenil \u201cC\u201d 3 &#8211; P\u00aa Barc. Barcino \u201cB\u201d 1<\/strong><\/p>\n\n\n\n<p>Los chicos del Juvenil \u201cC\u201d este s\u00e1bado jugaron en casa contra el Barcino, un equipo que la semana anterior sufri\u00f3 una terrible derrota con 11 goles del equipo contrario. Los de la Grama iban confiados por esa derrota anterior del equipo contrario y salieron con ganas de jugar tranquilos.&nbsp;<\/p>\n\n\n\n<p>La idea era jugar en colectivo, aunque los nuestros se centrasen solo en intentar materializar goles de manera individual con mucho regateo en vez de pasar a los compa\u00f1eros\u2026Quitando fluidez al partido\u2026Estas cosas son las que generaron mucha p\u00e9rdida de bal\u00f3n.&nbsp;<\/p>\n\n\n\n<p>Los nuestros se fueron a la media parte habiendo tenido oportunidades de gol, pero que no pudieron ser. Esos minutos antes de empezar la segunda parte sirvieron para concienciarse del trabajo en grupo para llegar a la victoria.&nbsp;<\/p>\n\n\n\n<p>Llegados a la segunda parte y corrigiendo esos fallos, se consiguieron dos goles desde la izquierda a trav\u00e9s de c\u00f3rner. A falta de quince minutos para acabar el partido, fue Rub\u00e9n, nuestro Juvenil de la Grama quien puso el tercer y \u00faltimo gol para sentenciar el resultado del partido.&nbsp;<\/p>\n\n\n\n<p>Una buena victoria por parte de los nuestros, \u00a1a seguir!<\/p>\n","protected":false},"excerpt":{"rendered":"<p>Juvenil \u201cC\u201d 3 &#8211; P\u00aa Barc. Barcino \u201cB\u201d 1 Els nois del Juvenil \u00abC\u00bb aquest dissabte van jugar a casa contra el Barcino, un equip que la setmana anterior va sofrir una terrible derrota amb 11 gols de l&#8217;equip contrari. Els de la Grama anaven confiats per aquesta derrota anterior de l&#8217;equip contrari i van [&hellip;]<\/p>\n","protected":false},"author":1,"featured_media":0,"comment_status":"closed","ping_status":"closed","sticky":false,"template":"","format":"standard","meta":{"footnotes":""},"categories":[6],"tags":[],"class_list":["post-28695","post","type-post","status-publish","format-standard","hentry","category-juvenils"],"_links":{"self":[{"href":"http:\/\/fegrama.cat\/web\/wp-json\/wp\/v2\/posts\/28695","targetHints":{"allow":["GET"]}}],"collection":[{"href":"http:\/\/fegrama.cat\/web\/wp-json\/wp\/v2\/posts"}],"about":[{"href":"http:\/\/fegrama.cat\/web\/wp-json\/wp\/v2\/types\/post"}],"author":[{"embeddable":true,"href":"http:\/\/fegrama.cat\/web\/wp-json\/wp\/v2\/users\/1"}],"replies":[{"embeddable":true,"href":"http:\/\/fegrama.cat\/web\/wp-json\/wp\/v2\/comments?post=28695"}],"version-history":[{"count":1,"href":"http:\/\/fegrama.cat\/web\/wp-json\/wp\/v2\/posts\/28695\/revisions"}],"predecessor-version":[{"id":28696,"href":"http:\/\/fegrama.cat\/web\/wp-json\/wp\/v2\/posts\/28695\/revisions\/28696"}],"wp:attachment":[{"href":"http:\/\/fegrama.cat\/web\/wp-json\/wp\/v2\/media?parent=28695"}],"wp:term":[{"taxonomy":"category","embeddable":true,"href":"http:\/\/fegrama.cat\/web\/wp-json\/wp\/v2\/categories?post=28695"},{"taxonomy":"post_tag","embeddable":true,"href":"http:\/\/fegrama.cat\/web\/wp-json\/wp\/v2\/tags?post=28695"}],"curies":[{"name":"wp","href":"https:\/\/api.w.org\/{rel}","templated":true}]}}