{"id":28689,"date":"2021-05-10T09:45:07","date_gmt":"2021-05-10T08:45:07","guid":{"rendered":"http:\/\/fegrama.cat\/web\/?p=28689"},"modified":"2021-05-10T09:45:07","modified_gmt":"2021-05-10T08:45:07","slug":"festa-blava-al-municipal-de-lenergia","status":"publish","type":"post","link":"http:\/\/fegrama.cat\/web\/festa-blava-al-municipal-de-lenergia\/","title":{"rendered":"Festa blava al Municipal de l&#8217;Energia!"},"content":{"rendered":"\n<p>L&#8217;equip de Manu Pel\u00e1ez doblega (0-2) a un bon Sants i s&#8217;assegura aix\u00ed la seva participaci\u00f3 per tercer any consecutiu en Lliga Nacional.<\/p>\n\n\n\n<p>El partit comen\u00e7ava amb una Fundaci\u00f3 replegada i un Sants que portava el pes de el partit, els colomencs buscaven provocar l&#8217;error per transitar r\u00e0pid cap a l&#8217;\u00e0rea local, i va estar a punt d&#8217;estrenar el marcador en dos contraatacs ben executats per Ca\u00f1ete.<\/p>\n\n\n\n<p>Ho intentava el Sants, que a punt va estar de perforar la porteria de Marcos amb un xut que va sortir per sobre del travesser. Patia la Grama en els \u00faltims minuts de la primera meitat, per\u00f2 s&#8217;arribava a la mitja part amb 0-0.<\/p>\n\n\n\n<p>En la segona meitat, l&#8217;entrada d&#8217;Adri\u00e0 Bar\u00f3, seria vital per al desenvolupament del matx. Sortien m\u00e9s valents els colomencs, que ja no esperaven enrere, sin\u00f3 que buscaven pressionar m\u00e9s als locals en el seu propi camp.<\/p>\n\n\n\n<p>Els de Santa Coloma estaven millor davant un Sants que veia com passaven els minuts i necessitaven acostar-se a la porteria de Marcos, que va estar fenomenal en el joc aeri. Corria el minut 71 quan en una pressi\u00f3 alta dels de Manu Pel\u00e1ez, Bar\u00f3n encararia a la seva marca i despr\u00e9s de fintarlo, treia un cop de dreta que donava al pal i acabava al fons de la xarxa (0-1).<\/p>\n\n\n\n<p>S&#8217;avan\u00e7aven els blaus i obligaven aix\u00ed al Sants a estirar molt les seves l\u00ednies i deixar molts espais al darrere. I aix\u00ed va ser com va arribar el 0-2, de nou d&#8217;Adri\u00e0 Bar\u00f3. Un robatori d&#8217;Aleix Notivoli en anticipaci\u00f3 i el mateix jugador sortia al contraatac davant una defensa rival totalment despoblada, es plantava davant de el porter verdi-blanc i cedia a plaer la pilota a Bar\u00f3n que posava el 0-2 definitiu, i que deixava sentenciat el partit.<\/p>\n\n\n\n<p>Gran vict\u00f2ria del Juvenil A, que certifiquen que s\u00f3n de nacional!!!<\/p>\n\n\n\n<figure class=\"wp-block-image size-large\"><img loading=\"lazy\" decoding=\"async\" width=\"1024\" height=\"683\" src=\"http:\/\/fegrama.cat\/web\/wp-content\/uploads\/2021\/05\/WhatsApp-Image-2021-05-09-at-21.56.20-1024x683.jpeg\" alt=\"\" class=\"wp-image-28690\" srcset=\"http:\/\/fegrama.cat\/web\/wp-content\/uploads\/2021\/05\/WhatsApp-Image-2021-05-09-at-21.56.20-1024x683.jpeg 1024w, http:\/\/fegrama.cat\/web\/wp-content\/uploads\/2021\/05\/WhatsApp-Image-2021-05-09-at-21.56.20-300x200.jpeg 300w, http:\/\/fegrama.cat\/web\/wp-content\/uploads\/2021\/05\/WhatsApp-Image-2021-05-09-at-21.56.20-768x512.jpeg 768w, http:\/\/fegrama.cat\/web\/wp-content\/uploads\/2021\/05\/WhatsApp-Image-2021-05-09-at-21.56.20.jpeg 1296w\" sizes=\"auto, (max-width: 1024px) 100vw, 1024px\" \/><\/figure>\n\n\n\n<p>El equipo de Manu Pel\u00e1ez doblega (0-2) a un buen Sants y se asegura as\u00ed su participaci\u00f3n por tercer a\u00f1o consecutivo en Liga Nacional. <\/p>\n\n\n\n<p>El partido empezaba con una Fundaci\u00f3 replegada y un Sants que llevaba el peso del partido, los colomenses buscaban provocar el error para transitar r\u00e1pido hacia el \u00e1rea local, y a punto estuvo de estrenar el marcador en dos contraataques bien ejecutados por Ca\u00f1ete. <\/p>\n\n\n\n<p>Lo intentaba el Sants, que apunto estuvo de perforar la porter\u00eda de Marcos con un chut que sale por encima del larguero. Sufr\u00eda la Grama en los \u00faltimos minutos de la primera mitad, pero se llegaba al descanso con 0-0.<\/p>\n\n\n\n<p>En la segunda mitad, la entrada de Adri\u00e0 Bar\u00f3n , ser\u00eda vital para el desarrollo del match. Sal\u00edan m\u00e1s valiente los colomenses, que ya no aguardaban atr\u00e1s, sino que buscaban presionar m\u00e1s a los locales en su propio campo. <\/p>\n\n\n\n<p>Los de Santa Coloma estaban mejor ante un Sants que ve\u00eda como pasaban los minutos y necesitaban acercarse a la porter\u00eda de Marcos, que estuvo fenomenal en el juego a\u00e9reo. Corr\u00eda el minuto 71 cuando en una presi\u00f3n alta de los de Manu Pel\u00e1ez, Bar\u00f3n encarar\u00eda a su marca y tras fintarlo, sacaba un derechazo que daba en el poste y acababa en el fondo de la red. <\/p>\n\n\n\n<p>Se adelantaban los azulones y obligaban as\u00ed al Sants a estirar mucho sus l\u00edneas y dejar muchos espacios a sus espaldas. Y as\u00ed fue c\u00f3mo lleg\u00f3 el 0-2 de nuevo de Adri\u00e0 Bar\u00f3n, un robo de Aleix Notivoli en anticipaci\u00f3n y el propio jugador sal\u00eda al contragolpe ante una defensa rival totalmente despoblada, se plantaba delante del meta verdi-blanco y ced\u00eda a placer el bal\u00f3n a Bar\u00f3n que pon\u00eda el 0-2 definitivo y que dejaba sentenciado en encuentro.<\/p>\n\n\n\n<p>Gran victoria del Juvenil A, que certifican que son de nacional!!!<\/p>\n","protected":false},"excerpt":{"rendered":"<p>L&#8217;equip de Manu Pel\u00e1ez doblega (0-2) a un bon Sants i s&#8217;assegura aix\u00ed la seva participaci\u00f3 per tercer any consecutiu en Lliga Nacional. El partit comen\u00e7ava amb una Fundaci\u00f3 replegada i un Sants que portava el pes de el partit, els colomencs buscaven provocar l&#8217;error per transitar r\u00e0pid cap a l&#8217;\u00e0rea local, i va estar [&hellip;]<\/p>\n","protected":false},"author":1,"featured_media":28690,"comment_status":"closed","ping_status":"closed","sticky":false,"template":"","format":"standard","meta":{"footnotes":""},"categories":[4,6],"tags":[],"class_list":["post-28689","post","type-post","status-publish","format-standard","has-post-thumbnail","hentry","category-base-inclusiu","category-juvenils"],"_links":{"self":[{"href":"http:\/\/fegrama.cat\/web\/wp-json\/wp\/v2\/posts\/28689","targetHints":{"allow":["GET"]}}],"collection":[{"href":"http:\/\/fegrama.cat\/web\/wp-json\/wp\/v2\/posts"}],"about":[{"href":"http:\/\/fegrama.cat\/web\/wp-json\/wp\/v2\/types\/post"}],"author":[{"embeddable":true,"href":"http:\/\/fegrama.cat\/web\/wp-json\/wp\/v2\/users\/1"}],"replies":[{"embeddable":true,"href":"http:\/\/fegrama.cat\/web\/wp-json\/wp\/v2\/comments?post=28689"}],"version-history":[{"count":1,"href":"http:\/\/fegrama.cat\/web\/wp-json\/wp\/v2\/posts\/28689\/revisions"}],"predecessor-version":[{"id":28691,"href":"http:\/\/fegrama.cat\/web\/wp-json\/wp\/v2\/posts\/28689\/revisions\/28691"}],"wp:featuredmedia":[{"embeddable":true,"href":"http:\/\/fegrama.cat\/web\/wp-json\/wp\/v2\/media\/28690"}],"wp:attachment":[{"href":"http:\/\/fegrama.cat\/web\/wp-json\/wp\/v2\/media?parent=28689"}],"wp:term":[{"taxonomy":"category","embeddable":true,"href":"http:\/\/fegrama.cat\/web\/wp-json\/wp\/v2\/categories?post=28689"},{"taxonomy":"post_tag","embeddable":true,"href":"http:\/\/fegrama.cat\/web\/wp-json\/wp\/v2\/tags?post=28689"}],"curies":[{"name":"wp","href":"https:\/\/api.w.org\/{rel}","templated":true}]}}