{"id":28675,"date":"2021-06-08T10:44:07","date_gmt":"2021-06-08T09:44:07","guid":{"rendered":"http:\/\/fegrama.cat\/web\/?p=28675"},"modified":"2021-06-09T15:21:12","modified_gmt":"2021-06-09T14:21:12","slug":"juvenils-dintre-del-primer-equip","status":"publish","type":"post","link":"http:\/\/fegrama.cat\/web\/juvenils-dintre-del-primer-equip\/","title":{"rendered":"Juvenils dintre del Primer Equip"},"content":{"rendered":"\n<p>Pujar del <strong>Juvenil A<\/strong> al <strong>Primer Equip<\/strong> \u00e9s el que molts joves volen i \u00e9s una cosa que ens encanta veure a la <strong>Grama<\/strong>. El futbol base de l&#8217;entitat treballa dur des dels seus inicis perqu\u00e8 tots els jugadors vagin creixent i pujant categories per aix\u00ed arribar, en un futur, al m\u00e9s alt possible.<\/p>\n\n\n\n<p>El debut del jove <strong>Muhammed Nemil Valiyattil<\/strong> ens torna a mostrar l&#8217;important que \u00e9s per a la Fundaci\u00f3 Esportiva Grama seva base. A m\u00e9s, aquesta temporada <strong>Juanma Pons <\/strong>tamb\u00e9 ha portat convocat a diversos porters: <strong>Marcos Olmo<\/strong> fins a 6 ocasions <em>(tres a la primera fase i altres tres a la segona)<\/em>, <strong>Roger Estrada<\/strong> i <strong>Pedro Zamora<\/strong>, tots dos en una ocasi\u00f3.<\/p>\n\n\n\n<ul class=\"wp-block-list\"><li><strong>Temporada 14\/15: J. Ram\u00f3n Carranza<\/strong> va comptar amb <strong>Mohamed El Hichou<\/strong>, lateral protagonista de l&#8217;ascens a Tercera Catalana, i amb<strong> Isaac Rosales<\/strong>.<\/li><li><strong>Temporada 15\/16:<\/strong> Aquesta vegada Ram\u00f3n Carranza va ascendir a <strong>Oriol Boix<\/strong>, el migcampista va aconseguir l&#8217;ascens a Segona Catalana. El davanter <strong>Brayan Caicedo<\/strong> tamb\u00e9 va pujar per\u00f2 al poc temps va marxar a Holanda.<\/li><li><strong>Temporada 16\/17:<\/strong> L&#8217;entrenador <strong>Dani Andreu<\/strong> va ascendir primerament a <strong>Iv\u00e1n Campos<\/strong>, pivot que podia actuar de lateral i interior, i m\u00e9s tard a <strong>Michael Steeven<\/strong> (defensa).<\/li><li><strong>Temporada 17\/18:<\/strong> En l&#8217;ascens a <strong>Tercera Divisi\u00f3 <\/strong>el t\u00e8cnic <strong>Jos\u00e9 Antonio Garc\u00eda Escribano<\/strong> va tenir en l&#8217;equip a <strong>Gonzalo Larrosa<\/strong> i el migcampista <strong>Miguel L\u00f3pez<\/strong>. A m\u00e9s, <strong>\u00c1ngel Gonz\u00e1lez<\/strong> i<strong> Alex Vega<\/strong> tots dos en edat de juvenil van tenir la confian\u00e7a, tots dos van jugar i van entrar en moltes convocat\u00f2ries.<\/li><li><strong>Temporada 18\/19:<\/strong> El <strong>primer any a Tercera Divisi\u00f3<\/strong> el club va apostar pel juvenil <strong>Sergi Duarte<\/strong>, i novament amb <strong>\u00c1ngel Gonz\u00e1lez<\/strong> que va tornar a combinar el Juvenil i el 1r equip. Tamb\u00e9 va tenir minuts <strong>Lucas \u00c1lvarez<\/strong> i va debutar amb tan sols 16 anys <strong>Jordi Lozano<\/strong>.<\/li><li><strong>Temporada 19\/20: <\/strong>La temporada passada a <strong>Primera Catalana<\/strong> van ascendir a l&#8217;amateur: <strong>\u00c1ngel Gonz\u00e1lez, Lucas \u00c1lvarez, Jonathan Linares <\/strong>i <strong>Bruno Villagrasa<\/strong>.<\/li><li>Finalment, per a aquest curs van ascendir: <strong>\u00c0lex Montalb\u00e1n, Aleix D\u00edaz <\/strong>i el jove<strong> Aleix Hernando<\/strong> (per combinar el 1r equip i Juvenil A).<\/li><\/ul>\n\n\n\n<blockquote class=\"wp-block-quote is-layout-flow wp-block-quote-is-layout-flow\"><p>La <strong>Copa Catalunya<\/strong> tamb\u00e9 va portar oportunitats als joves. <strong>Michael Steeven, Marc Fern\u00e1ndez, Iv\u00e1n Campos, Gorka Mart\u00ednez, Antonio Masana, Joel Jarque <\/strong>i <strong>Mart\u00ed Garriga<\/strong> van debutar amb el Primer Equip en aquesta competici\u00f3. A m\u00e9s, <strong>Ferr\u00e1n Bulta<\/strong> i <strong>Alex Montalb\u00e1n<\/strong> van debutar a la final del <strong>Campionat de Catalunya Amateur<\/strong> 2018\/19.<\/p><\/blockquote>\n\n\n\n<p>Per davant tindrem una temporada 2021\/22 amb els grans a <strong>Tercera Divisi\u00f3 RFEF<\/strong> i el <strong>Juvenil A a Lliga Nacional<\/strong>.<\/p>\n\n\n\n<figure class=\"wp-block-image size-large is-resized\"><img loading=\"lazy\" decoding=\"async\" src=\"http:\/\/fegrama.cat\/web\/wp-content\/uploads\/2021\/05\/debutnemil-764x1024.jpeg\" alt=\"\" class=\"wp-image-28821\" width=\"363\" height=\"486\" srcset=\"http:\/\/fegrama.cat\/web\/wp-content\/uploads\/2021\/05\/debutnemil-764x1024.jpeg 764w, http:\/\/fegrama.cat\/web\/wp-content\/uploads\/2021\/05\/debutnemil-224x300.jpeg 224w, http:\/\/fegrama.cat\/web\/wp-content\/uploads\/2021\/05\/debutnemil-768x1029.jpeg 768w, http:\/\/fegrama.cat\/web\/wp-content\/uploads\/2021\/05\/debutnemil-1146x1536.jpeg 1146w, http:\/\/fegrama.cat\/web\/wp-content\/uploads\/2021\/05\/debutnemil.jpeg 1528w\" sizes=\"auto, (max-width: 363px) 100vw, 363px\" \/><figcaption>Nemil debut a Tercera Divisi\u00f3 contra el San Crist\u00f3bal.<\/figcaption><\/figure>\n\n\n\n<p>Subir del&nbsp;<strong>Juvenil A<\/strong>&nbsp;al&nbsp;<strong>Primer Equipo<\/strong>&nbsp;es lo que muchos j\u00f3venes desean y es algo que nos encanta ver en la Grama. El f\u00fatbol base de la entidad trabaja duro desde sus inicios para que todos los jugadores vayan creciendo y subiendo categor\u00edas para as\u00ed llegar, en un futuro, a lo m\u00e1s alto posible.&nbsp;<\/p>\n\n\n\n<p>El debut del joven <strong>Muhammed Nemil Valiyattil<\/strong> nos vuelve a mostrar lo importante que es para la Fundaci\u00f3 Esportiva Grama su base. Adem\u00e1s, esta temporada <strong>Juanma Pons<\/strong> tambi\u00e9n ha llevado convocado a varios porteros: <strong>Marcos Olmo<\/strong> hasta en 6 ocasiones (tres en la primera fase y otras tres en la segunda), <strong>Roger Estrada<\/strong> y <strong>Pedro Zamora<\/strong>, ambos en una ocasi\u00f3n.<\/p>\n\n\n\n<ul class=\"wp-block-list\"><li><strong>Temporada 14\/15<\/strong>:\u00a0<strong>J. Ram\u00f3n Carranza<\/strong>\u00a0cont\u00f3 con\u00a0<strong>Mohamed El Hichou<\/strong>, lateral protagonista del ascenso a Tercera Catalana, y con\u00a0<strong>Isaac Rosales<\/strong>.<\/li><li><strong>Temporada 15\/16: <\/strong>Esta vez Ram\u00f3n Carranza ascendi\u00f3 a <strong>Oriol Boix<\/strong>, el centrocampista consigui\u00f3 el ascenso a Segunda Catalana. El delantero\u00a0<strong>Brayan Caicedo<\/strong>\u00a0tambi\u00e9n subi\u00f3 pero al poco tiempo se march\u00f3 a Holanda.<\/li><li><strong>Temporada 16\/17: <\/strong>El entrenador <strong>Dani Andreu<\/strong> ascendi\u00f3 primeramente a <strong>Iv\u00e1n Campos<\/strong>, p\u00edvote que pod\u00eda actuar de lateral e interior, y m\u00e1s tarde a <strong>Michael Steeven<\/strong> (defensa).<\/li><li>Temporada 17\/18: En el ascenso a Tercera Divisi\u00f3n el t\u00e9cnico <strong>Jos\u00e9 Antonio Garc\u00eda Escribano<\/strong> tuvo en el equipo a\u00a0<strong>Gonzalo Larrosa<\/strong>\u00a0y el mediocentro\u00a0<strong>Miguel L\u00f3pez<\/strong>. Adem\u00e1s, <strong>\u00c1ngel Gonz\u00e1lez <\/strong>y<strong> Alex Vega<\/strong> ambos en edad de juvenil tuvieron la confianza, ambos jugaron y entraron en muchas convocatorias.<\/li><li>Temporada 18\/19: El primer a\u00f1o en\u00a0<strong>Tercera Divisi\u00f3n<\/strong>\u00a0el club apost\u00f3 por el juvenil\u00a0<strong>Sergi Duarte<\/strong>, y nuevamente con\u00a0<strong>\u00c1ngel Gonz\u00e1lez\u00a0<\/strong>que volvi\u00f3 a combinar el Juvenil y el 1r equipo. Tambi\u00e9n tuvo minutos\u00a0<strong>Lucas \u00c1lvarez<\/strong> y debut\u00f3 con tan s\u00f3lo 16 a\u00f1os <strong>Jordi Lozano<\/strong>.<\/li><li>Temporada 19\/20: La pasada temporada en\u00a0<strong>Primera Catalana\u00a0<\/strong>ascendieron al amateur:\u00a0<strong>\u00c1ngel Gonz\u00e1lez, Lucas \u00c1lvarez, Jonathan Linares\u00a0<\/strong>y<strong>\u00a0Bruno Villagrasa<\/strong>. <\/li><li>Finalmente, para este curso ascendieron:<strong> \u00c1lex Montalb\u00e1n, Aleix D\u00edaz<\/strong> y el joven <strong>Aleix Hernando<\/strong> (para combinar el 1r equipo y Juvenil A).<\/li><\/ul>\n\n\n\n<blockquote class=\"wp-block-quote is-layout-flow wp-block-quote-is-layout-flow\"><p>La&nbsp;<strong>Copa Catalunya<\/strong> tambi\u00e9n traj\u00f3 oportunidades a los j\u00f3venes.&nbsp;<strong>Michael Steeven<\/strong>,&nbsp;<strong>Marc Fern\u00e1ndez<\/strong>,&nbsp;<strong>Iv\u00e1n Campos<\/strong>,&nbsp;<strong>Gorka Mart\u00ednez<\/strong>,&nbsp;<strong>Antonio Masana<\/strong>,&nbsp;<strong>Joel Jarque<\/strong>&nbsp;y&nbsp;<strong>Mart\u00ed Garriga<\/strong>&nbsp;debutaron con el Primer Equipo en esta competici\u00f3n. Adem\u00e1s, <strong>Ferr\u00e1n Bulta<\/strong> y <strong>Alex Montalb\u00e1n<\/strong> debutaron en la final del <strong>Campeonato de Catalunya Amateur<\/strong> 2018\/19.<\/p><\/blockquote>\n\n\n\n<p>Por delante tendremos una temporada 2021\/22 con los grandes en <strong>Tercera Divisi\u00f3n RFEF <\/strong>y el Juvenil A en <strong>Liga Nacional<\/strong>.<\/p>\n","protected":false},"excerpt":{"rendered":"<p>Pujar del Juvenil A al Primer Equip \u00e9s el que molts joves volen i \u00e9s una cosa que ens encanta veure a la Grama. El futbol base de l&#8217;entitat treballa dur des dels seus inicis perqu\u00e8 tots els jugadors vagin creixent i pujant categories per aix\u00ed arribar, en un futur, al m\u00e9s alt possible. El [&hellip;]<\/p>\n","protected":false},"author":1,"featured_media":28821,"comment_status":"closed","ping_status":"closed","sticky":false,"template":"","format":"standard","meta":{"footnotes":""},"categories":[4,6,14,5],"tags":[],"class_list":["post-28675","post","type-post","status-publish","format-standard","has-post-thumbnail","hentry","category-base-inclusiu","category-juvenils","category-noticies","category-primer-equip"],"_links":{"self":[{"href":"http:\/\/fegrama.cat\/web\/wp-json\/wp\/v2\/posts\/28675","targetHints":{"allow":["GET"]}}],"collection":[{"href":"http:\/\/fegrama.cat\/web\/wp-json\/wp\/v2\/posts"}],"about":[{"href":"http:\/\/fegrama.cat\/web\/wp-json\/wp\/v2\/types\/post"}],"author":[{"embeddable":true,"href":"http:\/\/fegrama.cat\/web\/wp-json\/wp\/v2\/users\/1"}],"replies":[{"embeddable":true,"href":"http:\/\/fegrama.cat\/web\/wp-json\/wp\/v2\/comments?post=28675"}],"version-history":[{"count":8,"href":"http:\/\/fegrama.cat\/web\/wp-json\/wp\/v2\/posts\/28675\/revisions"}],"predecessor-version":[{"id":28962,"href":"http:\/\/fegrama.cat\/web\/wp-json\/wp\/v2\/posts\/28675\/revisions\/28962"}],"wp:featuredmedia":[{"embeddable":true,"href":"http:\/\/fegrama.cat\/web\/wp-json\/wp\/v2\/media\/28821"}],"wp:attachment":[{"href":"http:\/\/fegrama.cat\/web\/wp-json\/wp\/v2\/media?parent=28675"}],"wp:term":[{"taxonomy":"category","embeddable":true,"href":"http:\/\/fegrama.cat\/web\/wp-json\/wp\/v2\/categories?post=28675"},{"taxonomy":"post_tag","embeddable":true,"href":"http:\/\/fegrama.cat\/web\/wp-json\/wp\/v2\/tags?post=28675"}],"curies":[{"name":"wp","href":"https:\/\/api.w.org\/{rel}","templated":true}]}}