{"id":28670,"date":"2021-05-03T23:03:29","date_gmt":"2021-05-03T22:03:29","guid":{"rendered":"http:\/\/fegrama.cat\/web\/?p=28670"},"modified":"2021-05-10T10:38:07","modified_gmt":"2021-05-10T09:38:07","slug":"croniques-benjamins-amb-la-golejada-del-b","status":"publish","type":"post","link":"http:\/\/fegrama.cat\/web\/croniques-benjamins-amb-la-golejada-del-b\/","title":{"rendered":"Cr\u00f2niques Benjamins amb la golejada del \u00abB\u00bb"},"content":{"rendered":"\n<p><strong>Llefi\u00e0 \u201cC\u201d 2 &#8211; Benjam\u00ed \u201cB\u201d 7<\/strong><\/p>\n\n\n\n<p>Els del Benjam\u00ed \u00abB\u00bb van jugar un partit que, malgrat el resultat, es va haver de treballar i sofrir per a poder guanyar. Els blaus van comen\u00e7ar una mica dubitatius, per les condicions del camp i la pluja. Sense poder jugar la pilota c\u00f2modament, no van aconseguir controlar el partit; per\u00f2 tot i no trobar el joc els nostres es van poder posar per davant en el marcador deixant el partit a 0 a 1 cap a la mitja part.<\/p>\n\n\n\n<p>En la segona part encara que s&#8217;anava una mica millor, els de la Grama seguien una mica imprecisos, fruit de la precipitaci\u00f3 i dels nervis. Despr\u00e9s d&#8217;una bona jugada \u00abconvinativa\u00bb, el jugador Mart\u00ed va marcar el segon gol. No obstant aix\u00f2, l&#8217;equip rival va estr\u00e8nyer a dalt i va augmentar la intensitat, retallant dist\u00e0ncies de falta que va posar el marcador a 1-2. Minuts m\u00e9s tard, en un desajustament defensiu, els nostres van aconseguir empatar el partit (2-2).<\/p>\n\n\n\n<p>En el tercer quart de joc, van millorar les condicions del camp i la pilota tornava a c\u00f3rrer amb normalitat. La Grama es va bolcar en atac i va disposar de diverses ocasions per a marcar, sense fortuna. El jugador Iker va manar la pilota al pal, i Edgar, just abans del final, va aconseguir marcar en un tret lluny\u00e0 que va enxampar desprevingut al porter posant el 2 a 3.<\/p>\n\n\n\n<p>En l&#8217;\u00faltim quart de joc ja hi havia m\u00e9s calma, girant d&#8217;un costat a l&#8217;altre i distribuint la pilota amb criteri. Edgar va anotar dos gols (2-5), als quals es van sumar els d&#8217;Hugo i Iker, que van acabar de tancar el partit amb el gran resultat de 2 a 7.<\/p>\n\n\n\n<p><\/p>\n\n\n\n<hr class=\"wp-block-separator is-style-dots\"\/>\n\n\n\n<p><\/p>\n\n\n\n<p><strong>Llefi\u00e0 \u201cC\u201d 2 &#8211; Benjam\u00edn \u201cB\u201d 7<\/strong><\/p>\n\n\n\n<p>Los del Benjam\u00edn \u201cB\u201d jugaron un partido que a pesar del resultado se tuvo que trabajar y sufrir para poder ganar.<\/p>\n\n\n\n<p>Los azules empezaron algo dubitativos, por las condiciones del campo y la lluvia. Sin poder jugar el bal\u00f3n c\u00f3modamente, no consiguieron controlar el partido; pero a pesar de no encontrar el juego los nuestros se pudieron poner por delante en el marcador dejando el partido a 0 a 1 hacia la media parte.<\/p>\n\n\n\n<p>En la segunda parte aunque se iba algo mejor, los de la Grama segu\u00edan algo imprecisos, fruto de la precipitaci\u00f3n y de los nervios. Tras una buena jugada combinativa, el jugador Mart\u00ed marc\u00f3 el segundo. No obstante, el equipo rival apret\u00f3 arriba y aument\u00f3 la intensidad, recortando distancias de falta que puso el marcador a 1-2. Minutos m\u00e1s tarde, en un desajuste defensivo, los nuestros lograron empatar el partido (2-2).<\/p>\n\n\n\n<p>En el tercer cuarto, mejoraron las condiciones del campo y el bal\u00f3n volv\u00eda a correr con normalidad. La Grama se volc\u00f3 en ataque y dispuso de varias ocasiones para marcar, sin fortuna. El jugador Iker mand\u00f3 el bal\u00f3n al palo, y Edgar, justo antes del final, logr\u00f3 marcar en un disparo lejano que pill\u00f3 desprevenido al portero poniendo el 2 a 3.&nbsp;<\/p>\n\n\n\n<p>En el \u00faltimo cuarto de juego ya hab\u00eda m\u00e1s calma, girando de un lado al otro y distribuyendo el bal\u00f3n con criterio. Edgar anot\u00f3 dos goles (2-5), a los que se sumaron los de Hugo e Iker, que acabaron de cerrar el partido con el gran resultado de 2 a 7.<\/p>\n\n\n\n<p><\/p>\n\n\n\n<hr class=\"wp-block-separator is-style-wide\"\/>\n\n\n\n<p><\/p>\n\n\n\n<p><strong>Benjam\u00ed \u201cD\u201d 3 &#8211; Sistrells 4<\/strong><\/p>\n\n\n\n<p>El dissabte passat els nostres petits del Benjam\u00ed \u00abD\u00bb van jugar el seu partit contra l&#8217;equip local amb una pressi\u00f3 alta en la primera part de joc, la qual cosa va fer que es posicionessin primers en el marcador r\u00e0pidament. Aix\u00f2 fa anar al segon quart de joc als nostres amb ganes de m\u00e9s, per\u00f2 en aquest quart passa m\u00e9s del mateix, amb la difer\u00e8ncia que els nostres ara toquen m\u00e9s pilota i ho controlen millor per a no anar tan r\u00e0pidament a la porteria rival; cal destacar que l&#8217;estat del terreny de joc estava mullat, encara que aquest no va ser impediment per al nostre jugador Gerard que va llan\u00e7ar una pilota rasa i r\u00e0pida aconseguint el segon punt per a l&#8217;equip local. El segon quart acaba novament amb un robatori de pilota per part dels blaus que es transforma en el tercer gol de la Grama.<\/p>\n\n\n\n<p>Comen\u00e7a el tercer quart de joc, que semblava que anava a seguir igual, per\u00f2 l&#8217;equip local ja no ataca tant, ja no mant\u00e9 tant la possessi\u00f3 de pilota, sembla que es van relaxar per portar avantatge (3-0) el que porta a l&#8217;equip visitant a encaixar dos gols r\u00e0pidament sense poder reaccionar entre l&#8217;un i l&#8217;altre.<\/p>\n\n\n\n<p>Comen\u00e7a l&#8217;\u00faltim quart de joc, en el qual l&#8217;equip local segueix amb aquesta baixada d&#8217;intensitat i de joc el que torna a fer que els encaixin dos gols en contra de nou, els \u00faltims cinc minuts l&#8217;equip local torna a pujar la intensitat amb un \u00fanic defensa, quatre jugadors al mig camp i un davanter, la qual cosa fa que l&#8217;equip visitant es tanqui enrere per a mantenir el seu resultat a favor, i al final acaba el partit, un partit molt lluitat per tots dos equips i molt competit.<\/p>\n\n\n\n<p><\/p>\n\n\n\n<hr class=\"wp-block-separator is-style-dots\"\/>\n\n\n\n<p><\/p>\n\n\n\n<p><strong>Benjam\u00edn \u201cD\u201d 3 &#8211; Sistrells 4<\/strong><\/p>\n\n\n\n<p>El s\u00e1bado pasado nuestros peque\u00f1os del Benjam\u00edn \u201cD\u201d jugaron su partido contra el equipo local con una presi\u00f3n alta en el primer cuarto de juego, lo que hace que se posicionen primeros en el marcador. Eso hace ir al segundo cuarto de juego a los nuestros con ganas de m\u00e1s, pero en este cuarto pasa m\u00e1s de lo mismo, con la diferencia de que los nuestros ahora tocan m\u00e1s bal\u00f3n y lo controlan mejor para no ir tan r\u00e1pidamente a la porter\u00eda rival; cabe destacar que el estado del terreno de juego estaba mojado, aunque este no fue impedimiento para nuestro jugador Gerard que puedo lanzar un bal\u00f3n raso y r\u00e1pido consiguiendo el segundo tanto para el equipo local. El segundo cuarto acaba nuevamente con un robo de bal\u00f3n por parte de los azules que se transforma en el tercer gol de la Grama.<\/p>\n\n\n\n<p>Comienza el tercer cuarto de juego, que parec\u00eda que iba a seguir igual, pero el equipo local ya no ataca tanto, ya no mantiene tanto la posesi\u00f3n de bal\u00f3n, debido a que parece que se relajaron por llevar ventaja (3-0) lo que lleva al equipo visitante a encajar dos goles r\u00e1pidamente sin poder reaccionar entre uno y otro.<\/p>\n\n\n\n<p>Empieza el \u00faltimo cuarto de juego, en el cual el equipo local sigue con esa bajada de intensidad y de juego lo que vuelve a hacer que les encajen dos goles en contra de nuevo, los \u00faltimos cinco minutos el equipo local vuelve a subir la intensidad con un \u00fanico defensa, cuatro jugadores en medio campo y un delantero, lo que hace que el equipo visitante se encierre atr\u00e1s para mantener su resultado a favor, y al final acaba el partido, un partido muy luchado por ambos equipos y muy competido.<\/p>\n\n\n\n<p><\/p>\n\n\n\n<hr class=\"wp-block-separator is-style-wide\"\/>\n\n\n\n<p><\/p>\n\n\n\n<p><strong>Bufala C.F \u201cC\u201d 1 &#8211; Benjam\u00ed \u201cE\u201d 2<\/strong><\/p>\n\n\n\n<p>Aquest cap de setmana passat el Benjam\u00ed \u00abE\u00bb va tornar a guanyar al camp del Bufala amb el resultat d&#8217;1 a 2.<\/p>\n\n\n\n<p>Els nostres van comen\u00e7ar fent una pressi\u00f3 quan l&#8217;equip rival treia de mig del camp, i aix\u00f2, li permetia poder tenir el control del partit i que l&#8217;equip contrari no sort\u00eds del seu camp.<\/p>\n\n\n\n<p>El primer gol vindria per una gran jugada d&#8217;Osaze per la banda que s&#8217;aniria de tres jugadors i faria una gran centrada que Hugo remataria de primeres donant el primer gol per la Grama.<\/p>\n\n\n\n<p>Al segon quart de joc, el porter dels blaus va fer una gran intervenci\u00f3 per mantenir el 0-1, a la pr\u00f2xima jugada el porter li va fer un \u00abpase de camp a camp\u00bb a l&#8217;Ian que amb molta classe li faria un xut a l&#8217;escuadra dreta del porter.<\/p>\n\n\n\n<p>A la segona part el Bufala a un c\u00f3rner va poder retallar dist\u00e0ncies, per\u00f2 les grans possessions de la Grama van fer que els jugadors de Juli s&#8217;emportessin els tres punts a Santa Coloma.<\/p>\n\n\n\n<p><\/p>\n\n\n\n<hr class=\"wp-block-separator is-style-dots\"\/>\n\n\n\n<p><\/p>\n\n\n\n<p><strong>Bufala C.F \u201cC\u201d 1 &#8211; Benjam\u00edn \u201cE\u201d 2<\/strong><\/p>\n\n\n\n<p>Este fin de semana pasado el Benjam\u00edn \u00abE\u00bb volvi\u00f3 a ganar en el campo del Bufala con el resultado de 1 a 2.<\/p>\n\n\n\n<p>Los nuestros empezaron haciendo una presi\u00f3n cuando el equipo rival sacaba de medio del campo, y esto, le permit\u00eda poder tener el control del partido y que el equipo contrario no saliera de su campo.<\/p>\n\n\n\n<p>El primer gol vendr\u00eda por una gran jugada de Osaze por la banda que se ir\u00eda de tres jugadores y har\u00eda una grande centrada que Hugo rematar\u00eda de primeras dando el primer gol por la Grama.<\/p>\n\n\n\n<p>En el segundo cuarto de juego, el portero de los azules hizo una gran intervenci\u00f3n para mantener el 0-1, a la pr\u00f3xima jugada el portero le hizo un \u00abpase de campo a campo\u00bb a Ian que con mucha clase le har\u00eda un chute a la escuadra derecha del portero.<br>A la segunda parte los del Bufala en un c\u00f3rner pudieron recortar distancias, pero las grandes posesiones de la Grama hicieron que los jugadores de Juli se llevaran los tres puntos a Santa Coloma.<\/p>\n","protected":false},"excerpt":{"rendered":"<p>Llefi\u00e0 \u201cC\u201d 2 &#8211; Benjam\u00ed \u201cB\u201d 7 Els del Benjam\u00ed \u00abB\u00bb van jugar un partit que, malgrat el resultat, es va haver de treballar i sofrir per a poder guanyar. Els blaus van comen\u00e7ar una mica dubitatius, per les condicions del camp i la pluja. Sense poder jugar la pilota c\u00f2modament, no van aconseguir controlar [&hellip;]<\/p>\n","protected":false},"author":1,"featured_media":0,"comment_status":"closed","ping_status":"closed","sticky":false,"template":"","format":"standard","meta":{"footnotes":""},"categories":[4,11],"tags":[],"class_list":["post-28670","post","type-post","status-publish","format-standard","hentry","category-base-inclusiu","category-benjamins"],"_links":{"self":[{"href":"http:\/\/fegrama.cat\/web\/wp-json\/wp\/v2\/posts\/28670","targetHints":{"allow":["GET"]}}],"collection":[{"href":"http:\/\/fegrama.cat\/web\/wp-json\/wp\/v2\/posts"}],"about":[{"href":"http:\/\/fegrama.cat\/web\/wp-json\/wp\/v2\/types\/post"}],"author":[{"embeddable":true,"href":"http:\/\/fegrama.cat\/web\/wp-json\/wp\/v2\/users\/1"}],"replies":[{"embeddable":true,"href":"http:\/\/fegrama.cat\/web\/wp-json\/wp\/v2\/comments?post=28670"}],"version-history":[{"count":1,"href":"http:\/\/fegrama.cat\/web\/wp-json\/wp\/v2\/posts\/28670\/revisions"}],"predecessor-version":[{"id":28671,"href":"http:\/\/fegrama.cat\/web\/wp-json\/wp\/v2\/posts\/28670\/revisions\/28671"}],"wp:attachment":[{"href":"http:\/\/fegrama.cat\/web\/wp-json\/wp\/v2\/media?parent=28670"}],"wp:term":[{"taxonomy":"category","embeddable":true,"href":"http:\/\/fegrama.cat\/web\/wp-json\/wp\/v2\/categories?post=28670"},{"taxonomy":"post_tag","embeddable":true,"href":"http:\/\/fegrama.cat\/web\/wp-json\/wp\/v2\/tags?post=28670"}],"curies":[{"name":"wp","href":"https:\/\/api.w.org\/{rel}","templated":true}]}}