{"id":28668,"date":"2021-05-03T20:38:59","date_gmt":"2021-05-03T19:38:59","guid":{"rendered":"http:\/\/fegrama.cat\/web\/?p=28668"},"modified":"2021-05-03T20:38:59","modified_gmt":"2021-05-03T19:38:59","slug":"cronica-de-lalevi-d","status":"publish","type":"post","link":"http:\/\/fegrama.cat\/web\/cronica-de-lalevi-d\/","title":{"rendered":"Cr\u00f2nica de l&#8217;Alev\u00ed \u00abD\u00bb"},"content":{"rendered":"\n<p><strong>Alev\u00ed \u201cD\u201d 5 &#8211; Congr\u00e9s 4<\/strong><\/p>\n\n\n\n<p>Diumenge passat els nostres Alevins del \u00abD\u00bb van jugar el seu partit setmanal, molt sofert i disputat.<\/p>\n\n\n\n<p>Els contraris malgrat ser l&#8217;\u00faltim equip de la taula, van saber posar les coses dif\u00edcils als de la Grama, aix\u00ed i tot, els nostres es van posar per davant en el marcador en el 5 a 4 final, tenint en compte que al principi els blaus estar una mica adormits i van sortir fluixos, amb poca intensitat&#8230; S\u00f3n tres punts que havien de ser obligatoris!, aix\u00ed que l&#8217;entrenador es mostra content per aquests tres puntets i per l&#8217;actitud en l&#8217;\u00faltim quart traient cap endavant el partit, per\u00f2 no amb l&#8217;actitud dels primers minuts.<\/p>\n\n\n\n<p>Toca seguir treballant!\u00a0<\/p>\n\n\n\n<p><\/p>\n\n\n\n<hr class=\"wp-block-separator is-style-wide\"\/>\n\n\n\n<p><\/p>\n\n\n\n<p><strong>Alev\u00edn \u201cD\u201d 5 &#8211; Congr\u00e9s 4<\/strong><\/p>\n\n\n\n<p>El pasado domingo nuestros Alevines del \u201cD\u201d jugaron su partido semanal, muy sufrido y disputado.&nbsp;<\/p>\n\n\n\n<p>Los contrarios pese a ser el \u00faltimo equipo de la tabla, supieron poner las cosas dif\u00edciles a los de la Grama, aun as\u00ed los nuestros se pusieron por delante en el marcador en el 5 a 4 final, a pesar de al principio estar un poco dormidos y salir flojos, con poca intensidad\u2026 \u00a1Son tres puntos que ten\u00edan que ser obligatorios! as\u00ed que el entrenador se muestra contento por esos tres puntitos y por la actitud en el \u00faltimo cuarto sacando hacia adelante el partido, pero no con la actitud de los primeros minutos. Toca seguir trabajando!<\/p>\n","protected":false},"excerpt":{"rendered":"<p>Alev\u00ed \u201cD\u201d 5 &#8211; Congr\u00e9s 4 Diumenge passat els nostres Alevins del \u00abD\u00bb van jugar el seu partit setmanal, molt sofert i disputat. Els contraris malgrat ser l&#8217;\u00faltim equip de la taula, van saber posar les coses dif\u00edcils als de la Grama, aix\u00ed i tot, els nostres es van posar per davant en el marcador [&hellip;]<\/p>\n","protected":false},"author":1,"featured_media":0,"comment_status":"closed","ping_status":"closed","sticky":false,"template":"","format":"standard","meta":{"footnotes":""},"categories":[10],"tags":[],"class_list":["post-28668","post","type-post","status-publish","format-standard","hentry","category-alevins"],"_links":{"self":[{"href":"http:\/\/fegrama.cat\/web\/wp-json\/wp\/v2\/posts\/28668","targetHints":{"allow":["GET"]}}],"collection":[{"href":"http:\/\/fegrama.cat\/web\/wp-json\/wp\/v2\/posts"}],"about":[{"href":"http:\/\/fegrama.cat\/web\/wp-json\/wp\/v2\/types\/post"}],"author":[{"embeddable":true,"href":"http:\/\/fegrama.cat\/web\/wp-json\/wp\/v2\/users\/1"}],"replies":[{"embeddable":true,"href":"http:\/\/fegrama.cat\/web\/wp-json\/wp\/v2\/comments?post=28668"}],"version-history":[{"count":1,"href":"http:\/\/fegrama.cat\/web\/wp-json\/wp\/v2\/posts\/28668\/revisions"}],"predecessor-version":[{"id":28669,"href":"http:\/\/fegrama.cat\/web\/wp-json\/wp\/v2\/posts\/28668\/revisions\/28669"}],"wp:attachment":[{"href":"http:\/\/fegrama.cat\/web\/wp-json\/wp\/v2\/media?parent=28668"}],"wp:term":[{"taxonomy":"category","embeddable":true,"href":"http:\/\/fegrama.cat\/web\/wp-json\/wp\/v2\/categories?post=28668"},{"taxonomy":"post_tag","embeddable":true,"href":"http:\/\/fegrama.cat\/web\/wp-json\/wp\/v2\/tags?post=28668"}],"curies":[{"name":"wp","href":"https:\/\/api.w.org\/{rel}","templated":true}]}}