{"id":28659,"date":"2021-05-03T18:17:59","date_gmt":"2021-05-03T17:17:59","guid":{"rendered":"http:\/\/fegrama.cat\/web\/?p=28659"},"modified":"2021-05-03T18:19:41","modified_gmt":"2021-05-03T17:19:41","slug":"dia-de-la-mare-i-una-victoria-a-la-butxaca-per-infantil-c","status":"publish","type":"post","link":"http:\/\/fegrama.cat\/web\/dia-de-la-mare-i-una-victoria-a-la-butxaca-per-infantil-c\/","title":{"rendered":"Dia de la mare i una vict\u00f2ria a la butxaca per Infantil \u00abC\u00bb"},"content":{"rendered":"\n<p><strong>Arrabal 2 &#8211; Intantil \u201cC\u201d 3<\/strong><\/p>\n\n\n\n<p>El diumenge passat, dia de la mare, els nostres nens de l&#8217;Infantil \u00abC\u00bb van jugar un partit molt complicat en el camp del Arrabal, per\u00f2 que encara aix\u00ed es va poder guanyar.&nbsp;<\/p>\n\n\n\n<p>Els nostres petits o ja no tan petits de la Grama van comen\u00e7ar dominant i mantenint la possessi\u00f3, generant perill a dalt. R\u00e0pidament els blaus van ser els qui van posar el marcador 0 a 2 i van encarrilar b\u00e9 tot el que quedava de partit.&nbsp;<\/p>\n\n\n\n<p>En comen\u00e7ar la segona part el partit va comen\u00e7ar a igualar-se i tots dos equips van tenir ocasions clares, per\u00f2 va ser el contrari qui va aconseguir empatar mancant vuit minuts de joc. La Grama que mai es det\u00e9 va reaccionar b\u00e9 i en l&#8217;\u00faltima jugada del partit va marcar, el decisiu i tercer gol en una gran rematada de cap del jugador Hugo per a aconseguir aix\u00ed una vict\u00f2ria important\u00edssima i mantenir-se a dalt en la lliga.&nbsp;<\/p>\n\n\n\n<p>En acabar el partit, els nostres jugadors van fer homenatge a les mares.<\/p>\n\n\n\n<figure class=\"wp-block-gallery columns-1 is-cropped wp-block-gallery-1 is-layout-flex wp-block-gallery-is-layout-flex\"><ul class=\"blocks-gallery-grid\"><li class=\"blocks-gallery-item\"><figure><img loading=\"lazy\" decoding=\"async\" width=\"1024\" height=\"768\" src=\"http:\/\/fegrama.cat\/web\/wp-content\/uploads\/2021\/05\/INFANTIL-C-1024x768.jpeg\" alt=\"\" data-id=\"28660\" data-full-url=\"http:\/\/fegrama.cat\/web\/wp-content\/uploads\/2021\/05\/INFANTIL-C.jpeg\" data-link=\"http:\/\/fegrama.cat\/web\/?attachment_id=28660\" class=\"wp-image-28660\" srcset=\"http:\/\/fegrama.cat\/web\/wp-content\/uploads\/2021\/05\/INFANTIL-C-1024x768.jpeg 1024w, http:\/\/fegrama.cat\/web\/wp-content\/uploads\/2021\/05\/INFANTIL-C-300x225.jpeg 300w, http:\/\/fegrama.cat\/web\/wp-content\/uploads\/2021\/05\/INFANTIL-C-768x576.jpeg 768w, http:\/\/fegrama.cat\/web\/wp-content\/uploads\/2021\/05\/INFANTIL-C-1536x1152.jpeg 1536w, http:\/\/fegrama.cat\/web\/wp-content\/uploads\/2021\/05\/INFANTIL-C.jpeg 2048w\" sizes=\"auto, (max-width: 1024px) 100vw, 1024px\" \/><\/figure><\/li><\/ul><\/figure>\n\n\n\n<p><\/p>\n\n\n\n<hr class=\"wp-block-separator is-style-wide\"\/>\n\n\n\n<p><\/p>\n\n\n\n<p><strong>Arrabal 2 &#8211; Intantil \u201cC\u201d 3<\/strong><\/p>\n\n\n\n<p>El pasado domingo d\u00eda de la madre, nuestros peques del Infantil \u201cC\u201d jugaron un partido muy complicado en el campo del Arrabal, pero que aun as\u00ed se pudo ganar.<\/p>\n\n\n\n<p>Nuestros peque\u00f1os o ya no tan peque\u00f1os de la Grama empezaron dominando y manteniendo la posesi\u00f3n, generando peligro arriba. R\u00e1pidamente los azules fueron quienes pusieron el marcador 0 a 2 y encarrilaron bien todo lo que quedaba de partido.&nbsp;<\/p>\n\n\n\n<p>Al empezar la segunda parte el partido empez\u00f3 a igualarse y ambos equipos tuvieron ocasiones claras, pero fue el contrario quien consigui\u00f3 empatar a falta de ocho minutos de juego. La Grama que nunca se detiene reaccion\u00f3 bien y en la \u00faltima jugada del partido marc\u00f3, el decisivo y tercer gol en un gran remate de cabeza del jugador Hugo para conseguir as\u00ed una victoria important\u00edsima y mantenerse arriba en la liga.<\/p>\n\n\n\n<p>Al final del partido los jugadores tuvieron un bonito gesto con las madres.<\/p>\n","protected":false},"excerpt":{"rendered":"<p>Arrabal 2 &#8211; Intantil \u201cC\u201d 3 El diumenge passat, dia de la mare, els nostres nens de l&#8217;Infantil \u00abC\u00bb van jugar un partit molt complicat en el camp del Arrabal, per\u00f2 que encara aix\u00ed es va poder guanyar.&nbsp; Els nostres petits o ja no tan petits de la Grama van comen\u00e7ar dominant i mantenint la [&hellip;]<\/p>\n","protected":false},"author":1,"featured_media":0,"comment_status":"closed","ping_status":"closed","sticky":false,"template":"","format":"standard","meta":{"footnotes":""},"categories":[9],"tags":[],"class_list":["post-28659","post","type-post","status-publish","format-standard","hentry","category-infantils"],"_links":{"self":[{"href":"http:\/\/fegrama.cat\/web\/wp-json\/wp\/v2\/posts\/28659","targetHints":{"allow":["GET"]}}],"collection":[{"href":"http:\/\/fegrama.cat\/web\/wp-json\/wp\/v2\/posts"}],"about":[{"href":"http:\/\/fegrama.cat\/web\/wp-json\/wp\/v2\/types\/post"}],"author":[{"embeddable":true,"href":"http:\/\/fegrama.cat\/web\/wp-json\/wp\/v2\/users\/1"}],"replies":[{"embeddable":true,"href":"http:\/\/fegrama.cat\/web\/wp-json\/wp\/v2\/comments?post=28659"}],"version-history":[{"count":2,"href":"http:\/\/fegrama.cat\/web\/wp-json\/wp\/v2\/posts\/28659\/revisions"}],"predecessor-version":[{"id":28662,"href":"http:\/\/fegrama.cat\/web\/wp-json\/wp\/v2\/posts\/28659\/revisions\/28662"}],"wp:attachment":[{"href":"http:\/\/fegrama.cat\/web\/wp-json\/wp\/v2\/media?parent=28659"}],"wp:term":[{"taxonomy":"category","embeddable":true,"href":"http:\/\/fegrama.cat\/web\/wp-json\/wp\/v2\/categories?post=28659"},{"taxonomy":"post_tag","embeddable":true,"href":"http:\/\/fegrama.cat\/web\/wp-json\/wp\/v2\/tags?post=28659"}],"curies":[{"name":"wp","href":"https:\/\/api.w.org\/{rel}","templated":true}]}}