{"id":28656,"date":"2021-05-03T17:59:53","date_gmt":"2021-05-03T16:59:53","guid":{"rendered":"http:\/\/fegrama.cat\/web\/?p=28656"},"modified":"2021-05-03T17:59:53","modified_gmt":"2021-05-03T16:59:53","slug":"el-nostre-cadet-b-continua-amb-la-seva-ratxa-de-grans-victories","status":"publish","type":"post","link":"http:\/\/fegrama.cat\/web\/el-nostre-cadet-b-continua-amb-la-seva-ratxa-de-grans-victories\/","title":{"rendered":"El nostre Cadet \u00abB\u00bb continua amb la seva ratxa de GRANS vict\u00f2ries!"},"content":{"rendered":"\n<p><strong>Vila olimpica Club Esp. \u201cC\u201d 0 &#8211; Cadet \u201cB\u201d 8<\/strong><\/p>\n\n\n\n<p>El nostre cadet B continua amb la seva ratxa de vict\u00f2ries. Aquesta vegada, en el Municipal Clot de la Mel, contra el CE Vila Ol\u00edmpica. Un partit en el qual, malgrat l&#8217;inflat del marcador, l&#8217;equip va haver de mantenir-se molt concentrat i seri\u00f3s per a poder minimitzar l&#8217;embranzida del rival.<\/p>\n\n\n\n<p>El cos t\u00e8cnic es va expressar en els seg\u00fcents termes: \u00abNo \u00e9s f\u00e0cil jugar fora de casa i aconseguir una vict\u00f2ria tan clara. Tots els equips estan molt preparats i, com s&#8217;estan veient en els resultats de la resta de partits del grup, hi ha molts \u201cmini partits\u201d dins del mateix partit. Existeixen marcadors com 4-4, 2-6, en trobades que, de sobte, els equips que van amb clar avantatge en el marcador s\u00f3n remuntats. Aix\u00f2 \u00e9s el que destaquem dels nostres nois, la seva capacitat per a mantenir-se concentrats els 80 minuts i en una l\u00ednia regular de joc i esfor\u00e7 alt\u00bb.<\/p>\n\n\n\n<p>La setmana que ve s&#8217;enfrontaran al quart classificat i, a m\u00e9s, sent un dels derbis Colomencs. El Raval-Calaf Gramanet CD visitar\u00e0 les instal\u00b7lacions del Nou Municipal de Santa Coloma, el dissabte a les 10:45h.<\/p>\n\n\n\n<p><\/p>\n\n\n\n<hr class=\"wp-block-separator is-style-wide\"\/>\n\n\n\n<p><\/p>\n\n\n\n<p><strong>Vila olimpica Club Esp. \u201cC\u201d 0 &#8211; Cadete \u201cB\u201d 8<\/strong><\/p>\n\n\n\n<p>Nuestro cadete B contin\u00faa con su racha de victorias. Esta vez, en el Municipal. Clot de la Mel, contra el CE Vila Ol\u00edmpica. Un partido en el que, a pesar de lo abultado del marcador, el equipo tuvo que mantenerse muy concentrado y serio para poder minimizar el empuje del rival.<\/p>\n\n\n\n<p>El cuerpo t\u00e9cnico se expres\u00f3 en los siguientes t\u00e9rminos: \u201cNo es f\u00e1cil jugar fuera de casa y conseguir una victoria tan clara. Todos los equipos est\u00e1n muy preparados y, como se est\u00e1n viendo en los resultados del resto de partidos del grupo, hay muchos mini partidos dentro del propio partido. Existen marcadores como 4-4, 2-6, en encuentros que, de repente, los equipos que van con clara ventaja en el marcador son remontados. Esto es lo que destacamos de nuestros chicos, su capacidad para mantenerse concentrados los 80 minutos y en una l\u00ednea regular de juego y esfuerzo alto\u201d.<\/p>\n\n\n\n<p>La semana que viene se enfrentar\u00e1n al cuarto clasificado y, adem\u00e1s, siendo uno de los derbis Colomenses. El Arrabal-Calaf Gramanet CD visitar\u00e1 las instalaciones del Nou Municipal de Santa Coloma, el s\u00e1bado, a las 10:45h.<\/p>\n","protected":false},"excerpt":{"rendered":"<p>Vila olimpica Club Esp. \u201cC\u201d 0 &#8211; Cadet \u201cB\u201d 8 El nostre cadet B continua amb la seva ratxa de vict\u00f2ries. Aquesta vegada, en el Municipal Clot de la Mel, contra el CE Vila Ol\u00edmpica. Un partit en el qual, malgrat l&#8217;inflat del marcador, l&#8217;equip va haver de mantenir-se molt concentrat i seri\u00f3s per a [&hellip;]<\/p>\n","protected":false},"author":1,"featured_media":0,"comment_status":"closed","ping_status":"closed","sticky":false,"template":"","format":"standard","meta":{"footnotes":""},"categories":[7],"tags":[],"class_list":["post-28656","post","type-post","status-publish","format-standard","hentry","category-cadets"],"_links":{"self":[{"href":"http:\/\/fegrama.cat\/web\/wp-json\/wp\/v2\/posts\/28656","targetHints":{"allow":["GET"]}}],"collection":[{"href":"http:\/\/fegrama.cat\/web\/wp-json\/wp\/v2\/posts"}],"about":[{"href":"http:\/\/fegrama.cat\/web\/wp-json\/wp\/v2\/types\/post"}],"author":[{"embeddable":true,"href":"http:\/\/fegrama.cat\/web\/wp-json\/wp\/v2\/users\/1"}],"replies":[{"embeddable":true,"href":"http:\/\/fegrama.cat\/web\/wp-json\/wp\/v2\/comments?post=28656"}],"version-history":[{"count":1,"href":"http:\/\/fegrama.cat\/web\/wp-json\/wp\/v2\/posts\/28656\/revisions"}],"predecessor-version":[{"id":28657,"href":"http:\/\/fegrama.cat\/web\/wp-json\/wp\/v2\/posts\/28656\/revisions\/28657"}],"wp:attachment":[{"href":"http:\/\/fegrama.cat\/web\/wp-json\/wp\/v2\/media?parent=28656"}],"wp:term":[{"taxonomy":"category","embeddable":true,"href":"http:\/\/fegrama.cat\/web\/wp-json\/wp\/v2\/categories?post=28656"},{"taxonomy":"post_tag","embeddable":true,"href":"http:\/\/fegrama.cat\/web\/wp-json\/wp\/v2\/tags?post=28656"}],"curies":[{"name":"wp","href":"https:\/\/api.w.org\/{rel}","templated":true}]}}