{"id":28652,"date":"2021-05-03T09:38:58","date_gmt":"2021-05-03T08:38:58","guid":{"rendered":"http:\/\/fegrama.cat\/web\/?p=28652"},"modified":"2021-05-03T09:38:58","modified_gmt":"2021-05-03T08:38:58","slug":"seguim-amb-la-ratxa-dempats-aquest-cop-amb-linfantil-b-que-ho-va-donar-tot","status":"publish","type":"post","link":"http:\/\/fegrama.cat\/web\/seguim-amb-la-ratxa-dempats-aquest-cop-amb-linfantil-b-que-ho-va-donar-tot\/","title":{"rendered":"Seguim amb la ratxa d&#8217;empats, aquest cop amb l&#8217;Infantil \u00abB\u00bb que ho va donar tot"},"content":{"rendered":"\n<p><strong>Infantil \u201cB\u201d 1 &#8211; Vilassar de Mar \u201cC\u201d 1 &nbsp; &nbsp; &nbsp; <\/strong>&nbsp;&nbsp;&nbsp;&nbsp;&nbsp;&nbsp;&nbsp;&nbsp;&nbsp;<\/p>\n\n\n\n<p>Diumenge del dia de la mare i el nostre Infantil \u00abB\u00bb s&#8217;enfrontava al segon classificat de la lliga en la seva categoria. <\/p>\n\n\n\n<p>El nostre gran infantil que per motius de pand\u00e8mia, pr\u00e0cticament juga el seu primer any en futbol 11, per\u00f2 que est\u00e0 treballant molt de cara a la temporada que ve; i avui hem pogut veure a un equip dominador del joc i amb molta verticalitat. Ll\u00e0stima del seu poc encert a porteria, ja que els rivals amb una arribada, a trav\u00e9s d&#8217;un c\u00f3rner van aconseguir avan\u00e7ar-se al marcador. <\/p>\n\n\n\n<p>Aix\u00ed i tot, el nostre infantil va aconseguir l&#8217;empat, un empat que fa gust de poc i que diu molt d&#8217;aquest equip.<\/p>\n\n\n\n<figure class=\"wp-block-gallery columns-1 is-cropped wp-block-gallery-1 is-layout-flex wp-block-gallery-is-layout-flex\"><ul class=\"blocks-gallery-grid\"><li class=\"blocks-gallery-item\"><figure><img decoding=\"async\" src=\"http:\/\/fegrama.cat\/web\/wp-content\/uploads\/2021\/05\/INFANTIL-B-1-768x1024.jpeg\" alt=\"\" data-id=\"28654\" data-full-url=\"http:\/\/fegrama.cat\/web\/wp-content\/uploads\/2021\/05\/INFANTIL-B-1.jpeg\" data-link=\"http:\/\/fegrama.cat\/web\/?attachment_id=28654\" class=\"wp-image-28654\"\/><\/figure><\/li><\/ul><\/figure>\n\n\n\n<p><\/p>\n\n\n\n<hr class=\"wp-block-separator is-style-wide\"\/>\n\n\n\n<p><\/p>\n\n\n\n<p><strong>Infantil \u201cB\u201d 1 &#8211; Vilassar de Mar \u201cC\u201d 1&nbsp;&nbsp;&nbsp;&nbsp;&nbsp;&nbsp;<\/strong><\/p>\n\n\n\n<p>Domingo del d\u00eda de la madre y nuestro Infantil \u201cB\u201d se enfrentaba al segundo clasificado de la liga en su categor\u00eda. <\/p>\n\n\n\n<p>Nuestro gran infantil que por pandemia, pr\u00e1cticamente es su primer a\u00f1o en f\u00fatbol 11 pero que est\u00e1 trabajando mucho de cara a la temporada que viene; y hoy hemos podido ver a un equipo dominador del juego y con mucha verticalidad. L\u00e1stima de su poco acierto a puerta, ya que los rivales con una llegada, a trav\u00e9s de un c\u00f3rner consiguieron adelantarse al marcador. <\/p>\n\n\n\n<p>Aun as\u00ed, nuestro infantil consigui\u00f3 el empate, un empate que sabe a poco y que dice mucho de este equipo.<\/p>\n","protected":false},"excerpt":{"rendered":"<p>Infantil \u201cB\u201d 1 &#8211; Vilassar de Mar \u201cC\u201d 1 &nbsp; &nbsp; &nbsp; &nbsp;&nbsp;&nbsp;&nbsp;&nbsp;&nbsp;&nbsp;&nbsp;&nbsp; Diumenge del dia de la mare i el nostre Infantil \u00abB\u00bb s&#8217;enfrontava al segon classificat de la lliga en la seva categoria. El nostre gran infantil que per motius de pand\u00e8mia, pr\u00e0cticament juga el seu primer any en futbol 11, per\u00f2 que [&hellip;]<\/p>\n","protected":false},"author":1,"featured_media":0,"comment_status":"closed","ping_status":"closed","sticky":false,"template":"","format":"standard","meta":{"footnotes":""},"categories":[9],"tags":[],"class_list":["post-28652","post","type-post","status-publish","format-standard","hentry","category-infantils"],"_links":{"self":[{"href":"http:\/\/fegrama.cat\/web\/wp-json\/wp\/v2\/posts\/28652","targetHints":{"allow":["GET"]}}],"collection":[{"href":"http:\/\/fegrama.cat\/web\/wp-json\/wp\/v2\/posts"}],"about":[{"href":"http:\/\/fegrama.cat\/web\/wp-json\/wp\/v2\/types\/post"}],"author":[{"embeddable":true,"href":"http:\/\/fegrama.cat\/web\/wp-json\/wp\/v2\/users\/1"}],"replies":[{"embeddable":true,"href":"http:\/\/fegrama.cat\/web\/wp-json\/wp\/v2\/comments?post=28652"}],"version-history":[{"count":1,"href":"http:\/\/fegrama.cat\/web\/wp-json\/wp\/v2\/posts\/28652\/revisions"}],"predecessor-version":[{"id":28655,"href":"http:\/\/fegrama.cat\/web\/wp-json\/wp\/v2\/posts\/28652\/revisions\/28655"}],"wp:attachment":[{"href":"http:\/\/fegrama.cat\/web\/wp-json\/wp\/v2\/media?parent=28652"}],"wp:term":[{"taxonomy":"category","embeddable":true,"href":"http:\/\/fegrama.cat\/web\/wp-json\/wp\/v2\/categories?post=28652"},{"taxonomy":"post_tag","embeddable":true,"href":"http:\/\/fegrama.cat\/web\/wp-json\/wp\/v2\/tags?post=28652"}],"curies":[{"name":"wp","href":"https:\/\/api.w.org\/{rel}","templated":true}]}}