{"id":28639,"date":"2021-05-02T15:45:58","date_gmt":"2021-05-02T14:45:58","guid":{"rendered":"http:\/\/fegrama.cat\/web\/?p=28639"},"modified":"2021-05-02T19:08:07","modified_gmt":"2021-05-02T18:08:07","slug":"continuem-invictes-continuem-somiant","status":"publish","type":"post","link":"http:\/\/fegrama.cat\/web\/continuem-invictes-continuem-somiant\/","title":{"rendered":"Continuem invictes, continuem somiant"},"content":{"rendered":"\n<div class=\"wp-block-image\"><figure class=\"aligncenter size-large\"><img loading=\"lazy\" decoding=\"async\" width=\"1024\" height=\"670\" src=\"http:\/\/fegrama.cat\/web\/wp-content\/uploads\/2021\/05\/11FEGsancris-1024x670.jpeg\" alt=\"\" class=\"wp-image-28640\" srcset=\"http:\/\/fegrama.cat\/web\/wp-content\/uploads\/2021\/05\/11FEGsancris-1024x670.jpeg 1024w, http:\/\/fegrama.cat\/web\/wp-content\/uploads\/2021\/05\/11FEGsancris-300x196.jpeg 300w, http:\/\/fegrama.cat\/web\/wp-content\/uploads\/2021\/05\/11FEGsancris-768x503.jpeg 768w, http:\/\/fegrama.cat\/web\/wp-content\/uploads\/2021\/05\/11FEGsancris-1536x1005.jpeg 1536w, http:\/\/fegrama.cat\/web\/wp-content\/uploads\/2021\/05\/11FEGsancris.jpeg 2048w\" sizes=\"auto, (max-width: 1024px) 100vw, 1024px\" \/><\/figure><\/div>\n\n\n\n<p>Despr\u00e9s de l&#8217;empat la Grama segueix invicta en aquesta segona fase de Tercera Divisi\u00f3. Els blaus van intentar remuntar el gol inicial del CP San Crist\u00f2bal per\u00f2 finalment el resultat final va ser d&#8217;empat (1-1). Deixant aix\u00ed tot obert a falta de dues jornades per al final del campionat.<\/p>\n\n\n\n<p>Juanma Pons va tornar a rotar en l&#8217;11 donant entrada a Iu Ranera i Roger Peris, avui titulars al costat de Guiseris (P), Monterde, V\u00edctor, Juan Carlos, Linares, Yeray, Escarrabill, Adil i Montalb\u00e1n. Des de l&#8217;inici es va poder veure sobre la gespa dos estils diferents, la Grama combinava i tenia la possessi\u00f3 de la pilota mentre que el conjunt de Terrassa preferia el joc directe.<\/p>\n\n\n\n<p>Amb aquest inici la Grama es va fer la dominant i va fregar el gol amb un bon xut d&#8217;Omar que va marxar per sobre del travesser. Poc despr\u00e9s seria Iu qui tamb\u00e9 de cap va tenir una nova oportunitat per a la Grama.<\/p>\n\n\n\n<p>A partir del minut 20 les ocasions van deixar pas a molt domini de pilota per part local i intents d&#8217;atac d&#8217;un rival que es topava amb una molt segura defensa colomenca. Per a sorpresa de tots en un contraatac per banda esquerra el San Crist\u00f3bal despr\u00e9s d&#8217;una centrada a l&#8217;\u00e0rea i posterior rematada de cap s&#8217;avan\u00e7aria en el marcador al minut 33 per mitj\u00e0 de Mario Cant\u00ed.<\/p>\n\n\n\n<p>Despr\u00e9s del gol els visitants es van venir amunt i van buscar la porteria de Guiseris amb algun xut lluny\u00e0. Finalment els protagonistes van marxar a vestidors amb 0-1 al marcador.<\/p>\n\n\n\n<p>La segona meitat va arrencar el\u00e8ctrica amb la Grama dominant i bolcant-se en la recerca de l&#8217;empat, i un conjunt visitant que al contraatac es va topar en dues ocasions amb un gran Guiseris.<\/p>\n\n\n\n<p>Els de Juanma Pons van acaparar tot el domini, buscant jugades per bandes i filtrant pilotes en atac. La Grama jugava amb tots els seus homes en el terreny rival, Sancris es defensava i intentava muntar la contra. En una pilota penjada a l&#8217;\u00e0rea un jugador rival cometia penal per mans i \u00d3scar Mu\u00f1oz no fallava des dels 11 metres enganyant el porter. 1-1, minut 70.<\/p>\n\n\n\n<p>D&#8217;aqu\u00ed al final mateix gui\u00f3. Els de Santa Coloma van buscar de totes les maneres el gol, \u00d3scar Mu\u00f1oz va estar a prop per\u00f2 el porter rival es va avan\u00e7ar en una de les oportunitats clares. Gran segona meitat en banda de Peque. San Crist\u00f3bal va buscar la vict\u00f2ria penjant pilotes sense perill.<\/p>\n\n\n\n<p>Els dos moments m\u00e9s destacats van arribar en el minut 86 quan el juvenil Nemil debutava amb la Grama substituint a Adil. I en el minut 89 Dani Guiseris amb una gran aturada evitava el segon gol visitant. Repartiment de punts entre els dos equips, igual que a Ca N&#8217;Anglada, i per davant una nova final a Castelldefels.<\/p>\n\n\n\n<figure class=\"wp-block-image size-large\"><img loading=\"lazy\" decoding=\"async\" width=\"1024\" height=\"963\" src=\"http:\/\/fegrama.cat\/web\/wp-content\/uploads\/2021\/05\/goloscar-1024x963.jpeg\" alt=\"\" class=\"wp-image-28641\" srcset=\"http:\/\/fegrama.cat\/web\/wp-content\/uploads\/2021\/05\/goloscar-1024x963.jpeg 1024w, http:\/\/fegrama.cat\/web\/wp-content\/uploads\/2021\/05\/goloscar-300x282.jpeg 300w, http:\/\/fegrama.cat\/web\/wp-content\/uploads\/2021\/05\/goloscar-768x722.jpeg 768w, http:\/\/fegrama.cat\/web\/wp-content\/uploads\/2021\/05\/goloscar-1536x1445.jpeg 1536w, http:\/\/fegrama.cat\/web\/wp-content\/uploads\/2021\/05\/goloscar.jpeg 2048w\" sizes=\"auto, (max-width: 1024px) 100vw, 1024px\" \/><figcaption>Foto: Sergi Garc\u00eda (Afici\u00f3 FEG)<\/figcaption><\/figure>\n\n\n\n<p>Tras el empate la Grama sigue invicta en esta segunda fase de Tercera Divisi\u00f3n. Los azules intentaron remontar el gol inicial del CP San Crist\u00f3bal pero finalmente el resultado final fue de empate (1-1). Dejando as\u00ed todo abierto a falta de dos jornadas para el final del campeonato. <\/p>\n\n\n\n<p>Juanma Pons volvi\u00f3 a rotar en el 11 dando entrada a Iu Ranera y Roger Peris, hoy titulares junto a Guiseris (P), Monterde, V\u00edctor, Juan Carlos, Linares, Yeray, Escarrabill, Adil y Montalb\u00e1n. Desde el inicio se pudo ver sobre el c\u00e9sped dos estilos diferentes, la Grama combinaba y ten\u00eda la posesi\u00f3n del bal\u00f3n mientras que el conjunto de Terrassa prefer\u00eda el juego directo. <\/p>\n\n\n\n<p>Con este inicio la Grama se hizo la dominante y roz\u00f3 el gol con un buen chute de Omar que se march\u00f3 por encima del travesa\u00f1o. Poco despu\u00e9s ser\u00eda Iu quien tambi\u00e9n de cabeza tuvo una nueva oportunidad para la Grama.<\/p>\n\n\n\n<p>A partir del minuto 20 las ocasiones dejaron paso a mucho dominio de pelota por parte local e intentos de ataque de un rival que se topaba con una muy segura defensa colomense. Para sorpresa de todos en un contraataque por banda izquierda el San Crist\u00f3bal tras un centro al \u00e1rea y posterior remate de cabeza se avanzar\u00eda en el marcador en el minuto 33 por medio de Mario Cant\u00ed.<\/p>\n\n\n\n<p>Tras el gol los visitantes se vinieron arriba y buscaron la porter\u00eda de Guiseris con alg\u00fan tiro lejano. Finalmente los protagonistas se marcharon a vestuarios con 0-1 en el marcador. <\/p>\n\n\n\n<p>La segunda mitad arranc\u00f3 el\u00e9ctrica con la Grama dominando y volc\u00e1ndose en busca del empate, y un conjunto visitante que al contraataque se top\u00f3 en dos ocasiones con un gran Guiseris. <\/p>\n\n\n\n<p>Los de Juanma Pons acapararon todo el dominio, buscando jugadas por bandas y filtrando balones en ataque. La Grama jugaba con todos sus hombres en el terreno rival, Sancris se defend\u00eda e intentaba montar la contra. En un bal\u00f3n colgado al \u00e1rea un jugador rival comet\u00eda penalti por manos y \u00d3scar Mu\u00f1oz no fallaba desde los 11 metros enga\u00f1ando al portero. 1-1, minuto 70.<\/p>\n\n\n\n<p>De aqu\u00ed al final mismo guion. Los de Santa Coloma buscaron de todas las maneras el gol, \u00d3scar Mu\u00f1oz estuvo cerca pero el portero rival se adelant\u00f3 en una de las oportunidades claras. Gran segunda mitad en banda de Peque. San Crist\u00f3bal busc\u00f3 la victoria colgando balones sin peligro.<\/p>\n\n\n\n<p>Los dos momentos m\u00e1s destacados llegaron en el minuto 86 cuando el juvenil Nemil debutaba con la Grama sustituyendo a Adil. Y en el minuto 89 Dani Guiseris con un parad\u00f3n evitaba el segundo gol visitante. Reparto de puntos entre ambos equipos, igual que en Ca N&#8217;Anglada, y por delante una nueva final en Castelldefels.<\/p>\n","protected":false},"excerpt":{"rendered":"<p>Despr\u00e9s de l&#8217;empat la Grama segueix invicta en aquesta segona fase de Tercera Divisi\u00f3. Els blaus van intentar remuntar el gol inicial del CP San Crist\u00f2bal per\u00f2 finalment el resultat final va ser d&#8217;empat (1-1). Deixant aix\u00ed tot obert a falta de dues jornades per al final del campionat. Juanma Pons va tornar a rotar [&hellip;]<\/p>\n","protected":false},"author":1,"featured_media":28641,"comment_status":"closed","ping_status":"closed","sticky":false,"template":"","format":"standard","meta":{"footnotes":""},"categories":[4,5],"tags":[],"class_list":["post-28639","post","type-post","status-publish","format-standard","has-post-thumbnail","hentry","category-base-inclusiu","category-primer-equip"],"_links":{"self":[{"href":"http:\/\/fegrama.cat\/web\/wp-json\/wp\/v2\/posts\/28639","targetHints":{"allow":["GET"]}}],"collection":[{"href":"http:\/\/fegrama.cat\/web\/wp-json\/wp\/v2\/posts"}],"about":[{"href":"http:\/\/fegrama.cat\/web\/wp-json\/wp\/v2\/types\/post"}],"author":[{"embeddable":true,"href":"http:\/\/fegrama.cat\/web\/wp-json\/wp\/v2\/users\/1"}],"replies":[{"embeddable":true,"href":"http:\/\/fegrama.cat\/web\/wp-json\/wp\/v2\/comments?post=28639"}],"version-history":[{"count":2,"href":"http:\/\/fegrama.cat\/web\/wp-json\/wp\/v2\/posts\/28639\/revisions"}],"predecessor-version":[{"id":28643,"href":"http:\/\/fegrama.cat\/web\/wp-json\/wp\/v2\/posts\/28639\/revisions\/28643"}],"wp:featuredmedia":[{"embeddable":true,"href":"http:\/\/fegrama.cat\/web\/wp-json\/wp\/v2\/media\/28641"}],"wp:attachment":[{"href":"http:\/\/fegrama.cat\/web\/wp-json\/wp\/v2\/media?parent=28639"}],"wp:term":[{"taxonomy":"category","embeddable":true,"href":"http:\/\/fegrama.cat\/web\/wp-json\/wp\/v2\/categories?post=28639"},{"taxonomy":"post_tag","embeddable":true,"href":"http:\/\/fegrama.cat\/web\/wp-json\/wp\/v2\/tags?post=28639"}],"curies":[{"name":"wp","href":"https:\/\/api.w.org\/{rel}","templated":true}]}}