{"id":28632,"date":"2021-04-28T07:14:24","date_gmt":"2021-04-28T06:14:24","guid":{"rendered":"http:\/\/fegrama.cat\/web\/?p=28632"},"modified":"2021-08-27T14:54:03","modified_gmt":"2021-08-27T13:54:03","slug":"els-entrenadors-i-coordinadors-van-realitzar-el-curs-de-comunicacio-i-gestio-de-conflictes","status":"publish","type":"post","link":"http:\/\/fegrama.cat\/web\/els-entrenadors-i-coordinadors-van-realitzar-el-curs-de-comunicacio-i-gestio-de-conflictes\/","title":{"rendered":"Els entrenadors i coordinadors van realitzar el Curs de comunicaci\u00f3 i gesti\u00f3 de conflictes"},"content":{"rendered":"\n<p>Els entrenadors, coordinadors i directius de la <strong>Fundaci\u00f3 Esportiva Grama<\/strong> van realitzar la primera de 2 sessions del <strong>Curs de comunicaci\u00f3 i gesti\u00f3 de conflictes <\/strong>de l&#8217;empresa <strong>We Are Not Numbers<\/strong>. Tot aix\u00f2 amb la col\u00b7laboraci\u00f3 del servei d&#8217;esports de l&#8217;<strong>Ajuntament de Santa Coloma<\/strong>.<\/p>\n\n\n\n<p>Durant la classe han treballat, s&#8217;han divertit i han experimentat en primera persona com comunicar millor en l&#8217;entorn esportiu.<\/p>\n\n\n\n<p>Han co-creat com ha de ser la comunicaci\u00f3 entre totes i tots els integrants de l&#8217;entitat i amb les persones amb qu\u00e8 es relacionen.<\/p>\n\n\n\n<p>Despr\u00e9s de la primera experi\u00e8ncia van quedar amb ganes que arribi la segona sessi\u00f3.<\/p>\n\n\n\n<figure class=\"wp-block-gallery columns-1 is-cropped wp-block-gallery-1 is-layout-flex wp-block-gallery-is-layout-flex\"><ul class=\"blocks-gallery-grid\"><li class=\"blocks-gallery-item\"><figure><img loading=\"lazy\" decoding=\"async\" width=\"768\" height=\"1024\" src=\"http:\/\/fegrama.cat\/web\/wp-content\/uploads\/2021\/04\/IMG-20210427-WA0045-768x1024.jpg\" alt=\"\" data-id=\"28633\" class=\"wp-image-28633\" srcset=\"http:\/\/fegrama.cat\/web\/wp-content\/uploads\/2021\/04\/IMG-20210427-WA0045-768x1024.jpg 768w, http:\/\/fegrama.cat\/web\/wp-content\/uploads\/2021\/04\/IMG-20210427-WA0045-225x300.jpg 225w, http:\/\/fegrama.cat\/web\/wp-content\/uploads\/2021\/04\/IMG-20210427-WA0045-1152x1536.jpg 1152w, http:\/\/fegrama.cat\/web\/wp-content\/uploads\/2021\/04\/IMG-20210427-WA0045.jpg 1536w\" sizes=\"auto, (max-width: 768px) 100vw, 768px\" \/><\/figure><\/li><\/ul><\/figure>\n\n\n\n<figure class=\"wp-block-image size-large\"><img loading=\"lazy\" decoding=\"async\" width=\"1024\" height=\"768\" src=\"http:\/\/fegrama.cat\/web\/wp-content\/uploads\/2021\/04\/IMG-20210427-WA0042-1024x768.jpg\" alt=\"\" class=\"wp-image-28635\" srcset=\"http:\/\/fegrama.cat\/web\/wp-content\/uploads\/2021\/04\/IMG-20210427-WA0042-1024x768.jpg 1024w, http:\/\/fegrama.cat\/web\/wp-content\/uploads\/2021\/04\/IMG-20210427-WA0042-300x225.jpg 300w, http:\/\/fegrama.cat\/web\/wp-content\/uploads\/2021\/04\/IMG-20210427-WA0042-768x576.jpg 768w, http:\/\/fegrama.cat\/web\/wp-content\/uploads\/2021\/04\/IMG-20210427-WA0042-1536x1152.jpg 1536w, http:\/\/fegrama.cat\/web\/wp-content\/uploads\/2021\/04\/IMG-20210427-WA0042.jpg 2048w\" sizes=\"auto, (max-width: 1024px) 100vw, 1024px\" \/><\/figure>\n\n\n\n<p>Los entrenadores, coordinadores y directivos de la Fundaci\u00f3 Esportiva Grama realizaron la primera de 2 sesiones del <strong>Curso de comunicaci\u00f3n y gesti\u00f3n de conflictos <\/strong>de la empresa <strong>We Are Not Numbers<\/strong>. Todo ello con la colaboraci\u00f3n del servei d&#8217;esports del <strong>Ayuntamiento de Santa Coloma<\/strong>.<\/p>\n\n\n\n<p>Durante la clase han trabajado, se han divertido y han experimentado en primera persona como comunicar mejor en el entorno deportivo.<\/p>\n\n\n\n<p>Han co-creado como debe de ser la comunicaci\u00f3n entre todas y todos los integrantes de la entidad y con las personas con que se relacionan.<\/p>\n\n\n\n<p>Tras la primera experiencia quedaron con ganas de que llegue la segunda sesi\u00f3n.<\/p>\n","protected":false},"excerpt":{"rendered":"<p>Els entrenadors, coordinadors i directius de la Fundaci\u00f3 Esportiva Grama van realitzar la primera de 2 sessions del Curs de comunicaci\u00f3 i gesti\u00f3 de conflictes de l&#8217;empresa We Are Not Numbers. Tot aix\u00f2 amb la col\u00b7laboraci\u00f3 del servei d&#8217;esports de l&#8217;Ajuntament de Santa Coloma. Durant la classe han treballat, s&#8217;han divertit i han experimentat en [&hellip;]<\/p>\n","protected":false},"author":1,"featured_media":28636,"comment_status":"closed","ping_status":"closed","sticky":false,"template":"","format":"standard","meta":{"footnotes":""},"categories":[14],"tags":[],"class_list":["post-28632","post","type-post","status-publish","format-standard","has-post-thumbnail","hentry","category-noticies"],"_links":{"self":[{"href":"http:\/\/fegrama.cat\/web\/wp-json\/wp\/v2\/posts\/28632","targetHints":{"allow":["GET"]}}],"collection":[{"href":"http:\/\/fegrama.cat\/web\/wp-json\/wp\/v2\/posts"}],"about":[{"href":"http:\/\/fegrama.cat\/web\/wp-json\/wp\/v2\/types\/post"}],"author":[{"embeddable":true,"href":"http:\/\/fegrama.cat\/web\/wp-json\/wp\/v2\/users\/1"}],"replies":[{"embeddable":true,"href":"http:\/\/fegrama.cat\/web\/wp-json\/wp\/v2\/comments?post=28632"}],"version-history":[{"count":1,"href":"http:\/\/fegrama.cat\/web\/wp-json\/wp\/v2\/posts\/28632\/revisions"}],"predecessor-version":[{"id":28637,"href":"http:\/\/fegrama.cat\/web\/wp-json\/wp\/v2\/posts\/28632\/revisions\/28637"}],"wp:featuredmedia":[{"embeddable":true,"href":"http:\/\/fegrama.cat\/web\/wp-json\/wp\/v2\/media\/28636"}],"wp:attachment":[{"href":"http:\/\/fegrama.cat\/web\/wp-json\/wp\/v2\/media?parent=28632"}],"wp:term":[{"taxonomy":"category","embeddable":true,"href":"http:\/\/fegrama.cat\/web\/wp-json\/wp\/v2\/categories?post=28632"},{"taxonomy":"post_tag","embeddable":true,"href":"http:\/\/fegrama.cat\/web\/wp-json\/wp\/v2\/tags?post=28632"}],"curies":[{"name":"wp","href":"https:\/\/api.w.org\/{rel}","templated":true}]}}