{"id":28624,"date":"2021-04-27T08:47:22","date_gmt":"2021-04-27T07:47:22","guid":{"rendered":"http:\/\/fegrama.cat\/web\/?p=28624"},"modified":"2021-08-27T14:54:11","modified_gmt":"2021-08-27T13:54:11","slug":"la-grama-va-visitar-les-magnifiques-instal%c2%b7lacions-del-cer","status":"publish","type":"post","link":"http:\/\/fegrama.cat\/web\/la-grama-va-visitar-les-magnifiques-instal%c2%b7lacions-del-cer\/","title":{"rendered":"La Grama va visitar les magn\u00edfiques instal\u00b7lacions del CER"},"content":{"rendered":"\n<p>El primer equip de la <strong>Fundaci\u00f3 Esportiva Grama<\/strong> va gaudir aquest dilluns de les instal\u00b7lacions dels nostres amics, i sponsor oficial, del <strong>CER (Centre Esportiu Raval)<\/strong>. D&#8217;aquesta manera van comen\u00e7ar la setmana de la millor forma de cara a una nova final.<\/p>\n\n\n\n<p>Van ser acompanyats a la seva visita al CER per la seva directora, <strong>Encarni Santiago<\/strong>. Com sempre al costat de la nostra entitat, <strong>Encarni <\/strong>es va mostrar orgullosa que els blaus es passessin pel centre esportiu i que el poguessin gaudir.<\/p>\n\n\n\n<p>La <strong>Grama<\/strong> va poder realitzar els seus entrenaments a la sala polivalent, aix\u00ed com tamb\u00e9 en les m\u00e0quines del gimn\u00e0s i en la piscina. Unes instal\u00b7lacions modernes a tan sols 150 metres de l&#8217;estadi.<\/p>\n\n\n\n<p class=\"has-text-align-center\"><strong>Juanma Pons:<\/strong> \u00abPer a la Grama \u00e9s un privilegi poder gaudir de les instal\u00b7lacions del CER. Ens permet fer din\u00e0mica d&#8217;equip a la sala gran polivalent, on podem unir m\u00e9s l&#8217;equip. S\u00f3n unes instal\u00b7lacions avantguardistes, modernes, que tenim la sort de poder utilitzar al costat de l&#8217;estadi.\u00bb<\/p>\n\n\n\n<div class=\"wp-block-image\"><figure class=\"aligncenter size-large\"><img decoding=\"async\" src=\"http:\/\/fegrama.cat\/web\/wp-content\/uploads\/2021\/04\/CERGrama-1024x683.jpeg\" alt=\"\" class=\"wp-image-28626\"\/><\/figure><\/div>\n\n\n\n<div class=\"wp-block-image\"><figure class=\"aligncenter size-large\"><img loading=\"lazy\" decoding=\"async\" width=\"1024\" height=\"683\" src=\"http:\/\/fegrama.cat\/web\/wp-content\/uploads\/2021\/04\/GramaCER2-1024x683.jpeg\" alt=\"\" class=\"wp-image-28627\" srcset=\"http:\/\/fegrama.cat\/web\/wp-content\/uploads\/2021\/04\/GramaCER2-1024x683.jpeg 1024w, http:\/\/fegrama.cat\/web\/wp-content\/uploads\/2021\/04\/GramaCER2-300x200.jpeg 300w, http:\/\/fegrama.cat\/web\/wp-content\/uploads\/2021\/04\/GramaCER2-768x512.jpeg 768w, http:\/\/fegrama.cat\/web\/wp-content\/uploads\/2021\/04\/GramaCER2.jpeg 1296w\" sizes=\"auto, (max-width: 1024px) 100vw, 1024px\" \/><\/figure><\/div>\n\n\n\n<p>El primer equipo de la <strong>Fundaci\u00f3 Esportiva Grama<\/strong> disfrut\u00f3 este lunes de las instalaciones de nuestros amigos del <strong>CER (Centre Esportiu Raval)<\/strong>. De esta manera comenzaron la semana de la mejor forma de cara a una nueva final.<\/p>\n\n\n\n<p>Fueron acompa\u00f1ados a su visita al CER por su directora, <strong>Encarni Santiago<\/strong>. Como siempre al lado de nuestra entidad, <strong>Encarni<\/strong> se mostr\u00f3 orgullosa de que los azules se pasaran por el centro deportivo y que lo pudieran disfrutar.<\/p>\n\n\n\n<p>La Grama pudo realizar sus entrenamientos en la sala polivalente, as\u00ed como tambi\u00e9n en las m\u00e1quinas del gimnasio y en la piscina. Unas instalaciones modernas a tan s\u00f3lo 150 metros del estadio. <\/p>\n\n\n\n<p class=\"has-text-align-center\"><strong>Juanma Pons: <\/strong>\u00abPara la Grama es un privilegio poder disfrutar las instalaciones del CER. Nos permite hacer din\u00e1mica de equipo en la sala grande polivalente, donde podemos unir m\u00e1s el equipo. Son unas instalaciones vanguardistas, modernas, que tenemos la suerte de poder utilizar al lado del estadio.\u00bb<\/p>\n","protected":false},"excerpt":{"rendered":"<p>El primer equip de la Fundaci\u00f3 Esportiva Grama va gaudir aquest dilluns de les instal\u00b7lacions dels nostres amics, i sponsor oficial, del CER (Centre Esportiu Raval). D&#8217;aquesta manera van comen\u00e7ar la setmana de la millor forma de cara a una nova final. Van ser acompanyats a la seva visita al CER per la seva directora, [&hellip;]<\/p>\n","protected":false},"author":1,"featured_media":28625,"comment_status":"closed","ping_status":"closed","sticky":false,"template":"","format":"standard","meta":{"footnotes":""},"categories":[14],"tags":[],"class_list":["post-28624","post","type-post","status-publish","format-standard","has-post-thumbnail","hentry","category-noticies"],"_links":{"self":[{"href":"http:\/\/fegrama.cat\/web\/wp-json\/wp\/v2\/posts\/28624","targetHints":{"allow":["GET"]}}],"collection":[{"href":"http:\/\/fegrama.cat\/web\/wp-json\/wp\/v2\/posts"}],"about":[{"href":"http:\/\/fegrama.cat\/web\/wp-json\/wp\/v2\/types\/post"}],"author":[{"embeddable":true,"href":"http:\/\/fegrama.cat\/web\/wp-json\/wp\/v2\/users\/1"}],"replies":[{"embeddable":true,"href":"http:\/\/fegrama.cat\/web\/wp-json\/wp\/v2\/comments?post=28624"}],"version-history":[{"count":4,"href":"http:\/\/fegrama.cat\/web\/wp-json\/wp\/v2\/posts\/28624\/revisions"}],"predecessor-version":[{"id":28631,"href":"http:\/\/fegrama.cat\/web\/wp-json\/wp\/v2\/posts\/28624\/revisions\/28631"}],"wp:featuredmedia":[{"embeddable":true,"href":"http:\/\/fegrama.cat\/web\/wp-json\/wp\/v2\/media\/28625"}],"wp:attachment":[{"href":"http:\/\/fegrama.cat\/web\/wp-json\/wp\/v2\/media?parent=28624"}],"wp:term":[{"taxonomy":"category","embeddable":true,"href":"http:\/\/fegrama.cat\/web\/wp-json\/wp\/v2\/categories?post=28624"},{"taxonomy":"post_tag","embeddable":true,"href":"http:\/\/fegrama.cat\/web\/wp-json\/wp\/v2\/tags?post=28624"}],"curies":[{"name":"wp","href":"https:\/\/api.w.org\/{rel}","templated":true}]}}