{"id":28614,"date":"2021-04-26T00:27:22","date_gmt":"2021-04-25T23:27:22","guid":{"rendered":"http:\/\/fegrama.cat\/web\/?p=28614"},"modified":"2021-04-26T00:27:22","modified_gmt":"2021-04-25T23:27:22","slug":"lesforc-te-la-seva-recompensa","status":"publish","type":"post","link":"http:\/\/fegrama.cat\/web\/lesforc-te-la-seva-recompensa\/","title":{"rendered":"L&#8217;esfor\u00e7 t\u00e9 la seva recompensa"},"content":{"rendered":"\n<p>Vict\u00f2ria de molt m\u00e8rit del Cadet D davant el Daumar Club \u00abA\u00bb al Municipal de Vallvidrera per 5-7.<\/p>\n\n\n\n<p>El Cadet D va aconseguir 3 punts importants a domicili en un camp dif\u00edcil. A causa de les baixes de l&#8217;equip local van haver de canviar el sistema.<\/p>\n\n\n\n<p>La&nbsp;Grama&nbsp;va dominar tot el partit amb possessions llargues i rodant b\u00e9 la pilota, encara que van ser els locals els que es van avan\u00e7ar en el marcador per un mal passi en defensa que el davanter del&nbsp;Daumar&nbsp;aprofito.<\/p>\n\n\n\n<p>Peter no\u00a0trigaria\u00a0a donar-li la volta al partit. Acabo la mitja part amb empat a 3 en el llumin\u00f3s.<\/p>\n\n\n\n<p>Els locals van marcar dos golassos de falta que poc van poder fer els nois del Cadet D.<\/p>\n\n\n\n<p>En el descans l&#8217;equip es va quedar sense centrals per les lesions de Pol i&nbsp;Giuseppe, que van haver de ser substitu\u00efts.&nbsp;Raul&nbsp;i David es van sacrificar en una posici\u00f3 que no \u00e9s la seva i van complir amb escreix.<\/p>\n\n\n\n<p>Malgrat aix\u00f2 els nois\u00a0colomencs\u00a0van sortir endollats i en poca estona la\u00a0Grama\u00a0es va avan\u00e7ar per 3-6.<\/p>\n\n\n\n<p>En els \u00faltims 20 minutos els locals es van bolcar a dalt i el partit es va convertir en una transici\u00f3 constant.<\/p>\n\n\n\n<p>Els nostres van saber aguantar i es van emportar 3 punts a Santa Coloma amb un resultat favorable de 5-7.<\/p>\n\n\n\n<div class=\"wp-block-image\"><figure class=\"aligncenter size-large\"><img decoding=\"async\" src=\"http:\/\/fegrama.cat\/web\/wp-content\/uploads\/2021\/04\/image-28.png\" alt=\"\" class=\"wp-image-28616\"\/><\/figure><\/div>\n\n\n\n<h2 class=\"wp-block-heading\">El esfuezo tiene su recompensa<\/h2>\n\n\n\n<p>El Cadete D consigui\u00f3 3 puntos importantes a domicilio en un campo dif\u00edcil. A causa de las bajas del equipo local tuvieron que cambiar el sistema.<\/p>\n\n\n\n<p>La&nbsp;Grama&nbsp;domin\u00f3 todo el partido con posesiones largas y rodando bien la pelota, aunque fueron los locales los que se avanzaron en el marcador por un mal pase en defensa que el delantero del&nbsp;Daumar&nbsp;aprovecho.<\/p>\n\n\n\n<p>Peter no tardar\u00eda a darle la vuelta al partido. Acabo la media parte con empate a 3 en el luminoso.<\/p>\n\n\n\n<p>Los locales marcaron dos golazos de falta que poco pudieron hacer los chicos del Cadete D.<\/p>\n\n\n\n<p>En el descanso el equipo se qued\u00f3 sin centrales por las lesiones de Pol y&nbsp;Giuseppe, que tuvieron que ser sustituidos.&nbsp;Raul&nbsp;y David se sacrificaron en una posici\u00f3n que no es la suya y cumplieron con creces.<\/p>\n\n\n\n<p>A pesar de esto los chicos&nbsp;colomenses&nbsp;salieron enchufados y en poco rato la&nbsp;Grama&nbsp;se avanz\u00f3 por 3-6.<\/p>\n\n\n\n<p>En los \u00faltimos 20 minutos los locales se volcaron arriba y el partido se convirti\u00f3 en una transici\u00f3n constante.<\/p>\n\n\n\n<p>Los nuestros supieron aguantar y se llevaron 3 puntos a Santa Coloma con un resultado favorable de 5-7.<\/p>\n\n\n\n<div class=\"wp-block-image\"><figure class=\"aligncenter size-large\"><img decoding=\"async\" src=\"http:\/\/fegrama.cat\/web\/wp-content\/uploads\/2021\/04\/image-29.png\" alt=\"\" class=\"wp-image-28617\"\/><\/figure><\/div>\n","protected":false},"excerpt":{"rendered":"<p>Vict\u00f2ria de molt m\u00e8rit del Cadet D davant el Daumar Club \u00abA\u00bb al Municipal de Vallvidrera per 5-7. El Cadet D va aconseguir 3 punts importants a domicili en un camp dif\u00edcil. A causa de les baixes de l&#8217;equip local van haver de canviar el sistema. La&nbsp;Grama&nbsp;va dominar tot el partit amb possessions llargues i [&hellip;]<\/p>\n","protected":false},"author":1,"featured_media":0,"comment_status":"closed","ping_status":"closed","sticky":false,"template":"","format":"standard","meta":{"footnotes":""},"categories":[7],"tags":[],"class_list":["post-28614","post","type-post","status-publish","format-standard","hentry","category-cadets"],"_links":{"self":[{"href":"http:\/\/fegrama.cat\/web\/wp-json\/wp\/v2\/posts\/28614","targetHints":{"allow":["GET"]}}],"collection":[{"href":"http:\/\/fegrama.cat\/web\/wp-json\/wp\/v2\/posts"}],"about":[{"href":"http:\/\/fegrama.cat\/web\/wp-json\/wp\/v2\/types\/post"}],"author":[{"embeddable":true,"href":"http:\/\/fegrama.cat\/web\/wp-json\/wp\/v2\/users\/1"}],"replies":[{"embeddable":true,"href":"http:\/\/fegrama.cat\/web\/wp-json\/wp\/v2\/comments?post=28614"}],"version-history":[{"count":1,"href":"http:\/\/fegrama.cat\/web\/wp-json\/wp\/v2\/posts\/28614\/revisions"}],"predecessor-version":[{"id":28618,"href":"http:\/\/fegrama.cat\/web\/wp-json\/wp\/v2\/posts\/28614\/revisions\/28618"}],"wp:attachment":[{"href":"http:\/\/fegrama.cat\/web\/wp-json\/wp\/v2\/media?parent=28614"}],"wp:term":[{"taxonomy":"category","embeddable":true,"href":"http:\/\/fegrama.cat\/web\/wp-json\/wp\/v2\/categories?post=28614"},{"taxonomy":"post_tag","embeddable":true,"href":"http:\/\/fegrama.cat\/web\/wp-json\/wp\/v2\/tags?post=28614"}],"curies":[{"name":"wp","href":"https:\/\/api.w.org\/{rel}","templated":true}]}}