{"id":28605,"date":"2021-04-25T19:40:47","date_gmt":"2021-04-25T18:40:47","guid":{"rendered":"http:\/\/fegrama.cat\/web\/?p=28605"},"modified":"2021-04-25T19:40:47","modified_gmt":"2021-04-25T18:40:47","slug":"un-estel%c2%b7lar-nemil-apropa-al-juvenil-a-a-la-salvacio","status":"publish","type":"post","link":"http:\/\/fegrama.cat\/web\/un-estel%c2%b7lar-nemil-apropa-al-juvenil-a-a-la-salvacio\/","title":{"rendered":"Un estel\u00b7lar Nemil apropa al Juvenil A a la salvaci\u00f3"},"content":{"rendered":"\n<p>Triomf vital del Juvenil A al Nou Municipal de Santa Coloma davant el Gimn\u00e0stic de Tarragona per 4-1.<\/p>\n\n\n\n<p>Va sortir molt concentrat l&#8217;equip de Manu\u00a0Pel\u00e1ez. A poc a poc es feia amb el domini del partit i s&#8217;acostava a l&#8217;\u00e0rea del N\u00e0stic.<\/p>\n\n\n\n<p>Corria el minut 15 quan, en una internada d&#8217;Oliver per banda esquerra, servia perqu\u00e8 aquest ced\u00eds la pilota dins de l&#8217;\u00e0rea a\u00a0Nemil\u00a0i anot\u00e9s el 1-0.<\/p>\n\n\n\n<p>Semblava controlat la trobada pels\u00a0colomencs\u00a0encara que amb poca pres\u00e8ncia en l&#8217;\u00e0rea rival.<\/p>\n\n\n\n<p>A poc a poc els de Tarragona s&#8217;estiraven i trepitjaven l&#8217;\u00e0rea del porter Marcos, que va tenir\u00a0que fer una bona estirada per a evitar l&#8217;empat. Amb 1-0 s&#8217;arribava al descans.<\/p>\n\n\n\n<p>En la represa, els blaus tornaven a la c\u00e0rrega i transcorreguts 8 minuts de la segona meitat,&nbsp;Samu, de manera magistral despr\u00e9s d&#8217;una gran passada del capit\u00e0 Gerard, posava el 2-0.<\/p>\n\n\n\n<p>Lluny de baixar els bra\u00e7os, el N\u00e0stic es llan\u00e7ava a l&#8217;atac i a pilota parada posava el 2-1 en el llumin\u00f3s.<\/p>\n\n\n\n<p>Minuts de desconcert local, ja que els visitants s&#8217;acostaven a l&#8217;empat. Per\u00f2 aquestes opcions es van esfumar amb dues grans accions i dos grans gols de\u00a0Muhammed\u00a0Nemil, que es convertia en el protagonista matinal amb un\u00a0hat-trick.<\/p>\n\n\n\n<p>Amb aquesta vict\u00f2ria, el Juvenil A fa un pas de gegant cap a l&#8217;objectiu.<\/p>\n\n\n\n<p>Fotos: Pedro Gonz\u00e1lez<\/p>\n\n\n\n<figure class=\"wp-block-image size-large\"><img loading=\"lazy\" decoding=\"async\" width=\"748\" height=\"497\" src=\"http:\/\/fegrama.cat\/web\/wp-content\/uploads\/2021\/04\/image-26.png\" alt=\"\" class=\"wp-image-28607\" srcset=\"http:\/\/fegrama.cat\/web\/wp-content\/uploads\/2021\/04\/image-26.png 748w, http:\/\/fegrama.cat\/web\/wp-content\/uploads\/2021\/04\/image-26-300x199.png 300w\" sizes=\"auto, (max-width: 748px) 100vw, 748px\" \/><\/figure>\n\n\n\n<h2 class=\"wp-block-heading\">Un estelar Nemil acerca al Juvenil A a la salvaci\u00f3n<\/h2>\n\n\n\n<p>Sali\u00f3 muy concentrado el equipo de Manu Pel\u00e1ez. Poco a poco se hac\u00eda con el dominio del encuentro y se acercaba al \u00e1rea del N\u00e0stic.<\/p>\n\n\n\n<p>Corr\u00eda el minuto 15 cuando, en una internada de Oliver por banda izquierda, serv\u00eda para que este cediera el bal\u00f3n dentro del \u00e1rea a Nemil y pusiera el 1-0.<\/p>\n\n\n\n<p>Parec\u00eda controlado el encuentro por los colomenses aunque con poca presencia en el \u00e1rea rival.<\/p>\n\n\n\n<p>Poco a poco los de Tarragona se estiraban y pisaban el \u00e1rea del cancerbero Marcos, que tuvo que hacer una buena estirada para evitar el empate. Con 1-0 se llegaba al descanso.<\/p>\n\n\n\n<p>En la reanudaci\u00f3n, los azules volv\u00edan a la carga y transcurridos 8 minutos de la segunda mitad, Samu, de manera magistral tras un gran pase del capit\u00e1n Gerard, pon\u00eda el 2-0.<\/p>\n\n\n\n<p>Lejos de bajar los brazos, el N\u00e0stic se lanzaba al ataque y a bal\u00f3n parado pon\u00eda el 2-1 en el luminoso.<\/p>\n\n\n\n<p>Minutos de desconcierto local, ya que los visitantes se acercaban al empate. Pero estas opciones se esfumaron con dos grandes acciones y dos grandes goles de Muhammed Nemil, que se convert\u00eda en el protagonista matinal con un hat-trick.<\/p>\n\n\n\n<p>Con esta victoria, el Juvenil A da un paso de gigante hacia el objetivo.<\/p>\n\n\n\n<p>Fotos: Pedro Gonz\u00e1lez<\/p>\n\n\n\n<div class=\"wp-block-image\"><figure class=\"aligncenter size-large\"><img loading=\"lazy\" decoding=\"async\" width=\"731\" height=\"502\" src=\"http:\/\/fegrama.cat\/web\/wp-content\/uploads\/2021\/04\/image-27.png\" alt=\"\" class=\"wp-image-28608\" srcset=\"http:\/\/fegrama.cat\/web\/wp-content\/uploads\/2021\/04\/image-27.png 731w, http:\/\/fegrama.cat\/web\/wp-content\/uploads\/2021\/04\/image-27-300x206.png 300w\" sizes=\"auto, (max-width: 731px) 100vw, 731px\" \/><\/figure><\/div>\n","protected":false},"excerpt":{"rendered":"<p>Triomf vital del Juvenil A al Nou Municipal de Santa Coloma davant el Gimn\u00e0stic de Tarragona per 4-1. Va sortir molt concentrat l&#8217;equip de Manu\u00a0Pel\u00e1ez. A poc a poc es feia amb el domini del partit i s&#8217;acostava a l&#8217;\u00e0rea del N\u00e0stic. Corria el minut 15 quan, en una internada d&#8217;Oliver per banda esquerra, servia [&hellip;]<\/p>\n","protected":false},"author":1,"featured_media":28606,"comment_status":"closed","ping_status":"closed","sticky":false,"template":"","format":"standard","meta":{"footnotes":""},"categories":[6],"tags":[],"class_list":["post-28605","post","type-post","status-publish","format-standard","has-post-thumbnail","hentry","category-juvenils"],"_links":{"self":[{"href":"http:\/\/fegrama.cat\/web\/wp-json\/wp\/v2\/posts\/28605","targetHints":{"allow":["GET"]}}],"collection":[{"href":"http:\/\/fegrama.cat\/web\/wp-json\/wp\/v2\/posts"}],"about":[{"href":"http:\/\/fegrama.cat\/web\/wp-json\/wp\/v2\/types\/post"}],"author":[{"embeddable":true,"href":"http:\/\/fegrama.cat\/web\/wp-json\/wp\/v2\/users\/1"}],"replies":[{"embeddable":true,"href":"http:\/\/fegrama.cat\/web\/wp-json\/wp\/v2\/comments?post=28605"}],"version-history":[{"count":1,"href":"http:\/\/fegrama.cat\/web\/wp-json\/wp\/v2\/posts\/28605\/revisions"}],"predecessor-version":[{"id":28609,"href":"http:\/\/fegrama.cat\/web\/wp-json\/wp\/v2\/posts\/28605\/revisions\/28609"}],"wp:featuredmedia":[{"embeddable":true,"href":"http:\/\/fegrama.cat\/web\/wp-json\/wp\/v2\/media\/28606"}],"wp:attachment":[{"href":"http:\/\/fegrama.cat\/web\/wp-json\/wp\/v2\/media?parent=28605"}],"wp:term":[{"taxonomy":"category","embeddable":true,"href":"http:\/\/fegrama.cat\/web\/wp-json\/wp\/v2\/categories?post=28605"},{"taxonomy":"post_tag","embeddable":true,"href":"http:\/\/fegrama.cat\/web\/wp-json\/wp\/v2\/tags?post=28605"}],"curies":[{"name":"wp","href":"https:\/\/api.w.org\/{rel}","templated":true}]}}