{"id":28601,"date":"2021-04-25T19:00:44","date_gmt":"2021-04-25T18:00:44","guid":{"rendered":"http:\/\/fegrama.cat\/web\/?p=28601"},"modified":"2021-04-25T19:00:44","modified_gmt":"2021-04-25T18:00:44","slug":"aquest-es-el-juvenil-b","status":"publish","type":"post","link":"http:\/\/fegrama.cat\/web\/aquest-es-el-juvenil-b\/","title":{"rendered":"Aquest \u00e9s el Juvenil B!"},"content":{"rendered":"\n<p>Important\u00edssima vict\u00f2ria del nostre Juvenil B davant el Collblanc &#8211; Torrassa \u00abA\u00bb per 2-3 al municipal La Torrassa.<\/p>\n\n\n\n<p>Bon resultat el collit per l&#8217;equip entrenat per V\u00edctor Salas a domicili, davant un rival molt perill\u00f3s a la seva casa per les dimensions molt redu\u00efdes del seu camp.<\/p>\n\n\n\n<p>El partit va comen\u00e7ar amb uns primers minuts de tanteig per part dels dos equips, sense un dominador clar ni sensaci\u00f3 de perill, a excepci\u00f3 d&#8217;alguna jugada a\u00efllada.<\/p>\n\n\n\n<p>L&#8217;equip local t\u00e9 una ocasi\u00f3 clara a tret de mitjana dist\u00e0ncia que pega en el pal de la porteria de la&nbsp;Grama, i en un error en la sortida de pilota arribaria la jugada del 1-0.<\/p>\n\n\n\n<p>Despr\u00e9s del gol en contra la\u00a0Grama\u00a0no es va descompondre i va seguir cap endavant. El Juvenil B va fer un canvi que va ser clau per a guanyar el partit. Va entrar \u00d3scar Mu\u00f1oz en punta i el conjunt\u00a0colomenc\u00a0es va fer amo i senyor de la trobada i va tenir fins a tres ocasions clares per a poder empatar.<\/p>\n\n\n\n<p>La segona part comen\u00e7a amb una\u00a0Grama\u00a0valenta i amb personalitat, tancant al rival i generant ocasions. En una falta lateral arriba el gol d&#8217;\u00d3scar Mu\u00f1oz a passada de Yago. 1-1 m\u00e9s que merescut. Tot seguit, en una bona jugada, arribaria el 1-2\u00a0de Franco.<\/p>\n\n\n\n<p>Els visitants havien fet el m\u00e9s dif\u00edcil per\u00f2 en una jugada a\u00efllada, de c\u00f3rner, l&#8217;equip local aconsegueix el 2-2. Comen\u00e7ava un nou partit en&nbsp;Torrassa.<\/p>\n\n\n\n<p>Llavors es\u00a0va veure\u00a0a un Juvenil que generava m\u00faltiples ocasions i que tenia el control total del partit. Llavors arribaria el 2-3 definitiu de Guillem per a sumar 3\u00a0punts\u00a0d&#8217;or.<\/p>\n\n\n\n<p>Victoria m\u00e9s que merescuda i bones sensacions per al partit del pr\u00f2xim cap de setmana a casa davant el tercer classificat.<\/p>\n\n\n\n<div class=\"wp-block-image\"><figure class=\"aligncenter size-large\"><img decoding=\"async\" src=\"http:\/\/fegrama.cat\/web\/wp-content\/uploads\/2021\/04\/image-25.png\" alt=\"\" class=\"wp-image-28603\"\/><\/figure><\/div>\n\n\n\n<h2 class=\"wp-block-heading\">\u00a1Este es el Juvenil B!<\/h2>\n\n\n\n<p>Buen resultado el cosechado por el equipo entrenado por V\u00edctor Salas a domicilio, ante un rival muy peligroso en su casa por las dimensiones muy reducidas de su campo.<\/p>\n\n\n\n<p>El partido empez\u00f3 con unos primeros minutos de tanteo por parte de los dos equipos, sin un dominador claro ni sensaci\u00f3n de peligro, a excepci\u00f3n de alguna jugada aislada.<\/p>\n\n\n\n<p>El equipo local tiene una ocasi\u00f3n clara a disparo de media distancia que pega en el palo de la porter\u00eda de la Grama, y en un error en la salida de bal\u00f3n llegar\u00eda la jugada del 1-0.<\/p>\n\n\n\n<p>Despu\u00e9s del gol en contra la Grama no se descompuso y sigui\u00f3 hacia adelante. El Juvenil B hizo un cambio que fue clave para ganar el partido. Entr\u00f3 \u00d3scar Mu\u00f1oz en punta y el conjunto colomense se hizo due\u00f1o y se\u00f1or del encuentro y tuvo hasta tres ocasiones claras para poder empatar.<\/p>\n\n\n\n<p>La segunda parte empieza con una Grama valiente y con personalidad, encerrando al rival y generando ocasiones. En una falta lateral llega el gol de \u00d3scar Mu\u00f1oz a pase de Yago. 1-1 m\u00e1s que merecido. Acto seguido, en una buena jugada, llegar\u00eda el 1-2 tras un jugad\u00f3n de Franco.<\/p>\n\n\n\n<p>Los visitantes hab\u00edan hecho lo m\u00e1s dif\u00edcil pero en una jugada aislada, de c\u00f3rner, el equipo local consigue el 2-2. Empezaba un nuevo partido en Torrassa.<\/p>\n\n\n\n<p>Entonces se vi\u00f3 a un Juvenil que generaba m\u00faltiples ocasiones y que ten\u00eda el control total del partido. Entonces llegar\u00eda el 2-3 definitivo de Guillem para sumar 3 puntazos de oro.<\/p>\n\n\n\n<p>Victoria m\u00e1s que merecida y buenas sensaciones para el partido del pr\u00f3ximo fin de semana en casa ante el tercer clasificado.<\/p>\n\n\n\n<p><\/p>\n","protected":false},"excerpt":{"rendered":"<p>Important\u00edssima vict\u00f2ria del nostre Juvenil B davant el Collblanc &#8211; Torrassa \u00abA\u00bb per 2-3 al municipal La Torrassa. Bon resultat el collit per l&#8217;equip entrenat per V\u00edctor Salas a domicili, davant un rival molt perill\u00f3s a la seva casa per les dimensions molt redu\u00efdes del seu camp. El partit va comen\u00e7ar amb uns primers minuts [&hellip;]<\/p>\n","protected":false},"author":1,"featured_media":28602,"comment_status":"closed","ping_status":"closed","sticky":false,"template":"","format":"standard","meta":{"footnotes":""},"categories":[6],"tags":[],"class_list":["post-28601","post","type-post","status-publish","format-standard","has-post-thumbnail","hentry","category-juvenils"],"_links":{"self":[{"href":"http:\/\/fegrama.cat\/web\/wp-json\/wp\/v2\/posts\/28601","targetHints":{"allow":["GET"]}}],"collection":[{"href":"http:\/\/fegrama.cat\/web\/wp-json\/wp\/v2\/posts"}],"about":[{"href":"http:\/\/fegrama.cat\/web\/wp-json\/wp\/v2\/types\/post"}],"author":[{"embeddable":true,"href":"http:\/\/fegrama.cat\/web\/wp-json\/wp\/v2\/users\/1"}],"replies":[{"embeddable":true,"href":"http:\/\/fegrama.cat\/web\/wp-json\/wp\/v2\/comments?post=28601"}],"version-history":[{"count":1,"href":"http:\/\/fegrama.cat\/web\/wp-json\/wp\/v2\/posts\/28601\/revisions"}],"predecessor-version":[{"id":28604,"href":"http:\/\/fegrama.cat\/web\/wp-json\/wp\/v2\/posts\/28601\/revisions\/28604"}],"wp:featuredmedia":[{"embeddable":true,"href":"http:\/\/fegrama.cat\/web\/wp-json\/wp\/v2\/media\/28602"}],"wp:attachment":[{"href":"http:\/\/fegrama.cat\/web\/wp-json\/wp\/v2\/media?parent=28601"}],"wp:term":[{"taxonomy":"category","embeddable":true,"href":"http:\/\/fegrama.cat\/web\/wp-json\/wp\/v2\/categories?post=28601"},{"taxonomy":"post_tag","embeddable":true,"href":"http:\/\/fegrama.cat\/web\/wp-json\/wp\/v2\/tags?post=28601"}],"curies":[{"name":"wp","href":"https:\/\/api.w.org\/{rel}","templated":true}]}}