{"id":28594,"date":"2021-04-25T18:29:38","date_gmt":"2021-04-25T17:29:38","guid":{"rendered":"http:\/\/fegrama.cat\/web\/?p=28594"},"modified":"2021-04-25T18:29:38","modified_gmt":"2021-04-25T17:29:38","slug":"golejada-a-casa-per-a-guanyar-confianca","status":"publish","type":"post","link":"http:\/\/fegrama.cat\/web\/golejada-a-casa-per-a-guanyar-confianca\/","title":{"rendered":"Golejada a casa per a guanyar confian\u00e7a"},"content":{"rendered":"\n<p>Gran vict\u00f2ria del Cadet B davant el CF Lloreda per 8-0 al Nou Municipal de Santa Coloma.<\/p>\n\n\n\n<p>Partit complet, ple de gols i de concentraci\u00f3. Des del primer minut fins a l&#8217;\u00faltim, el Cadet B ha estat capa\u00e7 de mantenir un alt ritme de pilota, buscant l&#8217;\u00e0rea rival cont\u00ednuament i emmanillant al rival fins a acabar noquejant-lo.<\/p>\n\n\n\n<p>L&#8217;equip visitant, el&nbsp;CF&nbsp;Lloreda, ha cedit la iniciativa a l&#8217;equip local, intentant aprofitar algun contraatac i fent-se fort en el carril central del terreny de joc, per\u00f2 no ha estat suficient per a un equip en ratxa i que ha tingut una taxa d&#8217;encert molt elevada.<\/p>\n\n\n\n<p>La primera part ha acabat amb un contundent 5-0 despr\u00e9s de dos gols de Miguel\u00a0Sicua, un de Marcelo\u00a0Espinoza\u00a0i altres dos d&#8217;Aleix\u00a0Manteiga. Jos\u00e9 del Riu es va encarregar de posar-l&#8217;hi f\u00e0cil als golejadors amb fins a quatre assist\u00e8ncies en els primers 40 minuts. M\u00e9s tard s&#8217;encarregaria d&#8217;afegir dos m\u00e9s a aquest compte de passades de gol.<\/p>\n\n\n\n<div class=\"wp-block-image\"><figure class=\"aligncenter size-large\"><img loading=\"lazy\" decoding=\"async\" width=\"561\" height=\"372\" src=\"http:\/\/fegrama.cat\/web\/wp-content\/uploads\/2021\/04\/image-24.png\" alt=\"\" class=\"wp-image-28599\" srcset=\"http:\/\/fegrama.cat\/web\/wp-content\/uploads\/2021\/04\/image-24.png 561w, http:\/\/fegrama.cat\/web\/wp-content\/uploads\/2021\/04\/image-24-300x199.png 300w\" sizes=\"auto, (max-width: 561px) 100vw, 561px\" \/><\/figure><\/div>\n\n\n\n<p>Cinc canvis en el descans i a seguir amb la mateixa energia. La segona part ha continuat sent un mon\u00f2leg dels\u00a0blaus, contenint qualsevol indici de reacci\u00f3 per part de l&#8217;equip de Badalona i insistint a trobar el gol, que ha arribat fins a tres ocasions m\u00e9s despr\u00e9s del 5-0. Repetint Marcelo\u00a0Espinoza\u00a0i Aleix\u00a0Manteiga, amb dos gols m\u00e9s,\u00a0arrodonien\u00a0el resultat.<\/p>\n\n\n\n<p>El cos t\u00e8cnic ens recorda que: \u00abSi b\u00e9 \u00e9s cert que en la l\u00f2gica futbolera impera que els protagonistes solen ser els golejadors, avui seria injust esmentar algun jugador com destacat per sobre de la resta. El cam\u00ed del gol l&#8217;hem trobat gr\u00e0cies a que tots els jugadors van fer les coses molt b\u00e9\u00bb<\/p>\n\n\n\n<p>Destacar l&#8217;esportivitat en tot moment de tots dos conjunts pesi al marcador.<\/p>\n\n\n\n<p>Felicitat en les graderies i satisfacci\u00f3 en el camp. Qu\u00e8 no pari la ratxa!<\/p>\n\n\n\n<p>Fotos: Rodrigo Sicua<\/p>\n\n\n\n<figure class=\"wp-block-image size-large\"><img loading=\"lazy\" decoding=\"async\" width=\"563\" height=\"371\" src=\"http:\/\/fegrama.cat\/web\/wp-content\/uploads\/2021\/04\/image-22.png\" alt=\"\" class=\"wp-image-28596\" srcset=\"http:\/\/fegrama.cat\/web\/wp-content\/uploads\/2021\/04\/image-22.png 563w, http:\/\/fegrama.cat\/web\/wp-content\/uploads\/2021\/04\/image-22-300x198.png 300w\" sizes=\"auto, (max-width: 563px) 100vw, 563px\" \/><\/figure>\n\n\n\n<h2 class=\"wp-block-heading\">Goleada en casa para ganar confianza<\/h2>\n\n\n\n<p>Partido completo, lleno de goles y de concentraci\u00f3n. Desde el primer minuto hasta el \u00faltimo, el Cadete B ha sido capaz de mantener un alto ritmo de bal\u00f3n, buscando el \u00e1rea rival continuamente y maniatando al rival hasta acabar noque\u00e1ndolo.<\/p>\n\n\n\n<p>El equipo visitante, el CF Lloreda, ha cedido la iniciativa al equipo local, intentando aprovechar alg\u00fan contraataque y haci\u00e9ndose fuerte en el carril central del terreno de juego, pero no ha sido suficiente para un equipo en racha y que ha tenido una tasa de acierto muy elevada.<\/p>\n\n\n\n<p>La primera parte ha acabado con un contundente 5-0 tras dos goles de Miguel Sicua, uno de Marcelo Espinoza y otros dos de Aleix Manteiga. Jos\u00e9 del R\u00edo se encarg\u00f3 de pon\u00e9rselo f\u00e1cil a los goleadores con hasta cuatro asistencias en los primeros 40 minutos. M\u00e1s tarde se encargar\u00eda de a\u00f1adir dos m\u00e1s a esa cuenta de pases de gol.<\/p>\n\n\n\n<p>Cinco cambios en el descanso y a seguir con la misma energ\u00eda. La segunda parte ha continuado siendo un mon\u00f3logo de los azulones, conteniendo cualquier atisbo de reacci\u00f3n por parte del equipo de Badalona e insistiendo en encontrar el gol, que ha llegado hasta en tres ocasiones m\u00e1s tras el 5-0. Repitiendo Marcelo Espinoza y Aleix Manteiga, con dos goles m\u00e1s, redonde\u00e1ban el resultado.<\/p>\n\n\n\n<p>El cuerpo t\u00e9cnico nos recuerda que: \u00abSi bien es cierto que en la l\u00f3gica futbolera impera que los protagonistas suelen ser los goleadores, hoy ser\u00eda injusto mencionar a alg\u00fan jugador como destacado por encima del resto. El camino del gol lo hemos encontrado gracias a que todos los jugadores hicieron las cosas muy bien\u00bb<\/p>\n\n\n\n<p>Destacar la deportividad en todo momento de ambos conjuntos pese al marcador.<\/p>\n\n\n\n<p>Felicidad en las gradas y satisfacci\u00f3n en el campo. \u00a1Qu\u00e9 no pare la racha!<\/p>\n\n\n\n<p>Fotos: Rodrigo Sicua<\/p>\n\n\n\n<div class=\"wp-block-image\"><figure class=\"aligncenter size-large\"><img loading=\"lazy\" decoding=\"async\" width=\"564\" height=\"377\" src=\"http:\/\/fegrama.cat\/web\/wp-content\/uploads\/2021\/04\/image-23.png\" alt=\"\" class=\"wp-image-28598\" srcset=\"http:\/\/fegrama.cat\/web\/wp-content\/uploads\/2021\/04\/image-23.png 564w, http:\/\/fegrama.cat\/web\/wp-content\/uploads\/2021\/04\/image-23-300x201.png 300w\" sizes=\"auto, (max-width: 564px) 100vw, 564px\" \/><\/figure><\/div>\n","protected":false},"excerpt":{"rendered":"<p>Gran vict\u00f2ria del Cadet B davant el CF Lloreda per 8-0 al Nou Municipal de Santa Coloma. Partit complet, ple de gols i de concentraci\u00f3. Des del primer minut fins a l&#8217;\u00faltim, el Cadet B ha estat capa\u00e7 de mantenir un alt ritme de pilota, buscant l&#8217;\u00e0rea rival cont\u00ednuament i emmanillant al rival fins a [&hellip;]<\/p>\n","protected":false},"author":1,"featured_media":28597,"comment_status":"closed","ping_status":"closed","sticky":false,"template":"","format":"standard","meta":{"footnotes":""},"categories":[7],"tags":[],"class_list":["post-28594","post","type-post","status-publish","format-standard","has-post-thumbnail","hentry","category-cadets"],"_links":{"self":[{"href":"http:\/\/fegrama.cat\/web\/wp-json\/wp\/v2\/posts\/28594","targetHints":{"allow":["GET"]}}],"collection":[{"href":"http:\/\/fegrama.cat\/web\/wp-json\/wp\/v2\/posts"}],"about":[{"href":"http:\/\/fegrama.cat\/web\/wp-json\/wp\/v2\/types\/post"}],"author":[{"embeddable":true,"href":"http:\/\/fegrama.cat\/web\/wp-json\/wp\/v2\/users\/1"}],"replies":[{"embeddable":true,"href":"http:\/\/fegrama.cat\/web\/wp-json\/wp\/v2\/comments?post=28594"}],"version-history":[{"count":1,"href":"http:\/\/fegrama.cat\/web\/wp-json\/wp\/v2\/posts\/28594\/revisions"}],"predecessor-version":[{"id":28600,"href":"http:\/\/fegrama.cat\/web\/wp-json\/wp\/v2\/posts\/28594\/revisions\/28600"}],"wp:featuredmedia":[{"embeddable":true,"href":"http:\/\/fegrama.cat\/web\/wp-json\/wp\/v2\/media\/28597"}],"wp:attachment":[{"href":"http:\/\/fegrama.cat\/web\/wp-json\/wp\/v2\/media?parent=28594"}],"wp:term":[{"taxonomy":"category","embeddable":true,"href":"http:\/\/fegrama.cat\/web\/wp-json\/wp\/v2\/categories?post=28594"},{"taxonomy":"post_tag","embeddable":true,"href":"http:\/\/fegrama.cat\/web\/wp-json\/wp\/v2\/tags?post=28594"}],"curies":[{"name":"wp","href":"https:\/\/api.w.org\/{rel}","templated":true}]}}