{"id":28588,"date":"2021-04-25T17:35:45","date_gmt":"2021-04-25T16:35:45","guid":{"rendered":"http:\/\/fegrama.cat\/web\/?p=28588"},"modified":"2021-04-25T17:35:45","modified_gmt":"2021-04-25T16:35:45","slug":"festa-i-partidas-a-terrassa","status":"publish","type":"post","link":"http:\/\/fegrama.cat\/web\/festa-i-partidas-a-terrassa\/","title":{"rendered":"Festa i partid\u00e0s a Terrassa"},"content":{"rendered":"\n<p>Aquest diumenge s&#8217;ha disputat un partit amist\u00f3s entre l&#8217;equip inclusiu de la F.E. Grama i el Terrassa Femen\u00ed amb vict\u00f2ria per a les noies per 7-6. <\/p>\n\n\n\n<p>El nostre equip inclusiu va jugar un gran partit amist\u00f3s davant ni m\u00e9s ni menys que l&#8217;equip femen\u00ed del Terrassa C.F. en el Poliesportiu Les Sorres, a la comarca del Vall\u00e9s Occidental.<\/p>\n\n\n\n<p>Van comen\u00e7ar b\u00e9 els nois de la&nbsp;Grama&nbsp;per\u00f2 els primers gols arribarien per part del Terrassa, ja que el resultat al descans seria de 3-1 favorable a les locals.<\/p>\n\n\n\n<p>Durant la segona part va haver-hi una petita reacci\u00f3 del nostre equip ja que va arribar a igualar la trobada (5-5). Va ser un partit en el qual es van imposar m\u00e9s els atacs que les defenses.<\/p>\n\n\n\n<p>Mancant uns 5 minuts per al final de la trobada, el marcador reflectia un 7-5 i els nostres van estr\u00e8nyer i van donar un \u00faltim esprint per a retallar dist\u00e0ncies. I aix\u00ed va ser.<\/p>\n\n\n\n<p>Resultat final de 7-6 favorable al Terrassa en un aut\u00e8ntic\u00a0partid\u00e0s\u00a0que va ser una festa en honor al futbol.<\/p>\n\n\n\n<div class=\"wp-block-image\"><figure class=\"aligncenter size-large\"><img loading=\"lazy\" decoding=\"async\" width=\"884\" height=\"492\" src=\"http:\/\/fegrama.cat\/web\/wp-content\/uploads\/2021\/04\/image-19.png\" alt=\"\" class=\"wp-image-28589\" srcset=\"http:\/\/fegrama.cat\/web\/wp-content\/uploads\/2021\/04\/image-19.png 884w, http:\/\/fegrama.cat\/web\/wp-content\/uploads\/2021\/04\/image-19-300x167.png 300w, http:\/\/fegrama.cat\/web\/wp-content\/uploads\/2021\/04\/image-19-768x427.png 768w\" sizes=\"auto, (max-width: 884px) 100vw, 884px\" \/><\/figure><\/div>\n\n\n\n<h2 class=\"wp-block-heading\">Fiesta y partidazo en Terrassa<\/h2>\n\n\n\n<p>Nuestro equipo inclusivo jug\u00f3 un gran partido amistoso ante nada m\u00e1s y nada menos que el equipo femenino del Terrassa C.F. en el Polideportivo Las Arenas, en la comarca del Vall\u00e9s Occidental.<\/p>\n\n\n\n<p>Empezaron bien los chicos de la Grama pero los primeros goles llegar\u00edan por parte del Terrassa, ya que el resultado al descanso ser\u00eda de 3-1 favorable a las locales.<\/p>\n\n\n\n<p>Durante la segunda parte hubo una peque\u00f1a reacci\u00f3n de nuestro equipo ya que lleg\u00f3 a igualar el encuentro (5-5). Fue un partido en el que se impusieron m\u00e1s los ataques que las defensas.<\/p>\n\n\n\n<p>A falta de unos 5 minutos para el final del encuentro, el marcador reflejaba un 7-5 y los nuestros apretaron y dieron un \u00faltimo esprint para recortar distancias. Y as\u00ed fue.<\/p>\n\n\n\n<p>Resultado final de 7-6 favorable al Terrassa en un aut\u00e9ntico partidazo que fue una fiesta en honor al f\u00fatbol.<\/p>\n\n\n\n<figure class=\"wp-block-image size-large\"><img loading=\"lazy\" decoding=\"async\" width=\"637\" height=\"466\" src=\"http:\/\/fegrama.cat\/web\/wp-content\/uploads\/2021\/04\/image-20.png\" alt=\"\" class=\"wp-image-28591\" srcset=\"http:\/\/fegrama.cat\/web\/wp-content\/uploads\/2021\/04\/image-20.png 637w, http:\/\/fegrama.cat\/web\/wp-content\/uploads\/2021\/04\/image-20-300x219.png 300w\" sizes=\"auto, (max-width: 637px) 100vw, 637px\" \/><\/figure>\n","protected":false},"excerpt":{"rendered":"<p>Aquest diumenge s&#8217;ha disputat un partit amist\u00f3s entre l&#8217;equip inclusiu de la F.E. Grama i el Terrassa Femen\u00ed amb vict\u00f2ria per a les noies per 7-6. El nostre equip inclusiu va jugar un gran partit amist\u00f3s davant ni m\u00e9s ni menys que l&#8217;equip femen\u00ed del Terrassa C.F. en el Poliesportiu Les Sorres, a la comarca [&hellip;]<\/p>\n","protected":false},"author":1,"featured_media":28590,"comment_status":"closed","ping_status":"closed","sticky":false,"template":"","format":"standard","meta":{"footnotes":""},"categories":[1256],"tags":[],"class_list":["post-28588","post","type-post","status-publish","format-standard","has-post-thumbnail","hentry","category-inclusiu"],"_links":{"self":[{"href":"http:\/\/fegrama.cat\/web\/wp-json\/wp\/v2\/posts\/28588","targetHints":{"allow":["GET"]}}],"collection":[{"href":"http:\/\/fegrama.cat\/web\/wp-json\/wp\/v2\/posts"}],"about":[{"href":"http:\/\/fegrama.cat\/web\/wp-json\/wp\/v2\/types\/post"}],"author":[{"embeddable":true,"href":"http:\/\/fegrama.cat\/web\/wp-json\/wp\/v2\/users\/1"}],"replies":[{"embeddable":true,"href":"http:\/\/fegrama.cat\/web\/wp-json\/wp\/v2\/comments?post=28588"}],"version-history":[{"count":1,"href":"http:\/\/fegrama.cat\/web\/wp-json\/wp\/v2\/posts\/28588\/revisions"}],"predecessor-version":[{"id":28592,"href":"http:\/\/fegrama.cat\/web\/wp-json\/wp\/v2\/posts\/28588\/revisions\/28592"}],"wp:featuredmedia":[{"embeddable":true,"href":"http:\/\/fegrama.cat\/web\/wp-json\/wp\/v2\/media\/28590"}],"wp:attachment":[{"href":"http:\/\/fegrama.cat\/web\/wp-json\/wp\/v2\/media?parent=28588"}],"wp:term":[{"taxonomy":"category","embeddable":true,"href":"http:\/\/fegrama.cat\/web\/wp-json\/wp\/v2\/categories?post=28588"},{"taxonomy":"post_tag","embeddable":true,"href":"http:\/\/fegrama.cat\/web\/wp-json\/wp\/v2\/tags?post=28588"}],"curies":[{"name":"wp","href":"https:\/\/api.w.org\/{rel}","templated":true}]}}