{"id":28577,"date":"2021-04-25T16:13:11","date_gmt":"2021-04-25T15:13:11","guid":{"rendered":"http:\/\/fegrama.cat\/web\/?p=28577"},"modified":"2021-12-24T18:06:27","modified_gmt":"2021-12-24T17:06:27","slug":"puntas-al-nou-congost","status":"publish","type":"post","link":"http:\/\/fegrama.cat\/web\/puntas-al-nou-congost\/","title":{"rendered":"Punt\u00e0s al Nou Congost"},"content":{"rendered":"\n<p>Per a la visita al&nbsp;Nou&nbsp;Congost el t\u00e8cnic Juanma Pons va decidir fer un parell de canvis a l&#8217;onze respecte al partit anterior. \u00c1lex Montalb\u00e1n i Lucca&nbsp;Antonicelli&nbsp;van entrar en escena per \u00d3scar Mu\u00f1oz i&nbsp;Iu&nbsp;Ranera.<\/p>\n\n\n\n<p>Al costat d&#8217;ells:&nbsp;Guiseris&nbsp;en porteria, la l\u00ednia defensiva Juan Carlos-V\u00edctor D\u00edaz i en bandes Jonathan Linares-Omar Monterde,&nbsp;Yeray-Guillem&nbsp;en el centre, \u00c1ngel-Adil&nbsp;en bandes.<\/p>\n\n\n\n<p>Batalla t\u00e0ctica en les banquetes i en la gespa el Manresa va saltar amb for\u00e7a i avisant gr\u00e0cies a un llan\u00e7ament lluny\u00e0 en els primers segons.<\/p>\n\n\n\n<p>La&nbsp;Grama&nbsp;va intentar en tot moment contrarestar els atacs del rival i van saber sofrir. Quatre c\u00f3rners consecutius i en un d&#8217;ells la primera parada de&nbsp;Guiseris.<\/p>\n\n\n\n<p>Poques vegades van poder els&nbsp;colomencs&nbsp;atacar, alguna combinaci\u00f3 en velocitat i un intent lluny\u00e0 d&#8217;Omar. Per\u00f2 novament el Manresa va atacar amb forces. Dani&nbsp;Guiseris&nbsp;amb l&#8217;ajuda del travesser va evitar un gol de cap de&nbsp;Moha&nbsp;i en el rebutgi la pilota es va anar per damunt.<\/p>\n\n\n\n<p>Tres minuts despr\u00e9s (28&#8242;) l&#8217;\u00e0rbitre xiulava penal per m\u00e0 involunt\u00e0ria d&#8217;\u00c1ngel.&nbsp;Guiseris&nbsp;endevinava i fregava la pilota per\u00f2 Juli Serrano avan\u00e7ava al Manresa (1-0).<\/p>\n\n\n\n<p>La&nbsp;Grama&nbsp;va reaccionar r\u00e0pid, trepitjant \u00e0rea i rematant de cap Juan Carlos un c\u00f3rner. D&#8217;aqu\u00ed al descans es va mantenir la mateixa t\u00f2nica de joc sense acostaments destacats.<\/p>\n\n\n\n<p>Per a la segona part Juanma Pons va fer un canvi donant entrada a&nbsp;Iu&nbsp;Ranera&nbsp;per Linares.&nbsp;Guiseris&nbsp;va apar\u00e8ixer en el 48&#8242; amb una gran m\u00e0 a xut des de fora de l&#8217;\u00e0rea.<\/p>\n\n\n\n<p>La&nbsp;Grama&nbsp;va intentar tenir m\u00e9s possessi\u00f3 per\u00f2 li va costar molt mantenir-la davant un rival molt complicat que combinava molt b\u00e9. A la recerca de l&#8217;empat l&#8217;entrenador Juanma Pons va moure la banqueta amb l&#8217;entrada de Peque, Machuca i \u00d3scar Mu\u00f1oz.<\/p>\n\n\n\n<p>En el 63 novament&nbsp;Guiseris&nbsp;va apar\u00e8ixer per a evitar el segon gol local. El pas endavant de la&nbsp;Grama&nbsp;es va confirmar amb el gol. En el minut 75 un gran llan\u00e7ament de falta d&#8217;Omar Monterde va arribar directe al cap              de Juan Carlos per a posar l&#8217; 1-1 en el marcador.<\/p>\n\n\n\n<p>Amb l&#8217;empat el partit es va obrir amb els dos equips buscant el segon. Alguns acostaments perillosos locals per\u00f2 els tres punts gaireb\u00e9 es van a Santa Coloma.<\/p>\n\n\n\n<p>En el 90 un contraatac frenat amb falta va acabar amb l&#8217;expulsi\u00f3 del jugador local Alex S\u00e1nchez. Pr\u00e0cticament mateixa jugada assajada que la del gol de l&#8217; 1-1, aquesta vegada Monterde la va posar al cap d&#8217;\u00d3scar Mu\u00f1oz que gaireb\u00e9 marca el segon.<\/p>\n\n\n\n<p>Per a finalitzar, en l&#8217;afegit Omar es va topar amb la m\u00e0 del porter local. Un repartiment de punts que deixa tot molt obert en aquesta segona fase amb tres partits per jugar-se.<\/p>\n\n\n\n<p>Fotos: Afici\u00f3 FE Grama<\/p>\n\n\n\n<div class=\"wp-block-image\"><figure class=\"aligncenter size-large\"><img loading=\"lazy\" decoding=\"async\" width=\"530\" height=\"496\" src=\"http:\/\/fegrama.cat\/web\/wp-content\/uploads\/2021\/04\/image-18.png\" alt=\"\" class=\"wp-image-28585\" srcset=\"http:\/\/fegrama.cat\/web\/wp-content\/uploads\/2021\/04\/image-18.png 530w, http:\/\/fegrama.cat\/web\/wp-content\/uploads\/2021\/04\/image-18-300x281.png 300w\" sizes=\"auto, (max-width: 530px) 100vw, 530px\" \/><\/figure><\/div>\n\n\n\n<h2 class=\"wp-block-heading\">Puntazo en el Nou Congost<\/h2>\n\n\n\n<p>Para la visita al Nou Congost el t\u00e9cnico Juanma Pons decidi\u00f3 hacer un par de cambios al once respecto al partido anterior. \u00c1lex Montalb\u00e1n y Luca Antonicelli entraron en escena por \u00d3scar Mu\u00f1oz e Iu Ranera.&nbsp;<\/p>\n\n\n\n<p><br>Junto a ellos: Guiseris en porter\u00eda, la l\u00ednea defensiva Juan Carlos-V\u00edctor D\u00edaz y en bandas Jonathan Linares-Omar Monterde, Yeray-Guillem en el centro, \u00c1ngel-Adil en bandas.<\/p>\n\n\n\n<p><br>Batalla t\u00e1ctica en los banquillos y en el c\u00e9sped el Manresa salt\u00f3 con fuerza y avisando gracias a un lanzamiento lejano en los primeros segundos.&nbsp;<\/p>\n\n\n\n<p><br>La Grama intent\u00f3 en todo momento contrarrestar los ataques del rival y supieron sufrir. Cuatro c\u00f3rners consecutivos y en uno de ellos la primera parada de Guiseris.<\/p>\n\n\n\n<p><br>Pocas veces pudieron los colomenses atacar, alguna que otra combinaci\u00f3n en velocidad y un intento lejano de Omar. Pero nuevamente el Manresa atac\u00f3 con fuerzas. Dani Guiseris con la ayuda del larguero evit\u00f3 un gol de cabeza de Moha y en el rechace el bal\u00f3n se fue por encima.<\/p>\n\n\n\n<p><br>Tres minutos despu\u00e9s (28&#8242;) el \u00e1rbitro pitaba&nbsp; penalti por mano involuntaria de \u00c1ngel. Guiseris adivinaba y rozaba la pelota pero Juli Serrano adelantaba al Manresa (1-0).<\/p>\n\n\n\n<p><br>La Grama reaccion\u00f3 r\u00e1pido, pisando \u00e1rea y rematando de cabeza Juan Carlos un c\u00f3rner. De aqu\u00ed al descanso se mantuvo la misma t\u00f3nica de juego sin acercamientos destacados.<\/p>\n\n\n\n<p><br>Para la segunda parte Juanma Pons realiz\u00f3 un cambio dando entrada a Iu Ranera por Linares. Guiseris apareci\u00f3 en el 48&#8242; con una gran mano a disparo desde fuera del \u00e1rea.&nbsp;<\/p>\n\n\n\n<p><br>La Grama intent\u00f3 tener m\u00e1s posesi\u00f3n pero le cost\u00f3 mucho mantenerla ante un rival muy complicado que combinaba muy bien. En busca del empate el entrenador Juanma Pons movi\u00f3 el banquillo con la entrada de Peque, Machuca y \u00d3scar Mu\u00f1oz.<\/p>\n\n\n\n<p><br>En el 63 nuevamente Guiseris apareci\u00f3 para evitar el segundo gol local. El paso adelante de la Grama se confirm\u00f3 con el gol. En el minuto 75 un gran lanzamiento de falta de Omar Monterde lleg\u00f3 directo a la cabeza fe Juan Carlos para poner el 1-1 en el marcador.<\/p>\n\n\n\n<p><br>Con el empate el partido se abri\u00f3 con los dos equipos buscando el segundo. Algunos acercamientos peligrosos locales pero los tres puntos casi se van a Santa Coloma.<\/p>\n\n\n\n<p><br>En el 90 un contraataque frenado con falta acab\u00f3 con la expulsi\u00f3n del jugador local Alex S\u00e1nchez. Pr\u00e1cticamente misma jugada ensayada que la del gol del 1-1, esta vez Monterde la puso a la cabeza de \u00d3scar Mu\u00f1oz que casi marca el segundo.<\/p>\n\n\n\n<p><br>Para finalizar, en el a\u00f1adido Omar se top\u00f3 con la mano del portero local. Un reparto de puntos que deja todo muy abierto en esta segunda fase con tres partidos por jugarse.<\/p>\n\n\n\n<p>Fotos: Afici\u00f3n FE Grama<\/p>\n\n\n\n<div class=\"wp-block-image\"><figure class=\"aligncenter size-large\"><img loading=\"lazy\" decoding=\"async\" width=\"736\" height=\"502\" src=\"http:\/\/fegrama.cat\/web\/wp-content\/uploads\/2021\/04\/cronica-1.png\" alt=\"\" class=\"wp-image-28586\" srcset=\"http:\/\/fegrama.cat\/web\/wp-content\/uploads\/2021\/04\/cronica-1.png 736w, http:\/\/fegrama.cat\/web\/wp-content\/uploads\/2021\/04\/cronica-1-300x205.png 300w\" sizes=\"auto, (max-width: 736px) 100vw, 736px\" \/><\/figure><\/div>\n","protected":false},"excerpt":{"rendered":"<p>Per a la visita al&nbsp;Nou&nbsp;Congost el t\u00e8cnic Juanma Pons va decidir fer un parell de canvis a l&#8217;onze respecte al partit anterior. \u00c1lex Montalb\u00e1n i Lucca&nbsp;Antonicelli&nbsp;van entrar en escena per \u00d3scar Mu\u00f1oz i&nbsp;Iu&nbsp;Ranera. Al costat d&#8217;ells:&nbsp;Guiseris&nbsp;en porteria, la l\u00ednia defensiva Juan Carlos-V\u00edctor D\u00edaz i en bandes Jonathan Linares-Omar Monterde,&nbsp;Yeray-Guillem&nbsp;en el centre, \u00c1ngel-Adil&nbsp;en bandes. Batalla t\u00e0ctica [&hellip;]<\/p>\n","protected":false},"author":1,"featured_media":28578,"comment_status":"closed","ping_status":"closed","sticky":false,"template":"","format":"standard","meta":{"footnotes":""},"categories":[5],"tags":[],"class_list":["post-28577","post","type-post","status-publish","format-standard","has-post-thumbnail","hentry","category-primer-equip"],"_links":{"self":[{"href":"http:\/\/fegrama.cat\/web\/wp-json\/wp\/v2\/posts\/28577","targetHints":{"allow":["GET"]}}],"collection":[{"href":"http:\/\/fegrama.cat\/web\/wp-json\/wp\/v2\/posts"}],"about":[{"href":"http:\/\/fegrama.cat\/web\/wp-json\/wp\/v2\/types\/post"}],"author":[{"embeddable":true,"href":"http:\/\/fegrama.cat\/web\/wp-json\/wp\/v2\/users\/1"}],"replies":[{"embeddable":true,"href":"http:\/\/fegrama.cat\/web\/wp-json\/wp\/v2\/comments?post=28577"}],"version-history":[{"count":6,"href":"http:\/\/fegrama.cat\/web\/wp-json\/wp\/v2\/posts\/28577\/revisions"}],"predecessor-version":[{"id":30035,"href":"http:\/\/fegrama.cat\/web\/wp-json\/wp\/v2\/posts\/28577\/revisions\/30035"}],"wp:featuredmedia":[{"embeddable":true,"href":"http:\/\/fegrama.cat\/web\/wp-json\/wp\/v2\/media\/28578"}],"wp:attachment":[{"href":"http:\/\/fegrama.cat\/web\/wp-json\/wp\/v2\/media?parent=28577"}],"wp:term":[{"taxonomy":"category","embeddable":true,"href":"http:\/\/fegrama.cat\/web\/wp-json\/wp\/v2\/categories?post=28577"},{"taxonomy":"post_tag","embeddable":true,"href":"http:\/\/fegrama.cat\/web\/wp-json\/wp\/v2\/tags?post=28577"}],"curies":[{"name":"wp","href":"https:\/\/api.w.org\/{rel}","templated":true}]}}