{"id":28567,"date":"2021-04-25T15:09:46","date_gmt":"2021-04-25T14:09:46","guid":{"rendered":"http:\/\/fegrama.cat\/web\/?p=28567"},"modified":"2021-04-25T15:09:46","modified_gmt":"2021-04-25T14:09:46","slug":"orgull-i-caracter-per-sumar-3-punts-molts-necessaris","status":"publish","type":"post","link":"http:\/\/fegrama.cat\/web\/orgull-i-caracter-per-sumar-3-punts-molts-necessaris\/","title":{"rendered":"Orgull i car\u00e0cter per sumar 3 punts molts necessaris"},"content":{"rendered":"\n<p>Gran vict\u00f2ria de l&#8217;Infantil A davant el C.D.&nbsp;Sant&nbsp;Gabriel C per 1-3 en el&nbsp;CEM&nbsp;Marina&nbsp;Bes\u00f3s&nbsp;Jos\u00e9 Luis Ruiz Casado.<\/p>\n\n\n\n<p>Als&nbsp;colomencs&nbsp;els ha costat entrar en el partit i les primeres ocasions han estat del&nbsp;Sant&nbsp;Gabriel. A poc a poc l&#8217;Infantil A se ha anat estabilitzant a nivell defensiu i pr\u00e0cticament en un interval de 10-15 minuts han aconseguit marcar tres gols, 2 gols a la contra i 1 de c\u00f3rner que va rematar Xavi per a situar el 0-3 en el llumin\u00f3s.<\/p>\n\n\n\n<p>A pocs minuts del descans els locals anotaven el 1-3 i amb aquest resultat ens an\u00e0vem a la mitja part.<\/p>\n\n\n\n<p>La segona part ha estat marcada per la gran defensa en bloc i per les ajudes en els \u00faltims metres de la&nbsp;Grama, que ha resistit b\u00e9 el resultat.<\/p>\n\n\n\n<p>L&#8217;Infantil A torna a sumar 3 punts que eren molt necessaris per a continuar barallant.<\/p>\n\n\n\n<figure class=\"wp-block-image size-large\"><img loading=\"lazy\" decoding=\"async\" width=\"751\" height=\"504\" src=\"http:\/\/fegrama.cat\/web\/wp-content\/uploads\/2021\/04\/image-12.png\" alt=\"\" class=\"wp-image-28568\" srcset=\"http:\/\/fegrama.cat\/web\/wp-content\/uploads\/2021\/04\/image-12.png 751w, http:\/\/fegrama.cat\/web\/wp-content\/uploads\/2021\/04\/image-12-300x201.png 300w\" sizes=\"auto, (max-width: 751px) 100vw, 751px\" \/><\/figure>\n\n\n\n<h2 class=\"wp-block-heading\">Orgullo y car\u00e1cter para sumar 3 puntos muy necesarios<\/h2>\n\n\n\n<p>Gran victoria del Infantil A ante el C.D. Sant Gabriel C por 1-3 en el CEM Marina Bes\u00f3s Jos\u00e9 Luis Ruiz Casado.<\/p>\n\n\n\n<p>A los colomenses les ha costado entrar en el partido y las primeras ocasiones han sido del Sant Gabriel. Poco a poco el Infantil A se ha ido estabilizando a nivel defensivo y pr\u00e1cticamente en un intervalo de 10-15 minutos han conseguido marcar tres goles, 2 goles a la contra y 1 de c\u00f3rner que remat\u00f3 Xavi para situar el 0-3 en el luminoso.<\/p>\n\n\n\n<p>A pocos minutos del descanso los locales anotaban el 1-3 y con este resultado nos \u00edbamos a la media parte.<\/p>\n\n\n\n<p>La segunda parte ha estado marcada por la gran defensa en bloque y por las ayudas en los \u00faltimos metros de la Grama, que ha resistido bien el resultado.<\/p>\n\n\n\n<p>El Infantil A vuelve a sumar 3 puntos que eran muy necesarios para seguir peleando.<\/p>\n\n\n\n<div class=\"wp-block-image\"><figure class=\"aligncenter size-large\"><img loading=\"lazy\" decoding=\"async\" width=\"333\" height=\"500\" src=\"http:\/\/fegrama.cat\/web\/wp-content\/uploads\/2021\/04\/image-13.png\" alt=\"\" class=\"wp-image-28569\" srcset=\"http:\/\/fegrama.cat\/web\/wp-content\/uploads\/2021\/04\/image-13.png 333w, http:\/\/fegrama.cat\/web\/wp-content\/uploads\/2021\/04\/image-13-200x300.png 200w\" sizes=\"auto, (max-width: 333px) 100vw, 333px\" \/><\/figure><\/div>\n","protected":false},"excerpt":{"rendered":"<p>Gran vict\u00f2ria de l&#8217;Infantil A davant el C.D.&nbsp;Sant&nbsp;Gabriel C per 1-3 en el&nbsp;CEM&nbsp;Marina&nbsp;Bes\u00f3s&nbsp;Jos\u00e9 Luis Ruiz Casado. Als&nbsp;colomencs&nbsp;els ha costat entrar en el partit i les primeres ocasions han estat del&nbsp;Sant&nbsp;Gabriel. A poc a poc l&#8217;Infantil A se ha anat estabilitzant a nivell defensiu i pr\u00e0cticament en un interval de 10-15 minuts han aconseguit marcar tres [&hellip;]<\/p>\n","protected":false},"author":1,"featured_media":28570,"comment_status":"closed","ping_status":"closed","sticky":false,"template":"","format":"standard","meta":{"footnotes":""},"categories":[9],"tags":[],"class_list":["post-28567","post","type-post","status-publish","format-standard","has-post-thumbnail","hentry","category-infantils"],"_links":{"self":[{"href":"http:\/\/fegrama.cat\/web\/wp-json\/wp\/v2\/posts\/28567","targetHints":{"allow":["GET"]}}],"collection":[{"href":"http:\/\/fegrama.cat\/web\/wp-json\/wp\/v2\/posts"}],"about":[{"href":"http:\/\/fegrama.cat\/web\/wp-json\/wp\/v2\/types\/post"}],"author":[{"embeddable":true,"href":"http:\/\/fegrama.cat\/web\/wp-json\/wp\/v2\/users\/1"}],"replies":[{"embeddable":true,"href":"http:\/\/fegrama.cat\/web\/wp-json\/wp\/v2\/comments?post=28567"}],"version-history":[{"count":1,"href":"http:\/\/fegrama.cat\/web\/wp-json\/wp\/v2\/posts\/28567\/revisions"}],"predecessor-version":[{"id":28571,"href":"http:\/\/fegrama.cat\/web\/wp-json\/wp\/v2\/posts\/28567\/revisions\/28571"}],"wp:featuredmedia":[{"embeddable":true,"href":"http:\/\/fegrama.cat\/web\/wp-json\/wp\/v2\/media\/28570"}],"wp:attachment":[{"href":"http:\/\/fegrama.cat\/web\/wp-json\/wp\/v2\/media?parent=28567"}],"wp:term":[{"taxonomy":"category","embeddable":true,"href":"http:\/\/fegrama.cat\/web\/wp-json\/wp\/v2\/categories?post=28567"},{"taxonomy":"post_tag","embeddable":true,"href":"http:\/\/fegrama.cat\/web\/wp-json\/wp\/v2\/tags?post=28567"}],"curies":[{"name":"wp","href":"https:\/\/api.w.org\/{rel}","templated":true}]}}