{"id":28548,"date":"2021-04-22T17:58:11","date_gmt":"2021-04-22T16:58:11","guid":{"rendered":"http:\/\/fegrama.cat\/web\/?p=28548"},"modified":"2021-08-27T14:54:21","modified_gmt":"2021-08-27T13:54:21","slug":"el-ayuntamiento-conoce-de-primera-mano-las-medidas-anti-covid-que-cumple-el-club","status":"publish","type":"post","link":"http:\/\/fegrama.cat\/web\/el-ayuntamiento-conoce-de-primera-mano-las-medidas-anti-covid-que-cumple-el-club\/","title":{"rendered":"L&#8217;Ajuntament coneix de primera m\u00e0 les mesures  anti-Covid que compleix         el club"},"content":{"rendered":"\n<p>L&#8217;Ajuntament de Santa Coloma representat per&nbsp;Petry&nbsp;Jim\u00e9nez (Tinent d&#8217;Alcaldessa, \u00e0rea de Ciutadania, Cultura i Esports) i Daniel Salgado (Regidor d&#8217;Esports) va visitar el&nbsp;Nou&nbsp;Municipal. Van estar acompanyats pel nostre president Antonio Morales,&nbsp;Encarni&nbsp;Santiago (Directiva), Jordi Mart\u00ednez (Coordinador General Futbol Base) i Toni P\u00e9rez (Director Esportiu).<\/p>\n\n\n\n<p>Petry\u00a0Jim\u00e9nez (Tinent d&#8217;Alcaldessa): \u00abLa visita al\u00a0Nou\u00a0Camp Municipal, acompanyats pel president de l&#8217;entitat, va ser molt agradable, i vull destacar que totes les mesures del protocol de seguretat estaven perfectament establertes i executades.<br>\u00c9s un orgull per a la nostra ciutat que la\u00a0Fundaci\u00f3\u00a0Esportiva\u00a0Grama\u00a0treballi incansablement formant a joves de totes les edats. Felicitats!!\u00bb<\/p>\n\n\n\n<div class=\"wp-block-image\"><figure class=\"aligncenter size-large\"><img loading=\"lazy\" decoding=\"async\" width=\"380\" height=\"506\" src=\"http:\/\/fegrama.cat\/web\/wp-content\/uploads\/2021\/04\/image-7.png\" alt=\"\" class=\"wp-image-28558\" srcset=\"http:\/\/fegrama.cat\/web\/wp-content\/uploads\/2021\/04\/image-7.png 380w, http:\/\/fegrama.cat\/web\/wp-content\/uploads\/2021\/04\/image-7-225x300.png 225w\" sizes=\"auto, (max-width: 380px) 100vw, 380px\" \/><\/figure><\/div>\n\n\n\n<p>Van poder veure i con\u00e8ixer de primera m\u00e0 la situaci\u00f3 de la&nbsp;Grama&nbsp;i totes les mesures de seguretat i higiene preses en l&#8217;estadi. Prop d&#8217;una hora visitant les instal\u00b7lacions.<\/p>\n\n\n\n<p>Antonio Morales (President): \u00ab\u00c9s una satisfacci\u00f3 que les autoritats ens visitin i puguin veure de primera m\u00e0 el treball que estem realitzant.\u00bb<\/p>\n\n\n\n<p>Daniel Salgado (Regidor d&#8217;Esports): \u00abL&#8217;entitat compleix molt b\u00e9 les mesures del\u00a0Procicat. Ens agrada el m\u00e8tode\u00a0QR. Cal aplaudir a totes les entitats per aquest gran esfor\u00e7. Al costat de l&#8217;Ajuntament tots a una.\u00bb<\/p>\n\n\n\n<div class=\"wp-block-image\"><figure class=\"aligncenter size-large\"><img loading=\"lazy\" decoding=\"async\" width=\"383\" height=\"499\" src=\"http:\/\/fegrama.cat\/web\/wp-content\/uploads\/2021\/04\/image-9.png\" alt=\"\" class=\"wp-image-28560\" srcset=\"http:\/\/fegrama.cat\/web\/wp-content\/uploads\/2021\/04\/image-9.png 383w, http:\/\/fegrama.cat\/web\/wp-content\/uploads\/2021\/04\/image-9-230x300.png 230w\" sizes=\"auto, (max-width: 383px) 100vw, 383px\" \/><\/figure><\/div>\n\n\n\n<h1 class=\"wp-block-heading\">El Ayuntamiento conoce de primera mano las medidas anti-Covid que cumple el club<\/h1>\n\n\n\n<p>El Ayuntamiento de Santa Coloma representado por Petry Jim\u00e9nez (Teniente de Alcaldesa, \u00e1rea de Ciudadan\u00eda, Cultura y Deportes) y Daniel Salgado (Concejal de Deportes) visit\u00f3 el Nou Municipal. Estuvieron acompa\u00f1ados por nuestro presidente Antonio Morales, Encarni Santiago (Directiva), Jordi Mart\u00ednez (Coordinador General F\u00fatbol Base) y Toni P\u00e9rez (Director Deportivo).              <\/p>\n\n\n\n<p><br>Petry Jim\u00e9nez (Teniente de Alcaldesa): \u00abLa visita al Nou Camp Municipal, acompa\u00f1ados por el presidente de la entidad, fue muy agradable, y quiero destacar que todas las medidas del protocolo de seguridad estaban perfectamente establecidas y ejecutadas.\u00a0Es un orgullo para nuestra ciudad que la Fundaci\u00f3 Esportiva Grama trabaje incansablemente formando a j\u00f3venes de todas las edades. Felicidades!!\u00bb<\/p>\n\n\n\n<div class=\"wp-block-image\"><figure class=\"aligncenter size-large\"><img loading=\"lazy\" decoding=\"async\" width=\"376\" height=\"502\" src=\"http:\/\/fegrama.cat\/web\/wp-content\/uploads\/2021\/04\/image-4.png\" alt=\"\" class=\"wp-image-28552\" srcset=\"http:\/\/fegrama.cat\/web\/wp-content\/uploads\/2021\/04\/image-4.png 376w, http:\/\/fegrama.cat\/web\/wp-content\/uploads\/2021\/04\/image-4-225x300.png 225w\" sizes=\"auto, (max-width: 376px) 100vw, 376px\" \/><\/figure><\/div>\n\n\n\n<p>Pudieron ver y conocer de primera mano la situaci\u00f3n de la Grama y todas las medidas de seguridad e higiene tomadas en el estadio. Cerca de una hora visitando las instalaciones.<\/p>\n\n\n\n<p><br>Antonio Morales (Presidente): \u00abEs una satisfacci\u00f3n que las autoridades nos visiten y puedan ver de primera mano el trabajo que estamos realizando.\u00bb<\/p>\n\n\n\n<p><br>Daniel Salgado (Concejal de Deportes): \u00abLa entidad cumple muy bien las medidas del Procicat. Nos gusta el m\u00e9todo QR. Hay que aplaudir a todas las entidades por este gran esfuerzo. Junto al Ayuntamiento todos a una.\u00bb<\/p>\n\n\n\n<div class=\"wp-block-image\"><figure class=\"aligncenter size-large\"><img loading=\"lazy\" decoding=\"async\" width=\"375\" height=\"501\" src=\"http:\/\/fegrama.cat\/web\/wp-content\/uploads\/2021\/04\/image-5.png\" alt=\"\" class=\"wp-image-28553\" srcset=\"http:\/\/fegrama.cat\/web\/wp-content\/uploads\/2021\/04\/image-5.png 375w, http:\/\/fegrama.cat\/web\/wp-content\/uploads\/2021\/04\/image-5-225x300.png 225w\" sizes=\"auto, (max-width: 375px) 100vw, 375px\" \/><\/figure><\/div>\n","protected":false},"excerpt":{"rendered":"<p>L&#8217;Ajuntament de Santa Coloma representat per&nbsp;Petry&nbsp;Jim\u00e9nez (Tinent d&#8217;Alcaldessa, \u00e0rea de Ciutadania, Cultura i Esports) i Daniel Salgado (Regidor d&#8217;Esports) va visitar el&nbsp;Nou&nbsp;Municipal. Van estar acompanyats pel nostre president Antonio Morales,&nbsp;Encarni&nbsp;Santiago (Directiva), Jordi Mart\u00ednez (Coordinador General Futbol Base) i Toni P\u00e9rez (Director Esportiu). Petry\u00a0Jim\u00e9nez (Tinent d&#8217;Alcaldessa): \u00abLa visita al\u00a0Nou\u00a0Camp Municipal, acompanyats pel president de l&#8217;entitat, va [&hellip;]<\/p>\n","protected":false},"author":1,"featured_media":28551,"comment_status":"closed","ping_status":"closed","sticky":false,"template":"","format":"standard","meta":{"footnotes":""},"categories":[14],"tags":[],"class_list":["post-28548","post","type-post","status-publish","format-standard","has-post-thumbnail","hentry","category-noticies"],"_links":{"self":[{"href":"http:\/\/fegrama.cat\/web\/wp-json\/wp\/v2\/posts\/28548","targetHints":{"allow":["GET"]}}],"collection":[{"href":"http:\/\/fegrama.cat\/web\/wp-json\/wp\/v2\/posts"}],"about":[{"href":"http:\/\/fegrama.cat\/web\/wp-json\/wp\/v2\/types\/post"}],"author":[{"embeddable":true,"href":"http:\/\/fegrama.cat\/web\/wp-json\/wp\/v2\/users\/1"}],"replies":[{"embeddable":true,"href":"http:\/\/fegrama.cat\/web\/wp-json\/wp\/v2\/comments?post=28548"}],"version-history":[{"count":4,"href":"http:\/\/fegrama.cat\/web\/wp-json\/wp\/v2\/posts\/28548\/revisions"}],"predecessor-version":[{"id":28563,"href":"http:\/\/fegrama.cat\/web\/wp-json\/wp\/v2\/posts\/28548\/revisions\/28563"}],"wp:featuredmedia":[{"embeddable":true,"href":"http:\/\/fegrama.cat\/web\/wp-json\/wp\/v2\/media\/28551"}],"wp:attachment":[{"href":"http:\/\/fegrama.cat\/web\/wp-json\/wp\/v2\/media?parent=28548"}],"wp:term":[{"taxonomy":"category","embeddable":true,"href":"http:\/\/fegrama.cat\/web\/wp-json\/wp\/v2\/categories?post=28548"},{"taxonomy":"post_tag","embeddable":true,"href":"http:\/\/fegrama.cat\/web\/wp-json\/wp\/v2\/tags?post=28548"}],"curies":[{"name":"wp","href":"https:\/\/api.w.org\/{rel}","templated":true}]}}