{"id":28543,"date":"2021-04-12T19:05:14","date_gmt":"2021-04-12T18:05:14","guid":{"rendered":"http:\/\/fegrama.cat\/web\/?p=28543"},"modified":"2021-04-12T19:05:14","modified_gmt":"2021-04-12T18:05:14","slug":"victoria-importantissima-del-juvenil-a-en-el-primer-match-de-la-segona-fase","status":"publish","type":"post","link":"http:\/\/fegrama.cat\/web\/victoria-importantissima-del-juvenil-a-en-el-primer-match-de-la-segona-fase\/","title":{"rendered":"Vict\u00f2ria important\u00edssima del Juvenil A en el primer match de la segona fase"},"content":{"rendered":"\n<p><strong>El conjunt colomenc va guanyar 3-0 al Nou Municipal de Santa Coloma al AE Prat A.<\/strong><\/p>\n\n\n\n<p>Partit complet\u00edssim del juvenil A que va ser dominador del partit de principi a fi. Comen\u00e7ava el partit amb una Grama ben plantada buscant la porteria rival, generant molt perill amb internades per la banda dreta amb Hernando, que posava dos centres que a punt va estar d&#8217;introduir-los dins la porteria el punta Nemil.<\/p>\n\n\n\n<p>S&#8217;apropava la Fundaci\u00f3 al gol, per\u00f2 seria Samu en el minut 18 l&#8217;encarregat de ficar la pilota al fons de les malles despr\u00e9s d&#8217;un gran lliure directe. Reaccionava el Prat que gaudia dels seus millors minuts. Feia recular als homes de Manu Pel\u00e1ez i van estar a punt de l&#8217;empat en dos ocasions, una molt ben resolta pel porter Marcos.<\/p>\n\n\n\n<p>I quan semblava que el resultat no s&#8217;aniria a moure en la primera part, una gran jugada individual de Nemil era detinguda pel guardameta Teo, per\u00f2 el rebuig l&#8217;aprofitava el jove Rub\u00e9n Cifuentes, qui de tal\u00f3 feia el 2-0, resultat amb el que s&#8217;arribava a la mitja part.<\/p>\n\n\n\n<p>Represa la segona part amb el conjunt local molt concentrat i en busca del tercer gol. I aquest arribaria al minut 48 despr\u00e9s de qu\u00e8 Nemil ced\u00eds una pilota que Samu s&#8217;encarregaria de ficar al fons de la porteria amb un magistral xut. Era el seu doblet particular i el tercer gol al marcador. Quedaba molt tocat el Prat, davant uns colomencs que defenien molt b\u00e9 el resultat i que no van donar cap opci\u00f3 de sorpresa. <\/p>\n\n\n\n<p>Important resultat que apropa una mica m\u00e9s al nostre juvenil A a l&#8217;objectiu.<\/p>\n\n\n\n<figure class=\"wp-block-image size-large\"><img loading=\"lazy\" decoding=\"async\" width=\"923\" height=\"692\" src=\"http:\/\/fegrama.cat\/web\/wp-content\/uploads\/2021\/04\/IMG-20210412-WA0005.jpg\" alt=\"\" class=\"wp-image-28545\" srcset=\"http:\/\/fegrama.cat\/web\/wp-content\/uploads\/2021\/04\/IMG-20210412-WA0005.jpg 923w, http:\/\/fegrama.cat\/web\/wp-content\/uploads\/2021\/04\/IMG-20210412-WA0005-300x225.jpg 300w, http:\/\/fegrama.cat\/web\/wp-content\/uploads\/2021\/04\/IMG-20210412-WA0005-768x576.jpg 768w\" sizes=\"auto, (max-width: 923px) 100vw, 923px\" \/><\/figure>\n\n\n\n<p><strong>El conjunto colomense gan\u00f3 3-0 en el  Nou Municipal de Santa Coloma al AE Prat A.<\/strong><\/p>\n\n\n\n<p>Partido complet\u00edsimo del juvenil A que fue dominador del partido de principio a fin. Comenzaba el partido con una Grama bien plantada buscando la porteria rival, generando mucho peligro con internadas por la banda derecha con Hernando, que pon\u00eda 2 centros que a punto estuvo de introducirlas dentro de la porter\u00eda el punta Nemil.<\/p>\n\n\n\n<p>Se acercaba la Fundaci\u00f3n al gol, pero ser\u00eda Samu en el minuto 18 el encargado de meter el bal\u00f3n al fondo de las mallas tras un gran libre directo. Reaccionaba el Prat que gozaba de sus mejores minutos. Hac\u00eda retroceder a los hombres de Manu Pel\u00e1ez y estuvieron a punto del empate en dos ocasiones, una muy bien resuelta por el portero Marcos.<\/p>\n\n\n\n<p>Y cuando parec\u00eda que el resultado no se ir\u00eda a mover en la primera parte, una gran jugada individual de Nemil era detenida por el guardameta Teo, pero el rechace lo aprovechaba el joven Rub\u00e9n Cifuentes, quien de tac\u00f3n hac\u00eda el 2-0, resultado con el que se llegaba al descanso.<\/p>\n\n\n\n<p>Reanudada la segunda parte con el conjunto local muy concentrado y en busca del tercer gol. Y este llegar\u00eda en el minuto 48 despu\u00e9s de que Nemil cediera un bal\u00f3n que Samu aprovecharia para meter al fondo de la porter\u00eda con un magistral disparo. Era su doblete particular y el tercer gol en el marcador. Quedaba muy tocado el Prat, ante unos colomenses que defend\u00edan muy bien el resultado y que no dieron ninguna opci\u00f3n a la sorpresa.<\/p>\n\n\n\n<p>Importante resultado que acerca un poco m\u00e1s a nuestro juvenil A al objetivo.<\/p>\n","protected":false},"excerpt":{"rendered":"<p>El conjunt colomenc va guanyar 3-0 al Nou Municipal de Santa Coloma al AE Prat A. Partit complet\u00edssim del juvenil A que va ser dominador del partit de principi a fi. Comen\u00e7ava el partit amb una Grama ben plantada buscant la porteria rival, generant molt perill amb internades per la banda dreta amb Hernando, que [&hellip;]<\/p>\n","protected":false},"author":1,"featured_media":28544,"comment_status":"closed","ping_status":"closed","sticky":false,"template":"","format":"standard","meta":{"footnotes":""},"categories":[6],"tags":[],"class_list":["post-28543","post","type-post","status-publish","format-standard","has-post-thumbnail","hentry","category-juvenils"],"_links":{"self":[{"href":"http:\/\/fegrama.cat\/web\/wp-json\/wp\/v2\/posts\/28543","targetHints":{"allow":["GET"]}}],"collection":[{"href":"http:\/\/fegrama.cat\/web\/wp-json\/wp\/v2\/posts"}],"about":[{"href":"http:\/\/fegrama.cat\/web\/wp-json\/wp\/v2\/types\/post"}],"author":[{"embeddable":true,"href":"http:\/\/fegrama.cat\/web\/wp-json\/wp\/v2\/users\/1"}],"replies":[{"embeddable":true,"href":"http:\/\/fegrama.cat\/web\/wp-json\/wp\/v2\/comments?post=28543"}],"version-history":[{"count":1,"href":"http:\/\/fegrama.cat\/web\/wp-json\/wp\/v2\/posts\/28543\/revisions"}],"predecessor-version":[{"id":28546,"href":"http:\/\/fegrama.cat\/web\/wp-json\/wp\/v2\/posts\/28543\/revisions\/28546"}],"wp:featuredmedia":[{"embeddable":true,"href":"http:\/\/fegrama.cat\/web\/wp-json\/wp\/v2\/media\/28544"}],"wp:attachment":[{"href":"http:\/\/fegrama.cat\/web\/wp-json\/wp\/v2\/media?parent=28543"}],"wp:term":[{"taxonomy":"category","embeddable":true,"href":"http:\/\/fegrama.cat\/web\/wp-json\/wp\/v2\/categories?post=28543"},{"taxonomy":"post_tag","embeddable":true,"href":"http:\/\/fegrama.cat\/web\/wp-json\/wp\/v2\/tags?post=28543"}],"curies":[{"name":"wp","href":"https:\/\/api.w.org\/{rel}","templated":true}]}}