{"id":28534,"date":"2021-04-12T11:37:19","date_gmt":"2021-04-12T10:37:19","guid":{"rendered":"http:\/\/fegrama.cat\/web\/?p=28534"},"modified":"2021-04-12T11:37:19","modified_gmt":"2021-04-12T10:37:19","slug":"partit-i-victoria-placida-per-a-linfantil-d","status":"publish","type":"post","link":"http:\/\/fegrama.cat\/web\/partit-i-victoria-placida-per-a-linfantil-d\/","title":{"rendered":"Partit i vict\u00f2ria pl\u00e0cida per a l&#8217;Infantil D"},"content":{"rendered":"\n<p><strong>El conjunt colomenc no va donar lloc a la sorpresa i es va imposar per 0 gols  a 3 al CF Don Bosco B.<\/strong><\/p>\n\n\n\n<p>El partit va estar dominat pel conjunt visitant des del comen\u00e7ament fins al final. Moltes m\u00e9s ocasions i millor posicionat sobre el terreny de joc que el seu rival.<\/p>\n\n\n\n<p>Destacar el gran treball defensiu realitzat per la Grama sense concedir gaireb\u00e9 ocasions. Ofensivament va costar molt ficar gol, perqu\u00e8 l&#8217;equip arribava una i altre vegada per\u00f2 no aconseguia anotar.<\/p>\n\n\n\n<p>Finalment la porteria es va perforar i van aconseguir un triomf que, tot i el marcador, va poder ser molt m\u00e9s ampli a favor dels nostres.<\/p>\n\n\n\n<figure class=\"wp-block-gallery columns-1 is-cropped wp-block-gallery-1 is-layout-flex wp-block-gallery-is-layout-flex\"><ul class=\"blocks-gallery-grid\"><li class=\"blocks-gallery-item\"><figure><img loading=\"lazy\" decoding=\"async\" width=\"1024\" height=\"768\" src=\"http:\/\/fegrama.cat\/web\/wp-content\/uploads\/2021\/04\/IMG-20210411-WA0011-2-1024x768.jpg\" alt=\"\" data-id=\"28537\" data-full-url=\"http:\/\/fegrama.cat\/web\/wp-content\/uploads\/2021\/04\/IMG-20210411-WA0011-2.jpg\" data-link=\"http:\/\/fegrama.cat\/web\/?attachment_id=28537\" class=\"wp-image-28537\" srcset=\"http:\/\/fegrama.cat\/web\/wp-content\/uploads\/2021\/04\/IMG-20210411-WA0011-2-1024x768.jpg 1024w, http:\/\/fegrama.cat\/web\/wp-content\/uploads\/2021\/04\/IMG-20210411-WA0011-2-300x225.jpg 300w, http:\/\/fegrama.cat\/web\/wp-content\/uploads\/2021\/04\/IMG-20210411-WA0011-2-768x576.jpg 768w, http:\/\/fegrama.cat\/web\/wp-content\/uploads\/2021\/04\/IMG-20210411-WA0011-2-1536x1152.jpg 1536w, http:\/\/fegrama.cat\/web\/wp-content\/uploads\/2021\/04\/IMG-20210411-WA0011-2.jpg 2048w\" sizes=\"auto, (max-width: 1024px) 100vw, 1024px\" \/><\/figure><\/li><\/ul><\/figure>\n\n\n\n<p><strong>El conjunto colomense no dej\u00f3 lugar a la sorpresa y se impuso por            0 goles a 3 al CF Don Bosco B.<\/strong><\/p>\n\n\n\n<p>El partido estuvo dominado por el conjunto visitante des del principio hasta  el final.  Muchas m\u00e1s ocasiones y mejor posicionado sobre el terreno de juego que su rival.<\/p>\n\n\n\n<p>Destacar el gran trabajo defensivo realizado por la Grama sin conceder pr\u00e1cticamente ocasiones. Ofensivamente cost\u00f3 mucho meter gol, porque el equipo llegaba una y otra vez pero no lograba anotar.<\/p>\n\n\n\n<p>Finalmente la porter\u00eda se perfor\u00f3 y lograron un triunfo que, pese al marcador, pudo ser mucho m\u00e1s amplio a favor de los nuestros.<\/p>\n","protected":false},"excerpt":{"rendered":"<p>El conjunt colomenc no va donar lloc a la sorpresa i es va imposar per 0 gols a 3 al CF Don Bosco B. El partit va estar dominat pel conjunt visitant des del comen\u00e7ament fins al final. Moltes m\u00e9s ocasions i millor posicionat sobre el terreny de joc que el seu rival. Destacar el [&hellip;]<\/p>\n","protected":false},"author":1,"featured_media":0,"comment_status":"closed","ping_status":"closed","sticky":false,"template":"","format":"standard","meta":{"footnotes":""},"categories":[9],"tags":[],"class_list":["post-28534","post","type-post","status-publish","format-standard","hentry","category-infantils"],"_links":{"self":[{"href":"http:\/\/fegrama.cat\/web\/wp-json\/wp\/v2\/posts\/28534","targetHints":{"allow":["GET"]}}],"collection":[{"href":"http:\/\/fegrama.cat\/web\/wp-json\/wp\/v2\/posts"}],"about":[{"href":"http:\/\/fegrama.cat\/web\/wp-json\/wp\/v2\/types\/post"}],"author":[{"embeddable":true,"href":"http:\/\/fegrama.cat\/web\/wp-json\/wp\/v2\/users\/1"}],"replies":[{"embeddable":true,"href":"http:\/\/fegrama.cat\/web\/wp-json\/wp\/v2\/comments?post=28534"}],"version-history":[{"count":1,"href":"http:\/\/fegrama.cat\/web\/wp-json\/wp\/v2\/posts\/28534\/revisions"}],"predecessor-version":[{"id":28538,"href":"http:\/\/fegrama.cat\/web\/wp-json\/wp\/v2\/posts\/28534\/revisions\/28538"}],"wp:attachment":[{"href":"http:\/\/fegrama.cat\/web\/wp-json\/wp\/v2\/media?parent=28534"}],"wp:term":[{"taxonomy":"category","embeddable":true,"href":"http:\/\/fegrama.cat\/web\/wp-json\/wp\/v2\/categories?post=28534"},{"taxonomy":"post_tag","embeddable":true,"href":"http:\/\/fegrama.cat\/web\/wp-json\/wp\/v2\/tags?post=28534"}],"curies":[{"name":"wp","href":"https:\/\/api.w.org\/{rel}","templated":true}]}}