{"id":28524,"date":"2021-04-12T10:38:28","date_gmt":"2021-04-12T09:38:28","guid":{"rendered":"http:\/\/fegrama.cat\/web\/?p=28524"},"modified":"2021-04-12T10:43:55","modified_gmt":"2021-04-12T09:43:55","slug":"victoria-molt-suada-a-horta","status":"publish","type":"post","link":"http:\/\/fegrama.cat\/web\/victoria-molt-suada-a-horta\/","title":{"rendered":"Vict\u00f2ria molt suada a Horta"},"content":{"rendered":"\n<p><strong>Tres grans punts per al nostre Alev\u00ed D al camp de l&#8217;Horta B despr\u00e9s de la vict\u00f2ria per 3 gols a 1.<\/strong><\/p>\n\n\n\n<p>Partit dif\u00edcil i molt disputat de principi a fi contra un rival que ens va posar les coses molt complicades durant tot el partit i que, fins i tot, va comen\u00e7ar avan\u00e7ant-se en el marcador.<\/p>\n\n\n\n<p>Per\u00f2 els nostres no es van rendir i van ser capa\u00e7os de capgirar el marcador amb dos grans gols matiners. Primer Sami amb una volea des de la frontal i m\u00e9s tard amb el gol de Kilian despr\u00e9s d&#8217;una fant\u00e0stica passada entre l\u00ednies de Xavi.<\/p>\n\n\n\n<p>A partir d&#8217;aqu\u00ed partit amb moltes transicions i molt patit fins que a l&#8217;\u00faltim minut Kilian avan\u00e7ava al central i ficava l&#8217;un a tres definitiu.<\/p>\n\n\n\n<p>Gran treball dels nois de l&#8217;Alev\u00ed D i molt contents pels 3 punts i l&#8217;actitud de l&#8217;equip.<\/p>\n\n\n\n<p><\/p>\n\n\n\n<p><strong>Tres grandes puntos para nuestro Alev\u00edn D en el campo del Horta B despu\u00e9s de la gran victoria por 3 goles a 1.<\/strong><\/p>\n\n\n\n<p>Partido dif\u00edcil y muy disputado de principio a fin contra un rival que nos puso las cosas muy complicadas durante todo el partido y que, incluso, comenzaron adelant\u00e1ndose en el marcador.<\/p>\n\n\n\n<p>Pero los nuestros no se rindieron y fueron capaces de darle la vuelta al marcador con dos tempraneros grandes goles. Primero Sami con una volea desde la frontal y m\u00e1s tarde con el gol de Kilian despu\u00e9s de un fant\u00e1stico pase entre l\u00ednias de Xavi.<\/p>\n\n\n\n<p>A partir de aqu\u00ed partido con muchas transiciones y muy sufrido hasta que en el \u00faltimo minuto Kilian adelantaba al central y anotaba el uno a tres definitivo.<\/p>\n\n\n\n<p>Gran trabajo de los chicos del Alev\u00edn D y muy contentos por los tres puntos y la actitud del equipo.<\/p>\n","protected":false},"excerpt":{"rendered":"<p>Tres grans punts per al nostre Alev\u00ed D al camp de l&#8217;Horta B despr\u00e9s de la vict\u00f2ria per 3 gols a 1. Partit dif\u00edcil i molt disputat de principi a fi contra un rival que ens va posar les coses molt complicades durant tot el partit i que, fins i tot, va comen\u00e7ar avan\u00e7ant-se en [&hellip;]<\/p>\n","protected":false},"author":1,"featured_media":28258,"comment_status":"closed","ping_status":"closed","sticky":false,"template":"","format":"standard","meta":{"footnotes":""},"categories":[10],"tags":[],"class_list":["post-28524","post","type-post","status-publish","format-standard","has-post-thumbnail","hentry","category-alevins"],"_links":{"self":[{"href":"http:\/\/fegrama.cat\/web\/wp-json\/wp\/v2\/posts\/28524","targetHints":{"allow":["GET"]}}],"collection":[{"href":"http:\/\/fegrama.cat\/web\/wp-json\/wp\/v2\/posts"}],"about":[{"href":"http:\/\/fegrama.cat\/web\/wp-json\/wp\/v2\/types\/post"}],"author":[{"embeddable":true,"href":"http:\/\/fegrama.cat\/web\/wp-json\/wp\/v2\/users\/1"}],"replies":[{"embeddable":true,"href":"http:\/\/fegrama.cat\/web\/wp-json\/wp\/v2\/comments?post=28524"}],"version-history":[{"count":1,"href":"http:\/\/fegrama.cat\/web\/wp-json\/wp\/v2\/posts\/28524\/revisions"}],"predecessor-version":[{"id":28525,"href":"http:\/\/fegrama.cat\/web\/wp-json\/wp\/v2\/posts\/28524\/revisions\/28525"}],"wp:featuredmedia":[{"embeddable":true,"href":"http:\/\/fegrama.cat\/web\/wp-json\/wp\/v2\/media\/28258"}],"wp:attachment":[{"href":"http:\/\/fegrama.cat\/web\/wp-json\/wp\/v2\/media?parent=28524"}],"wp:term":[{"taxonomy":"category","embeddable":true,"href":"http:\/\/fegrama.cat\/web\/wp-json\/wp\/v2\/categories?post=28524"},{"taxonomy":"post_tag","embeddable":true,"href":"http:\/\/fegrama.cat\/web\/wp-json\/wp\/v2\/tags?post=28524"}],"curies":[{"name":"wp","href":"https:\/\/api.w.org\/{rel}","templated":true}]}}