{"id":28507,"date":"2021-04-05T17:50:29","date_gmt":"2021-04-05T16:50:29","guid":{"rendered":"http:\/\/fegrama.cat\/web\/?p=28507"},"modified":"2021-08-17T13:18:03","modified_gmt":"2021-08-17T12:18:03","slug":"juanma-pons-continuara-a-la-banqueta-de-la-grama","status":"publish","type":"post","link":"http:\/\/fegrama.cat\/web\/juanma-pons-continuara-a-la-banqueta-de-la-grama\/","title":{"rendered":"Juanma Pons continuar\u00e0 a la banqueta de la Grama."},"content":{"rendered":"\n<p>Amb la segona fase a punt d&#8217;iniciar-se, la Junta Directiva de la Fundaci\u00f3 Esportiva Grama ja comen\u00e7a a treballar per la propera temporada.<\/p>\n\n\n\n<p>La primera pe\u00e7a pel projecte 2021-2022 \u00e9s la de Juanma Pons a qui el President, Antonio Morales, en nom de l\u2019\u00e0rea esportiva i de la resta de membres de la Junta, ha transm\u00e8s la seva oferta de continu\u00eftat a la banqueta del Primer Equip.<\/p>\n\n\n\n<p>El t\u00e8cnic, per la seva banda ha comunicat al club que t\u00e9 tota la seva atenci\u00f3 en els partits que queden per disputar i que, sense cap dubte, no pensa en altra Entitat que no sigui la Grama.<\/p>\n\n\n\n<p>Per tant, a falta d\u2019uns fils per tancar, ens complau comunicar oficialment que Juanma Pons ser\u00e0 el t\u00e8cnic que dirigeixi a la Fundaci\u00f3 Esportiva Grama la propera temporada.<\/p>\n\n\n\n<hr class=\"wp-block-separator\"\/>\n\n\n\n<p class=\"has-large-font-size\"><strong>Juanma Pons continuar\u00e1 en el banquillo de la Grama.<\/strong><\/p>\n\n\n\n<figure class=\"wp-block-image size-medium\"><img loading=\"lazy\" decoding=\"async\" width=\"300\" height=\"225\" src=\"http:\/\/fegrama.cat\/web\/wp-content\/uploads\/2021\/04\/PHOTO-2021-01-31-20-16-23-300x225.jpg\" alt=\"\" class=\"wp-image-28509\" srcset=\"http:\/\/fegrama.cat\/web\/wp-content\/uploads\/2021\/04\/PHOTO-2021-01-31-20-16-23-300x225.jpg 300w, http:\/\/fegrama.cat\/web\/wp-content\/uploads\/2021\/04\/PHOTO-2021-01-31-20-16-23-1024x768.jpg 1024w, http:\/\/fegrama.cat\/web\/wp-content\/uploads\/2021\/04\/PHOTO-2021-01-31-20-16-23-768x576.jpg 768w, http:\/\/fegrama.cat\/web\/wp-content\/uploads\/2021\/04\/PHOTO-2021-01-31-20-16-23.jpg 1280w\" sizes=\"auto, (max-width: 300px) 100vw, 300px\" \/><figcaption>Juanma Pons sobre el c\u00e9sped del Estadio en la previa de un partido.<\/figcaption><\/figure>\n\n\n\n<p>Con la segunda fase a punto de comenzar, la Junta Directiva de la Fundaci\u00f3 Esportiva Grama ya empieza a trabajar en la pr\u00f3xima temporada.<\/p>\n\n\n\n<p>La primera pieza del proyecto 2021-2022 es la de Juanma Pons a quien el Presidente, Antonio Morales, en nombre del \u00e1rea deportiva y del resto de miembros de la Junta, ha transmitido su oferta de continuidad en el banquillo del Primer Equipo.<\/p>\n\n\n\n<p>El t\u00e9cnico, por su parte ha comunicado al club que tiene toda su atenci\u00f3n en los partidos que quedan por disputar y que, sin ninguna duda, no piensa en otra Entidad que no sea la Grama.<\/p>\n\n\n\n<p>Por tanto, a falta de cerrar unos flecos, nos complace comunicar oficialmente que Juanma Pons ser\u00e1 el t\u00e9cnico que dirija a la Fundaci\u00f3 Esportiva Grama la pr\u00f3xima temporada.<\/p>\n","protected":false},"excerpt":{"rendered":"<p>Amb la segona fase a punt d&#8217;iniciar-se, la Junta Directiva de la Fundaci\u00f3 Esportiva Grama ja comen\u00e7a a treballar per la propera temporada. La primera pe\u00e7a pel projecte 2021-2022 \u00e9s la de Juanma Pons a qui el President, Antonio Morales, en nom de l\u2019\u00e0rea esportiva i de la resta de membres de la Junta, ha [&hellip;]<\/p>\n","protected":false},"author":1,"featured_media":28508,"comment_status":"closed","ping_status":"closed","sticky":false,"template":"","format":"standard","meta":{"footnotes":""},"categories":[5],"tags":[],"class_list":["post-28507","post","type-post","status-publish","format-standard","has-post-thumbnail","hentry","category-primer-equip"],"_links":{"self":[{"href":"http:\/\/fegrama.cat\/web\/wp-json\/wp\/v2\/posts\/28507","targetHints":{"allow":["GET"]}}],"collection":[{"href":"http:\/\/fegrama.cat\/web\/wp-json\/wp\/v2\/posts"}],"about":[{"href":"http:\/\/fegrama.cat\/web\/wp-json\/wp\/v2\/types\/post"}],"author":[{"embeddable":true,"href":"http:\/\/fegrama.cat\/web\/wp-json\/wp\/v2\/users\/1"}],"replies":[{"embeddable":true,"href":"http:\/\/fegrama.cat\/web\/wp-json\/wp\/v2\/comments?post=28507"}],"version-history":[{"count":3,"href":"http:\/\/fegrama.cat\/web\/wp-json\/wp\/v2\/posts\/28507\/revisions"}],"predecessor-version":[{"id":28512,"href":"http:\/\/fegrama.cat\/web\/wp-json\/wp\/v2\/posts\/28507\/revisions\/28512"}],"wp:featuredmedia":[{"embeddable":true,"href":"http:\/\/fegrama.cat\/web\/wp-json\/wp\/v2\/media\/28508"}],"wp:attachment":[{"href":"http:\/\/fegrama.cat\/web\/wp-json\/wp\/v2\/media?parent=28507"}],"wp:term":[{"taxonomy":"category","embeddable":true,"href":"http:\/\/fegrama.cat\/web\/wp-json\/wp\/v2\/categories?post=28507"},{"taxonomy":"post_tag","embeddable":true,"href":"http:\/\/fegrama.cat\/web\/wp-json\/wp\/v2\/tags?post=28507"}],"curies":[{"name":"wp","href":"https:\/\/api.w.org\/{rel}","templated":true}]}}