{"id":28488,"date":"2021-04-02T10:43:19","date_gmt":"2021-04-02T09:43:19","guid":{"rendered":"http:\/\/fegrama.cat\/web\/?p=28488"},"modified":"2021-04-02T10:50:05","modified_gmt":"2021-04-02T09:50:05","slug":"amb-dret-a-somiar-3","status":"publish","type":"post","link":"http:\/\/fegrama.cat\/web\/amb-dret-a-somiar-3\/","title":{"rendered":"AMB DRET A SOMIAR"},"content":{"rendered":"\n<p>-DBC- Aconseguir l\u2019objectiu de la perman\u00e8ncia una setmana abans d\u2019acabar el campionat va ser un merescut premi per una plantilla que ha anat creixent partit a partit i que ha vist com el seu joc s\u00f2lid ha plantat cara a tots durant la segona volta.<\/p>\n\n\n\n<p>Si all\u00e0 pel mes d\u2019agost ens arriben a dir que tindr\u00edem un final de temporada tan pl\u00e0cid segurament ning\u00fa ens ho haur\u00edem cregut. Per\u00f2 el futbol es futbol i t\u00e9 aquesta m\u00e0gia que tant ens agrada: fer realitat somnis que la l\u00f2gica potser no hauria perm\u00e8s.<\/p>\n\n\n\n<p>I es que la l\u00f2gica diu que els recent ascendits a la categoria han d\u2019estar a la part baixa. Aix\u00f2 s\u2019ha complert al grup A amb Monta\u00f1esa i Valls, per\u00f2 no al grup B amb Girona B (equip semi professional) i Fundaci\u00f3 Esportiva Grama.<\/p>\n\n\n\n<p>Els nostres han anat de menys a m\u00e9s en un nou sistema de competici\u00f3, condicionat per les aturades del COVID, mantenint la calma quan &nbsp;els resultats no acompanyaven i amb la humilitat necess\u00e0ria per pensar en el partit a partit. Aquesta ha estat la recepta perqu\u00e8 la Grama ocup\u00e9s la sisena posici\u00f3, amb 27 punts, classificada per la Segona Fase i deixant per sota equips amb potencial superior com Peralada,&nbsp; Figueres i Horta.<\/p>\n\n\n\n<p>Tots els que seguim l\u2019actualitat de l\u2019equip, i aquells que s\u2019han sumat degut als bons resultats i a la bona classificaci\u00f3, coincidim en una cosa: La Grama es troba en el millor moment de forma de la temporada.\u00a0 I aquest \u00e9s un factor que motiva al grup per tal d\u2019intentar assolir una pla\u00e7a en la tercera fase donat que la difer\u00e8ncia de punts entre la resta de competidors \u00e9s m\u00ednima.<\/p>\n\n\n\n<figure class=\"wp-block-image size-large\"><img loading=\"lazy\" decoding=\"async\" width=\"910\" height=\"900\" src=\"http:\/\/fegrama.cat\/web\/wp-content\/uploads\/2021\/04\/nouvinguts.jpg\" alt=\"\" class=\"wp-image-28491\" srcset=\"http:\/\/fegrama.cat\/web\/wp-content\/uploads\/2021\/04\/nouvinguts.jpg 910w, http:\/\/fegrama.cat\/web\/wp-content\/uploads\/2021\/04\/nouvinguts-300x297.jpg 300w, http:\/\/fegrama.cat\/web\/wp-content\/uploads\/2021\/04\/nouvinguts-768x760.jpg 768w\" sizes=\"auto, (max-width: 910px) 100vw, 910px\" \/><\/figure>\n\n\n\n<p>En aquesta segona fase trobarem una lligueta\u00a0 amb sis equips. Els tres que ja venim del grup B: St. Andreu (31), Vilassar (30) i Fundaci\u00f3 Grama (27). I els tres rivals del grup A: Sant Crist\u00f3bal (31), Manresa (29) i un altre per decidir entre Castelldefels (25) i Pobla de Mafumet (23). \u00a0Nom\u00e9s haurem d\u2019enfrontar-nos als equips del grup A, per\u00f2 les puntuacions es mantenen i aix\u00f2 deixa poc marge\u00a0 d\u2019error en aquesta segona fase. Els dos primers classificats accediran a la Tercera Fase de Play Off d\u2019ascens.<\/p>\n\n\n\n<figure class=\"wp-block-image size-large\"><img loading=\"lazy\" decoding=\"async\" width=\"902\" height=\"702\" src=\"http:\/\/fegrama.cat\/web\/wp-content\/uploads\/2021\/04\/pizarra-de-pons-2.jpg\" alt=\"\" class=\"wp-image-28498\" srcset=\"http:\/\/fegrama.cat\/web\/wp-content\/uploads\/2021\/04\/pizarra-de-pons-2.jpg 902w, http:\/\/fegrama.cat\/web\/wp-content\/uploads\/2021\/04\/pizarra-de-pons-2-300x233.jpg 300w, http:\/\/fegrama.cat\/web\/wp-content\/uploads\/2021\/04\/pizarra-de-pons-2-768x598.jpg 768w\" sizes=\"auto, (max-width: 902px) 100vw, 902px\" \/><\/figure>\n\n\n\n<div class=\"wp-block-group\"><div class=\"wp-block-group__inner-container is-layout-flow wp-block-group-is-layout-flow\">\n<div class=\"wp-block-group\"><div class=\"wp-block-group__inner-container is-layout-flow wp-block-group-is-layout-flow\">\n<p>Per tant, la bona forma dels nostres fa preveure que podem donar guerra en aquesta etapa de la competici\u00f3 i aprofitar la opci\u00f3 que encara tenim per lluitar per l\u2019ascens. Aquests nois ens han donat el dret a somiar i aix\u00ed ho farem al costat de la nostra afici\u00f3 que, per fi, podr\u00e0 poblar les graderies de l\u2019Estadi per tractar de fer m\u00e9s fort a l\u2019equip. \u00a1Somiem!<\/p>\n<\/div><\/div>\n<\/div><\/div>\n\n\n\n<div class=\"wp-block-group alignfull\"><div class=\"wp-block-group__inner-container is-layout-flow wp-block-group-is-layout-flow\">\n<p class=\"has-text-align-center\"><strong>&#8212;&#8212;&#8212;&#8212;&#8212;&#8212;&#8212;&#8212;&#8212;&#8212;&#8212;&#8212;&#8212;&#8212;&#8212;&#8212;&#8212;&#8212;&#8212;&#8212;&#8212;&#8212;&#8212;&#8212;&#8212;&#8212;&#8212;&#8212;&#8212;&#8212;&#8212;-<\/strong><\/p>\n<\/div><\/div>\n\n\n\n<p class=\"has-large-font-size\"><strong>CON DERECHO A SO\u00d1AR<\/strong><\/p>\n\n\n\n<p>Conseguir el objetivo de la permanencia una semana antes de terminar el campeonato fue un merecido premio para una plantilla que ha ido creciendo partido a partido y que ha visto como su juego s\u00f3lido ha hecho frente a todos durante la segunda vuelta.<\/p>\n\n\n\n<p>Si all\u00e1 por el mes de agosto nos llegan a decir que tendr\u00edamos un final de temporada tan pl\u00e1cido seguramente ninguno nos lo habr\u00edamos cre\u00eddo. Pero el f\u00fatbol es f\u00fatbol y tiene esa magia que tanto nos gusta: hacer realidad sue\u00f1os que la l\u00f3gica quiz\u00e1s no habr\u00eda permitido.<\/p>\n\n\n\n<p>Y es que la l\u00f3gica dice que los reci\u00e9n ascendidos a la categor\u00eda deben estar en la parte baja. Esto se ha cumplido el grupo A con Monta\u00f1esa y Valls, pero no en el grupo B con Girona B (equipo semi profesional) y Fundaci\u00f3 Esportiva Grama.<\/p>\n\n\n\n<p>Los nuestros han ido de menos a m\u00e1s en un nuevo sistema de competici\u00f3n, condicionado por las paradas del Covid, manteniendo la calma cuando los resultados no acompa\u00f1aban y con la humildad necesaria para pensar en el partido a partido. Esta ha sido la receta para que la Grama ocupara la sexta posici\u00f3n, con 27 puntos, clasificada para la Segunda Fase y dejando por debajo a equipos con potencial superior como Peralada, Figueres y Horta.<\/p>\n\n\n\n<p>Todos los que seguimos la actualidad del equipo, y aquellos que se han sumado debido a los buenos resultados y la buena clasificaci\u00f3n, coincidimos en una cosa: La Grama se encuentra en el mejor momento de forma de la temporada. Y este es un factor que motiva al grupo para intentar lograr una plaza en la tercera fase dado que la diferencia de puntos entre el resto de competidores es m\u00ednima.<\/p>\n\n\n\n<figure class=\"wp-block-image size-large\"><img loading=\"lazy\" decoding=\"async\" width=\"910\" height=\"896\" src=\"http:\/\/fegrama.cat\/web\/wp-content\/uploads\/2021\/04\/recien-llegados.jpg\" alt=\"\" class=\"wp-image-28500\" srcset=\"http:\/\/fegrama.cat\/web\/wp-content\/uploads\/2021\/04\/recien-llegados.jpg 910w, http:\/\/fegrama.cat\/web\/wp-content\/uploads\/2021\/04\/recien-llegados-300x295.jpg 300w, http:\/\/fegrama.cat\/web\/wp-content\/uploads\/2021\/04\/recien-llegados-768x756.jpg 768w\" sizes=\"auto, (max-width: 910px) 100vw, 910px\" \/><\/figure>\n\n\n\n<p>En esta segunda fase encontraremos una liguilla con seis equipos. Los tres que ya venimos del grupo B: St. Andreu (31), Vilassar (30) y Fundaci\u00f3 Grama (27). Y los tres rivales del grupo A: San Crist\u00f3bal (31), Manresa (29) y otro por decidir entre Castelldefels (25) y Pobla de Mafumet (23). S\u00f3lo tendremos que enfrentarnos a los equipos del grupo A, pero las puntuaciones se mantienen y esto deja poco margen de error en esta segunda fase.<br>Los dos primeros clasificados acceder\u00e1n a la Tercera Fase de Play Off de ascenso.<\/p>\n\n\n\n<figure class=\"wp-block-image size-large is-resized\"><img loading=\"lazy\" decoding=\"async\" src=\"http:\/\/fegrama.cat\/web\/wp-content\/uploads\/2021\/04\/pons-castellano.jpg\" alt=\"\" class=\"wp-image-28501\" width=\"703\" height=\"578\" srcset=\"http:\/\/fegrama.cat\/web\/wp-content\/uploads\/2021\/04\/pons-castellano.jpg 902w, http:\/\/fegrama.cat\/web\/wp-content\/uploads\/2021\/04\/pons-castellano-300x247.jpg 300w, http:\/\/fegrama.cat\/web\/wp-content\/uploads\/2021\/04\/pons-castellano-768x632.jpg 768w\" sizes=\"auto, (max-width: 703px) 100vw, 703px\" \/><\/figure>\n\n\n\n<p>Por lo tanto, la buena forma de los nuestros hace prever que podemos dar guerra en esta etapa de la competici\u00f3n y aprovechar la opci\u00f3n que a\u00fan tenemos para luchar por el ascenso. Estos chicos nos han dado el derecho a so\u00f1ar y as\u00ed lo haremos junto a nuestra afici\u00f3n que, por fin, podr\u00e1 poblar las gradas del estadio para tratar de hacer m\u00e1s fuerte al equipo. \u00a1So\u00f1emos!<\/p>\n","protected":false},"excerpt":{"rendered":"<p>-DBC- Aconseguir l\u2019objectiu de la perman\u00e8ncia una setmana abans d\u2019acabar el campionat va ser un merescut premi per una plantilla que ha anat creixent partit a partit i que ha vist com el seu joc s\u00f2lid ha plantat cara a tots durant la segona volta. Si all\u00e0 pel mes d\u2019agost ens arriben a dir que [&hellip;]<\/p>\n","protected":false},"author":1,"featured_media":28456,"comment_status":"closed","ping_status":"closed","sticky":false,"template":"","format":"standard","meta":{"footnotes":""},"categories":[4,5],"tags":[],"class_list":["post-28488","post","type-post","status-publish","format-standard","has-post-thumbnail","hentry","category-base-inclusiu","category-primer-equip"],"_links":{"self":[{"href":"http:\/\/fegrama.cat\/web\/wp-json\/wp\/v2\/posts\/28488","targetHints":{"allow":["GET"]}}],"collection":[{"href":"http:\/\/fegrama.cat\/web\/wp-json\/wp\/v2\/posts"}],"about":[{"href":"http:\/\/fegrama.cat\/web\/wp-json\/wp\/v2\/types\/post"}],"author":[{"embeddable":true,"href":"http:\/\/fegrama.cat\/web\/wp-json\/wp\/v2\/users\/1"}],"replies":[{"embeddable":true,"href":"http:\/\/fegrama.cat\/web\/wp-json\/wp\/v2\/comments?post=28488"}],"version-history":[{"count":7,"href":"http:\/\/fegrama.cat\/web\/wp-json\/wp\/v2\/posts\/28488\/revisions"}],"predecessor-version":[{"id":28502,"href":"http:\/\/fegrama.cat\/web\/wp-json\/wp\/v2\/posts\/28488\/revisions\/28502"}],"wp:featuredmedia":[{"embeddable":true,"href":"http:\/\/fegrama.cat\/web\/wp-json\/wp\/v2\/media\/28456"}],"wp:attachment":[{"href":"http:\/\/fegrama.cat\/web\/wp-json\/wp\/v2\/media?parent=28488"}],"wp:term":[{"taxonomy":"category","embeddable":true,"href":"http:\/\/fegrama.cat\/web\/wp-json\/wp\/v2\/categories?post=28488"},{"taxonomy":"post_tag","embeddable":true,"href":"http:\/\/fegrama.cat\/web\/wp-json\/wp\/v2\/tags?post=28488"}],"curies":[{"name":"wp","href":"https:\/\/api.w.org\/{rel}","templated":true}]}}