{"id":28476,"date":"2021-03-07T20:49:27","date_gmt":"2021-03-07T19:49:27","guid":{"rendered":"http:\/\/fegrama.cat\/web\/?p=28476"},"modified":"2021-03-07T20:49:27","modified_gmt":"2021-03-07T19:49:27","slug":"aquests-nois-volen-fer-historia","status":"publish","type":"post","link":"http:\/\/fegrama.cat\/web\/aquests-nois-volen-fer-historia\/","title":{"rendered":"Aquests nois volen fer hist\u00f2ria."},"content":{"rendered":"\n<p class=\"has-medium-font-size\"><strong>Vict\u00f2ria hist\u00f2rica de la Grama al Narc\u00eds Sala amb un gran partit de tot l\u2019equip que s\u2019enfila a la part alta de la classificaci\u00f3.<\/strong> (foto: Judit Andreu)<\/p>\n\n\n\n<p>Els nois de Juanma Pons estan disposats a fer grans coses a Tercera Divisi\u00f3 i aquesta jornada han donat un pas m\u00e9s per la perman\u00e8ncia tombant a un dels grans favorits com \u00e9s la U.E. Sant Andreu.<\/p>\n\n\n\n<p>Les lesions han deixat sense laterals &nbsp;al m\u00edster colomenc &nbsp;que va haver de reconvertir a dos jugadors com Monterde i Roger Garc\u00eda per ocupar la zona defensiva de banda. Aquest \u00faltim va ser l\u2019\u00fanic canvi en l\u00b4onze inicial respecte al partit de la passada setmana contra el Peralada.<\/p>\n\n\n\n<p>El partit va comen\u00e7ar amb una ocasi\u00f3 de Baquero als 4 minuts que va haver d\u2019aturar Guiseris. Va ser el primer av\u00eds i pr\u00e0cticament l\u2019\u00fanic llan\u00e7ament entre els 3 pals en tota la primera meitat per l\u2019equip quadribarrat. La Grama havia de dir la seva i tant que ho va fer.<\/p>\n\n\n\n<p>El centre del camp format per Yeray, Escarrabill i Peris va superar en tot moment a Ton Alcover i Albertito fent carburar als nostres davant d\u2019un equip local sense idees.<\/p>\n\n\n\n<p>Superat el quart d\u2019hora de partit, la Grama comen\u00e7ava a trepitjar m\u00e9s l\u2019\u00e0rea d\u2019Arnau &nbsp;i Monterde amb un xut des de la frontal (16\u2019) i \u00d3scar (18\u2019) amb un control perill\u00f3s a dins de l\u2019\u00e0rea petita deixaven clares les intencions ofensives dels colomencs.<\/p>\n\n\n\n<p>I en aquesta din\u00e0mica una pilota llarga pentinada per \u00d3scar als 23 minuts de joc, la va aprofitar Peris per superar a tots els defensors, encarar al porter andreuenc i ficat-la per sota de les cames directament a les xarxes. 0-1 i la superioritat de la Grama ja es veia reflectida al marcador.<\/p>\n\n\n\n<p>Va intentar reaccionar l\u2019equip de Cristian Garc\u00eda per\u00f2 la Grama va seguir mostrant la seva superioritat al centre del camp i de mica en mica els quadribarrats anaven perdent la paci\u00e8ncia. Amb aquest avantatge es va arribar al descans.<\/p>\n\n\n\n<p>Per la segona meitat s\u2019esperava que l\u2019equip local don\u00e9s un pas endavant i forc\u00e9s a la Grama a defensar-se per\u00f2 res m\u00e9s lluny de la realitat. Els nostres van mantenir el nivell i fruit d\u2019aquesta superioritat en el joc, va arribar tamb\u00e9 la superioritat num\u00e8rica.<\/p>\n\n\n\n<p>En una acci\u00f3 per banda esquerra, Yaya va propinar una manotada a la cara d\u2019Adil amb el col\u00b7legiat presenciant l\u2019escena en primera fila. Targeta vermella al minut 64 i m\u00e9s problemes pel Sant Andreu amb el partit molt complicat.<\/p>\n\n\n\n<p>La Grama es mantenia c\u00f2mode sobre el terreny de joc, sense patir en \u00e0rea pr\u00f2pia i veient com el rival ho intentava amb m\u00e9s cor que cap.<\/p>\n\n\n\n<p>Els dos entrenadors van moure les banquetes intentant donar aire als seus equips. Juanma Pons, en aquest cas, va donar minuts a Montalb\u00e1n ajuntant una tripleta atacant formada per Adil, \u00d3scar i el jove jugador de la pedrera.<\/p>\n\n\n\n<p>L\u2019equip de Santa Coloma va treballar amb ofici durant la segona meitat i va gaudir de nombroses contres que no es van poder materialitzar. Per la seva banda, en la \u00faltima acci\u00f3 ofensiva dels andreuencs, al minut 89, Carroza va rematar un corner que va sortir lluny de la porteria de Guiseris per\u00f2 que podia haver suposat un immerescut empat.<\/p>\n\n\n\n<p>No es va moure el marcador i la Fundaci\u00f3 suma tres punts d\u2019or per mantenir la bona din\u00e0mica i la lluita per assolir l\u2019objectiu en una temporada molt dif\u00edcil. La propera setmana rebrem al Girona B al nostre Estadi. \u00a0<\/p>\n\n\n\n<p><a href=\"https:\/\/www.fcf.cat\/es\/acta\/2021\/futbol-11\/tercera-divisio-nacional\/grup-5b\/aa\/sant-andreu-ue-a\/aa\/fundacio-esportiva-grama-a\">CLIQUEU PER VEURE L&#8217;ACTA DEL PARTIT<\/a><\/p>\n\n\n\n<p><a href=\"https:\/\/www.fcf.cat\/es\/classificacio\/2021\/futbol-11\/tercera-divisio-nacional\/grup-5b\">CLIQUEU PER VEURE LA CLASSIFICACI\u00d3 DE 3DIV5<\/a><\/p>\n\n\n\n<p class=\"has-text-align-center\">&#8212;&#8212;&#8212;&#8212;&#8212;&#8212;&#8212;&#8212;&#8212;&#8212;&#8212;&#8212;&#8212;&#8212;&#8212;&#8212;&#8212;&#8212;&#8212;&#8212;&#8212;&#8212;&#8212;<\/p>\n\n\n\n<figure class=\"wp-block-image size-large is-resized\"><img loading=\"lazy\" decoding=\"async\" src=\"http:\/\/fegrama.cat\/web\/wp-content\/uploads\/2021\/03\/IMG_5668.jpg\" alt=\"\" class=\"wp-image-28478\" width=\"1157\" height=\"797\" srcset=\"http:\/\/fegrama.cat\/web\/wp-content\/uploads\/2021\/03\/IMG_5668.jpg 828w, http:\/\/fegrama.cat\/web\/wp-content\/uploads\/2021\/03\/IMG_5668-300x207.jpg 300w, http:\/\/fegrama.cat\/web\/wp-content\/uploads\/2021\/03\/IMG_5668-768x530.jpg 768w\" sizes=\"auto, (max-width: 1157px) 100vw, 1157px\" \/><figcaption>Juan Carlos defiende ante el ataque del Sant Andreu (Foto: Judit Andreu)<\/figcaption><\/figure>\n\n\n\n<p class=\"has-medium-font-size\"><strong>Victoria hist\u00f3rica de la Grama en el Narc\u00eds Sala con un gran partido de todo el equipo que sube a lo alto de la clasificaci\u00f3n.<\/strong><\/p>\n\n\n\n<p>Los chicos de Juanma Pons est\u00e1n dispuestos a hacer grandes cosas en Tercera Divisi\u00f3n y esta jornada han dado un paso m\u00e1s para la permanencia doblegando a uno de los grandes favoritos como es la U.E. San Andreu.<br>Las lesiones han dejado sin laterales al m\u00edster colomense que tuvo que reconvertir a dos jugadores como Monterde y Roger Garc\u00eda para ocupar la zona defensiva de banda. Este \u00faltimo fue el \u00fanico cambio en el once inicial respecto al partido de la pasada semana contra el Peralada.<\/p>\n\n\n\n<p>El partido comenz\u00f3 con una ocasi\u00f3n de Baquero a los 4 minutos que tuvo que parar Guiseris. Fue el primer aviso y pr\u00e1cticamente el \u00fanico lanzamiento entre los 3 palos en toda la primera mitad para el equipo cuatribarrado. La Grama deb\u00eda decir la suya y  la dijo.<br>El centro del campo formado por Yeray, Escarrabill y Peris super\u00f3 en todo momento a Ton Alcover y Albertito haciendo carburar a los nuestros ante un equipo local sin ideas.<\/p>\n\n\n\n<p>Superado el cuarto de hora de partido, la Grama empezaba a pisar m\u00e1s el \u00e1rea de Arnau y, Monterde con un disparo desde la frontal (16 &#8216;) y \u00d3scar (18&#8217;) con un control peligroso dentro del \u00e1rea peque\u00f1a dejaban claras las intenciones ofensivas de los colomenses.<br>Y en esta din\u00e1mica un bal\u00f3n largo peinado por \u00d3scar a los 23 minutos de juego, la aprovech\u00f3 Peris para superar a todos los defensores, encarar al portero andreuense y metersela por debajo de las piernas directamente a las redes. 0-1 y la superioridad de la Grama ya se ve\u00eda reflejada en el marcador.<\/p>\n\n\n\n<p>Intent\u00f3 reaccionar el equipo de Cristian Garc\u00eda pero la Grama sigui\u00f3 mostrando su superioridad en el centro del campo y poco a poco los cuadribarrados iban perdiendo la paciencia. Con esta ventaja se lleg\u00f3 al descanso.<\/p>\n\n\n\n<p>Para la segunda mitad se esperaba que el equipo local diera un paso adelante y forzara a la Grama a defenderse pero nada m\u00e1s lejos de la realidad. Los nuestros mantuvieron el nivel y fruto de esta superioridad en el juego, lleg\u00f3 tambi\u00e9n la superioridad num\u00e9rica.<br>En una acci\u00f3n por banda izquierda, Yaya propin\u00f3 un manotazo en la cara de Adil con el colegiado presenciando la escena en primera fila. Tarjeta roja en el minuto 64 y m\u00e1s problemas para el Sant Andreu con el partido muy complicado.<\/p>\n\n\n\n<p>La Grama se manten\u00eda c\u00f3moda sobre el terreno de juego, sin sufrir en \u00e1rea propia y viendo como el rival lo intentaba con m\u00e1s coraz\u00f3n que cabeza.<br>Ambos entrenadores movieron los banquillos intentando dar aire a sus equipos. Juanma Pons, en este caso, dio minutos a Montalb\u00e1n juntando una tripleta atacante formada por Adil, \u00d3scar y el joven jugador de la cantera.<\/p>\n\n\n\n<p>El equipo de Santa Coloma trabaj\u00f3 con oficio durante la segunda mitad y disfrut\u00f3 de numerosas contras que no se pudieron materializar. Por su parte, en la \u00faltima acci\u00f3n ofensiva de los andreuenses, en el minuto 89, Carroza remat\u00f3 un c\u00f3rner que sali\u00f3 lejos de la porter\u00eda de Guiseris pero que pod\u00eda haber supuesto un inmerecido empate.<\/p>\n\n\n\n<p>No se movi\u00f3 el marcador y la Fundaci\u00f3n suma tres puntos de oro para mantener la buena din\u00e1mica y la lucha por alcanzar el objetivo en una temporada muy dif\u00edcil. La pr\u00f3xima semana recibiremos al Girona B en nuestro Estadio.<\/p>\n\n\n\n<p><\/p>\n\n\n\n<p><a href=\"https:\/\/www.fcf.cat\/es\/acta\/2021\/futbol-11\/tercera-divisio-nacional\/grup-5b\/aa\/sant-andreu-ue-a\/aa\/fundacio-esportiva-grama-a\">CLICAD PARA VER EL ACTA DEL PARTIDO<\/a><\/p>\n\n\n\n<p><a href=\"https:\/\/www.fcf.cat\/es\/classificacio\/2021\/futbol-11\/tercera-divisio-nacional\/grup-5b\">CLICAD PARA VER LA CLASIFICACI\u00d3N DE 3DIV5<\/a><\/p>\n","protected":false},"excerpt":{"rendered":"<p>Vict\u00f2ria hist\u00f2rica de la Grama al Narc\u00eds Sala amb un gran partit de tot l\u2019equip que s\u2019enfila a la part alta de la classificaci\u00f3. (foto: Judit Andreu) Els nois de Juanma Pons estan disposats a fer grans coses a Tercera Divisi\u00f3 i aquesta jornada han donat un pas m\u00e9s per la perman\u00e8ncia tombant a un [&hellip;]<\/p>\n","protected":false},"author":1,"featured_media":28477,"comment_status":"closed","ping_status":"closed","sticky":false,"template":"","format":"standard","meta":{"footnotes":""},"categories":[4,5],"tags":[],"class_list":["post-28476","post","type-post","status-publish","format-standard","has-post-thumbnail","hentry","category-base-inclusiu","category-primer-equip"],"_links":{"self":[{"href":"http:\/\/fegrama.cat\/web\/wp-json\/wp\/v2\/posts\/28476","targetHints":{"allow":["GET"]}}],"collection":[{"href":"http:\/\/fegrama.cat\/web\/wp-json\/wp\/v2\/posts"}],"about":[{"href":"http:\/\/fegrama.cat\/web\/wp-json\/wp\/v2\/types\/post"}],"author":[{"embeddable":true,"href":"http:\/\/fegrama.cat\/web\/wp-json\/wp\/v2\/users\/1"}],"replies":[{"embeddable":true,"href":"http:\/\/fegrama.cat\/web\/wp-json\/wp\/v2\/comments?post=28476"}],"version-history":[{"count":1,"href":"http:\/\/fegrama.cat\/web\/wp-json\/wp\/v2\/posts\/28476\/revisions"}],"predecessor-version":[{"id":28479,"href":"http:\/\/fegrama.cat\/web\/wp-json\/wp\/v2\/posts\/28476\/revisions\/28479"}],"wp:featuredmedia":[{"embeddable":true,"href":"http:\/\/fegrama.cat\/web\/wp-json\/wp\/v2\/media\/28477"}],"wp:attachment":[{"href":"http:\/\/fegrama.cat\/web\/wp-json\/wp\/v2\/media?parent=28476"}],"wp:term":[{"taxonomy":"category","embeddable":true,"href":"http:\/\/fegrama.cat\/web\/wp-json\/wp\/v2\/categories?post=28476"},{"taxonomy":"post_tag","embeddable":true,"href":"http:\/\/fegrama.cat\/web\/wp-json\/wp\/v2\/tags?post=28476"}],"curies":[{"name":"wp","href":"https:\/\/api.w.org\/{rel}","templated":true}]}}