{"id":28470,"date":"2021-02-28T21:27:42","date_gmt":"2021-02-28T20:27:42","guid":{"rendered":"http:\/\/fegrama.cat\/web\/?p=28470"},"modified":"2021-02-28T21:27:42","modified_gmt":"2021-02-28T20:27:42","slug":"tres-punts-i-motius-per-somiar","status":"publish","type":"post","link":"http:\/\/fegrama.cat\/web\/tres-punts-i-motius-per-somiar\/","title":{"rendered":"Tres punts i motius per somiar."},"content":{"rendered":"\n<p class=\"has-medium-font-size\"><strong>Nova vict\u00f2ria colomenca en un partit on els nostres van anar de menys a m\u00e9s i on el porter va ser l\u2019home destacat a les files del Peralada.<\/strong> (Foto: Joan Villagrasa)<\/p>\n\n\n\n<p>-DBC- Despr\u00e9s de la injusta derrota a Sants es feia obligatori reaccionar per no entrar en una din\u00e0mica negativa i, amb les nombroses baixes en defensa, Juanma Pons va aconseguir contrarestar\u00a0 a l\u2019equip xampanyer.<\/p>\n\n\n\n<p>Improvisant en posicions defensives i buscant un onze amb m\u00e9s possessi\u00f3, el t\u00e8cnic colomenc va sortir d\u2019inici amb Guiseris en porteria; Juan Carlos i V\u00edctor com a centrals; Monterde i Peque als laterals; Yeray, Escarrabil i Peris al centre; Bandes per Adil i \u00c1ngel; i punta d\u2019atac per \u00d3scar.<\/p>\n\n\n\n<p>Els primers minuts no van ser de tanteig. L\u2019equip d\u2019Albert Carb\u00f3 va sortir molt fort i va obligar a la Grama a defensar en bloc baix. De fet la primera ocasi\u00f3 va arribar als 3 minuts de joc amb un llan\u00e7ament lluny\u00e0 de Josu que va sortit molt a prop de l\u2019escaire de la porteria de Guiseris.<\/p>\n\n\n\n<p>La declaraci\u00f3 d\u2019intencions era un fet per\u00f2 la Grama no va cedir terreny i el partit es va igualar de mica en mica amb m\u00e9s verticalitat colomenca.<\/p>\n\n\n\n<p>El Peralada mostrava m\u00e9s control de l\u2019esf\u00e8rica encara que sense verticalitat. Per la seva banda, la Grama no tenia la possessi\u00f3 per\u00f2 s\u00ed mostrava m\u00e9s capacitat ofensiva. Encara aix\u00ed els gironins ho van intentar amb un xut lluny\u00e0 de Seomgyu que va refusar Guiseris amb problemes despr\u00e9s d\u2019un estrany canvi de traject\u00f2ria de la pilota al minut 20 de joc.<\/p>\n\n\n\n<p>Per\u00f2 amb aquesta ocasi\u00f3 va acabar el paper ofensiu dels nois de Carb\u00f3 i la Grama va comen\u00e7ar a carburar com ens t\u00e9 acostumats en aquesta fase de la temporada. La resposta colomenca va arribar amb un llan\u00e7ament de Guillem Escarrabill des de la frontal que va passar molt a prop del pal esquerra d\u2019Aroca quan es jugava el minut 25.<\/p>\n\n\n\n<p>Ho seguia intentant la Grama amb m\u00e9s pres\u00e8ncia en \u00e0rea rival i amb \u00d3scar Mu\u00f1oz i Adil Azarkan fent mal als defensors del Peralada. En una de les seves incursions, al minut 37, Adil va patir un clar penal despr\u00e9s d\u2019una empenta de Papa, per\u00f2 el col\u00b7legiat no ho va considerar i va deixar seguir el joc.<\/p>\n\n\n\n<p>Finalment, la insist\u00e8ncia colomenca va tenir els seus fruits. En una centrada al segon pal, \u00d3scar Mu\u00f1oz va cabotejar la pilota i aquesta va picar clarament a la m\u00e0 de Vilanova. L\u2019\u00e0rbitre aquesta vegada no ho va dubtar i va assenyalar el punt de penal en el temps afegit de la primera meitat.<\/p>\n\n\n\n<p>Va agafar la responsabilitat Adil Azarkan per\u00f2 la pilota va sortir per sobre del travesser fallant el primer penal de la\u00a0 seva carrera. Sense temps per m\u00e9s va finalitzar el primer temps amb el marcador inicial.<\/p>\n\n\n\n<p>La represa ens havia de deparar un canvi de gui\u00f3 amb una Grama que va multiplicar les seves accions ofensives i un Peralada que no va poder respondre en cap moment.<\/p>\n\n\n\n<p>El primer av\u00eds va ser al minut 50 amb una bona centrada des de banda dreta que no arriba a rematar Adil i que \u00d3scar aconsegueix impactar de manera molt suau a les mans d\u2019Aroca.<\/p>\n\n\n\n<p>Als 52 minuts s\u2019havien de complicar les coses per Juanma Pons quan Peque patia una mala caiguda i els seu genolla quedava clavat a la gespa. Saltaven les alarmes i es retirava del terreny de joc donant pas a Roger Garc\u00eda que ocupava el lateral davant de la plaga de lesions que ha deixat aquesta posici\u00f3 vacant a la platilla de la Fundaci\u00f3.<\/p>\n\n\n\n<p>El joc va continuar i va arribar el segon av\u00eds de la Grama a les botes d\u2019\u00c0ngel Gonz\u00e1lez amb una bona jugada individual i una nova aturada d\u2019Aroca enviant la pilota a la cantonada (55\u2019).<\/p>\n\n\n\n<p>Precisament d\u2019aquest corner va sorgir l\u2019apoteosi colomenca. Una pilota molt tancada d\u2019Omar Monterde va suposar un aut\u00e8ntic malson pel porter visitant. El \u201ccapi\u201d de de la Grama, Juan Carlos Oliver, li guanya la partida i entrant amb m\u00e9s intel\u00b7lig\u00e8ncia i contund\u00e8ncia que ning\u00fa va allotjar la pilota a les xarxes. Minut 56, 1-0.<\/p>\n\n\n\n<p>Va intentar respondre el Peralada per\u00f2 la Grama no va concedir ni un pam de terreny per poder posar el perill la porteria de Dani Guiseris i es va esfor\u00e7ar al m\u00e0xim en aprofitar espais i la velocitat dels nostres atacants.<\/p>\n\n\n\n<p>En aquest recital ofensiu colomenc, \u00d3scar va gaudir de dos ocasions molt clares (60\u2019 i 77\u2019) per\u00f2 Aroca va salvar al seu equip amb dues aturades extraordin\u00e0ries.<\/p>\n\n\n\n<p>Adil tamb\u00e9 ho va intentar amb un xut enverinat des del v\u00e8rtex esquerra de l\u2019\u00e0rea visitant i, de nou Aroca, va palmejar la pilota a corner en una gran aturada.<\/p>\n\n\n\n<p>La \u00faltima contra del partit va ser per Lucas Antonicelli als 89 minuts de joc. El migcampista argent\u00ed va superar a tots els defensors per\u00f2, veient que estava sol, va decidir protegir l\u2019esf\u00e8ric i aturar el joc.<\/p>\n\n\n\n<p>El marcador no es va moure i la Grama va guanyar per 1-0 un partit molt important, contra un rival directe, i que ens torna a situar en zona noble de la classificaci\u00f3, fora del descens i amb una din\u00e0mica molt positiva.<\/p>\n\n\n\n<p>La propera setmana tornem a tenir un matx d\u2019aquells que agrada jugar. Toca visitar el Narc\u00eds Sala per enfrontar-nos a un Sant Andreu en hores baixes.<\/p>\n\n\n\n<p><a href=\"https:\/\/www.fcf.cat\/es\/acta\/2021\/futbol-11\/tercera-divisio-nacional\/grup-5b\/aa\/fundacio-esportiva-grama-a\/aa\/peralada-cf-a\">CLIQUEU PER VEURE L\u2019ACTA DEL PARTIT<\/a><\/p>\n\n\n\n<p><a href=\"https:\/\/www.fcf.cat\/es\/classificacio\/2021\/futbol-11\/tercera-divisio-nacional\/grup-5b\">CLIQUEU PER VEURE LA CLASSIFICACI\u00d3 DE 3DIV5<\/a><\/p>\n\n\n\n<hr class=\"wp-block-separator\"\/>\n\n\n\n<figure class=\"wp-block-image size-large is-resized\"><img loading=\"lazy\" decoding=\"async\" src=\"http:\/\/fegrama.cat\/web\/wp-content\/uploads\/2021\/02\/PHOTO-2021-02-28-16-39-33-1024x683.jpg\" alt=\"\" class=\"wp-image-28472\" width=\"1139\" height=\"759\" srcset=\"http:\/\/fegrama.cat\/web\/wp-content\/uploads\/2021\/02\/PHOTO-2021-02-28-16-39-33-1024x683.jpg 1024w, http:\/\/fegrama.cat\/web\/wp-content\/uploads\/2021\/02\/PHOTO-2021-02-28-16-39-33-300x200.jpg 300w, http:\/\/fegrama.cat\/web\/wp-content\/uploads\/2021\/02\/PHOTO-2021-02-28-16-39-33-768x512.jpg 768w, http:\/\/fegrama.cat\/web\/wp-content\/uploads\/2021\/02\/PHOTO-2021-02-28-16-39-33-1536x1024.jpg 1536w, http:\/\/fegrama.cat\/web\/wp-content\/uploads\/2021\/02\/PHOTO-2021-02-28-16-39-33.jpg 2048w\" sizes=\"auto, (max-width: 1139px) 100vw, 1139px\" \/><figcaption>Juan Carlos Oliver celebra el gol con Adil Azarkan (Foto: Joan Villagrasa)<\/figcaption><\/figure>\n\n\n\n<p class=\"has-medium-font-size\"><strong>Nueva victoria colomense en un partido donde los nuestros fueron de menos a m\u00e1s y donde el portero fue el hombre destacado en las filas del Peralada.<\/strong><\/p>\n\n\n\n<p><br>Tras la injusta derrota en Sants se hac\u00eda obligatorio reaccionar para no entrar en una din\u00e1mica negativa y, con las numerosas bajas en defensa, Juanma Pons logr\u00f3 contrarrestar al equipo champanero.<br>Improvisando en posiciones defensivas y buscando un once con m\u00e1s posesi\u00f3n, el t\u00e9cnico colomense sali\u00f3 de inicio con Guiseris en porter\u00eda; Juan Carlos y V\u00edctor como centrales; Monterde y Peque en los laterales; Yeray, Escarrabil y Peris en el centro; Bandas para Adil y \u00c1ngel; y punta de ataque para \u00d3scar.<\/p>\n\n\n\n<p>Los primeros minutos no fueron de tanteo. El equipo de Albert Carb\u00f3 sali\u00f3 muy fuerte y oblig\u00f3 a la Grama defender en bloque bajo. De hecho la primera ocasi\u00f3n lleg\u00f3 a los 3 minutos de juego con un lanzamiento lejano de Josu que sali\u00f3 muy cerca de la escuadra de la porter\u00eda de Guiseris.<br>La declaraci\u00f3n de intenciones era un hecho pero la Grama no cedi\u00f3 terreno y el partido se igual\u00f3 paulatinamente con m\u00e1s verticalidad colomense.<\/p>\n\n\n\n<p>El Peralada mostraba m\u00e1s control del bal\u00f3n aunque sin verticalidad. Por su parte, la Grama no ten\u00eda la posesi\u00f3n pero s\u00ed mostraba m\u00e1s capacidad ofensiva. A\u00fan as\u00ed los gerundenses lo intentaron con un disparo lejano de Seomgyu que rechaz\u00f3 Guiseris con problemas despu\u00e9s de un extra\u00f1o cambio de trayectoria del bal\u00f3n en el minuto 20 de juego.<\/p>\n\n\n\n<p>Pero con esta ocasi\u00f3n acab\u00f3 el papel ofensivo de los chicos de Carb\u00f3 y la Grama comenz\u00f3 a carburar como nos tiene acostumbrados en esta fase de la temporada. La respuesta colomense lleg\u00f3 con un lanzamiento de Guillem Escarrabill desde la frontal que pas\u00f3 muy cerca del poste izquierdo de Aroca cuando se jugaba el minuto 25.<\/p>\n\n\n\n<p>Lo segu\u00eda intentando la Grama con m\u00e1s presencia en \u00e1rea rival y con \u00d3scar Mu\u00f1oz y Adil Azarkan haciendo da\u00f1o a los defensores del Peralada. En una de sus incursiones, en el minuto 37, Adil sufri\u00f3 un claro penalti tras un empuj\u00f3n de Papa, pero el colegiado no lo consider\u00f3 y dej\u00f3 seguir el juego.<\/p>\n\n\n\n<p>Finalmente, la insistencia colomense tuvo sus frutos. En un centro al segundo palo, \u00d3scar Mu\u00f1oz cabece\u00f3 el bal\u00f3n y este pic\u00f3 claramente en la mano de Vilanova. El \u00e1rbitro esta vez no lo dud\u00f3 y se\u00f1al\u00f3 el punto de penalti en el tiempo a\u00f1adido de la primera mitad.<br>Cogi\u00f3 la responsabilidad Adil Azarkan pero el bal\u00f3n sali\u00f3 por encima del travesa\u00f1o fallando el primer penalti de su carrera. Sin tiempo para m\u00e1s finaliz\u00f3 el primer tiempo con el marcador inicial.<\/p>\n\n\n\n<p>La reanudaci\u00f3n nos deb\u00eda deparar un cambio de gui\u00f3n con una Grama que multiplic\u00f3 sus acciones ofensivas y un Peralada que no pudo responder en ning\u00fan momento.<br>El primer aviso fue en el minuto 50 con un buen centro desde banda derecha que no llega a rematar Adil y que \u00d3scar consigue impactar de manera muy suave a las manos de Aroca.<\/p>\n\n\n\n<p>A los 52 minutos se hab\u00edan de complicar las cosas para Juanma Pons cuando Peque sufr\u00eda una mala ca\u00edda y su rodilla quedaba clavada en el c\u00e9sped. Saltaban las alarmas y se retiraba del campo dando paso a Roger Garc\u00eda que ocupaba el lateral ante la plaga de lesiones que ha dejado esta posici\u00f3n vacante en la platilla de la Fundaci\u00f3n.<\/p>\n\n\n\n<p>El juego continu\u00f3 y lleg\u00f3 el segundo aviso de la Grama en las botas de \u00c1ngel Gonz\u00e1lez con una buena jugada individual y una nueva parada de Aroca enviando el bal\u00f3n a la esquina (55 &#8216;).<br>Precisamente de este c\u00f3rner surgi\u00f3 la apoteosis colomense. Un bal\u00f3n muy cerrado de Omar Monterde supuso una aut\u00e9ntica pesadilla para el portero visitante. El \u00abcapi\u00bb de de la Grama, Juan Carlos Oliver, le gana la partida y entrando con m\u00e1s inteligencia y contundencia que nadie aloj\u00f3 el bal\u00f3n en las redes. Minuto 56, 1-0.<\/p>\n\n\n\n<p>Intent\u00f3 responder el Peralada pero la Grama no concedi\u00f3 ni un palmo de terreno para poder poner el peligro la porter\u00eda de Dani Guiseris y se esforz\u00f3 al m\u00e1ximo en aprovechar espacios y la velocidad de nuestros atacantes.<br>En este recital ofensivo colomense, \u00d3scar goz\u00f3 de dos ocasiones muy claras (60 &#8216;y 77&#8217;) pero Aroca salv\u00f3 a su equipo con dos paradas extraordinarias.<\/p>\n\n\n\n<p>Adil tambi\u00e9n lo intent\u00f3 con un disparo envenenado desde el v\u00e9rtice izquierdo del \u00e1rea visitante y, de nuevo Aroca, palme\u00f3 el bal\u00f3n a corner en una gran parada.<br>La \u00faltima contra del partido fue para Lucas Antonicelli a los 89 minutos de juego. El centrocampista argentino super\u00f3 a todos los defensores pero, viendo que estaba solo, decidi\u00f3 proteger el esf\u00e9rico y detener el juego.<\/p>\n\n\n\n<p>El marcador no se movi\u00f3 y la Grama gan\u00f3 por 1-0 un partido muy importante, contra un rival directo, y que nos vuelve a situar en zona noble de la clasificaci\u00f3n, fuera del descenso y con una din\u00e1mica muy positiva.<br>La pr\u00f3xima semana volvemos a tener un encuentro de aquellos que gusta jugar. Toca visitar el Narc\u00eds Sala para enfrentarnos a un Sant Andreu en horas bajas.<\/p>\n\n\n\n<p><a href=\"https:\/\/www.fcf.cat\/es\/acta\/2021\/futbol-11\/tercera-divisio-nacional\/grup-5b\/aa\/fundacio-esportiva-grama-a\/aa\/peralada-cf-a\">CLICAD PARA VER EL ACTA DEL PARTIDO<\/a><br><a href=\"https:\/\/www.fcf.cat\/es\/classificacio\/2021\/futbol-11\/tercera-divisio-nacional\/grup-5b\">CLICAD PARA VER LA CLASIFICACI\u00d3N DE 3DIV5<\/a><\/p>\n","protected":false},"excerpt":{"rendered":"<p>Nova vict\u00f2ria colomenca en un partit on els nostres van anar de menys a m\u00e9s i on el porter va ser l\u2019home destacat a les files del Peralada. (Foto: Joan Villagrasa) -DBC- Despr\u00e9s de la injusta derrota a Sants es feia obligatori reaccionar per no entrar en una din\u00e0mica negativa i, amb les nombroses baixes [&hellip;]<\/p>\n","protected":false},"author":1,"featured_media":28471,"comment_status":"closed","ping_status":"closed","sticky":false,"template":"","format":"standard","meta":{"footnotes":""},"categories":[4,5],"tags":[],"class_list":["post-28470","post","type-post","status-publish","format-standard","has-post-thumbnail","hentry","category-base-inclusiu","category-primer-equip"],"_links":{"self":[{"href":"http:\/\/fegrama.cat\/web\/wp-json\/wp\/v2\/posts\/28470","targetHints":{"allow":["GET"]}}],"collection":[{"href":"http:\/\/fegrama.cat\/web\/wp-json\/wp\/v2\/posts"}],"about":[{"href":"http:\/\/fegrama.cat\/web\/wp-json\/wp\/v2\/types\/post"}],"author":[{"embeddable":true,"href":"http:\/\/fegrama.cat\/web\/wp-json\/wp\/v2\/users\/1"}],"replies":[{"embeddable":true,"href":"http:\/\/fegrama.cat\/web\/wp-json\/wp\/v2\/comments?post=28470"}],"version-history":[{"count":2,"href":"http:\/\/fegrama.cat\/web\/wp-json\/wp\/v2\/posts\/28470\/revisions"}],"predecessor-version":[{"id":28474,"href":"http:\/\/fegrama.cat\/web\/wp-json\/wp\/v2\/posts\/28470\/revisions\/28474"}],"wp:featuredmedia":[{"embeddable":true,"href":"http:\/\/fegrama.cat\/web\/wp-json\/wp\/v2\/media\/28471"}],"wp:attachment":[{"href":"http:\/\/fegrama.cat\/web\/wp-json\/wp\/v2\/media?parent=28470"}],"wp:term":[{"taxonomy":"category","embeddable":true,"href":"http:\/\/fegrama.cat\/web\/wp-json\/wp\/v2\/categories?post=28470"},{"taxonomy":"post_tag","embeddable":true,"href":"http:\/\/fegrama.cat\/web\/wp-json\/wp\/v2\/tags?post=28470"}],"curies":[{"name":"wp","href":"https:\/\/api.w.org\/{rel}","templated":true}]}}