{"id":28466,"date":"2021-02-22T18:05:15","date_gmt":"2021-02-22T17:05:15","guid":{"rendered":"http:\/\/fegrama.cat\/web\/?p=28466"},"modified":"2021-02-22T18:17:11","modified_gmt":"2021-02-22T17:17:11","slug":"manu-li-guanya-la-partida-a-chica","status":"publish","type":"post","link":"http:\/\/fegrama.cat\/web\/manu-li-guanya-la-partida-a-chica\/","title":{"rendered":"Manu li guanya la partida a Chica."},"content":{"rendered":"\n<p class=\"has-medium-font-size\"><strong>\u00c8pica vict\u00f2ria i merescuda de la Grama contra un Espanyol que no aixeca el vol en lliga nacional juvenil.<\/strong><\/p>\n\n\n\n<p>La visita del RCD Espanyol a Santa Coloma \u00e9s sempre una cita marcada al calendari i els nois de Manu Pel\u00e1ez ho sabien. La preparaci\u00f3 i la motivaci\u00f3 durant la setmana anaven encaminats a insistir en la concentraci\u00f3 m\u00e0xima que evit\u00e9s els erros de la setmana passada contra Badalona.<\/p>\n\n\n\n<p>I el pla del t\u00e8cnic colomenc va funcionar perqu\u00e8 en els minuts inicials contra el Juvenil de l\u2019Espanyol vam poder veure a una Grama exercint una pressi\u00f3 molt alta sobre el conjunt perico. Els nostre curtcircuitaven la zona de creaci\u00f3 de l\u2019equip de Javi Chica i robaven constantment pilotes al centre del camp. Aquesta iniciativa de la Grama va donar els seus fruits amb una jugada personal de Rub\u00e9n Cifuentes, al minut 6 de partit, que va acabar amb el colomenc caient a dins de l\u2019\u00e0rea sense que l\u2019\u00e0rbitre apreci\u00e9s penal.<\/p>\n\n\n\n<p>L\u2019equip visitant va respondre a la superioritat de la Grama intentant filtrar pilotes a l\u2019esquena dels centrals locals per\u00f2 sense ocasions a destacar i sense perill per la porteria de Pedro Zamora.&nbsp; Mentrestant, els nois de Manu ho van seguir intentant amb les internades de Cifuentes i una clara ocasi\u00f3 de Ca\u00f1ete als 33 minuts.<\/p>\n\n\n\n<p>Per\u00f2 el marcador no es va moure i ambd\u00f3s equips van marxar al descans amb 0-0.<\/p>\n\n\n\n<p>A la segona meitat el pla de Javi Chica va variar per tal de buscar la iniciativa en un matx on la Grama havia estat superior. L\u2019ex jugador de la Fundaci\u00f3 va donar un pas endavant i va buscar el joc directe acumulant jugadors en atac per generar superioritat sobre els nostres defensors. &nbsp;No ho va aconseguir el t\u00e8cnic perico i la Grama va mantenir la seva valentia i l\u2019adn que ha caracteritzat a l\u2019equip des de l\u2019arribada de Manu Pel\u00e1ez a la banqueta.<\/p>\n\n\n\n<p>I com que la lluita no es negocia, una bona combinaci\u00f3 entre Oliver i Samu va acabar amb un m\u00e0 a m\u00e0 del debutant contra Oriol Ciurans. El ref\u00fas el va aprofitar Marc Adalid per avan\u00e7ar als nostres als 85 minuts de joc i fer esclatar d\u2019alegria al planter colomenc amb l\u20191-0.<\/p>\n\n\n\n<p>En la recta final l\u2019Espanyol va buscar la igualada fins al punt de reclamar un penal per una caiguda a dins de l\u2019\u00e0rea d\u2019un atacant per\u00f2 el col\u00b7legiat no va dubtar i no va considerar cap falta. Aix\u00ed, vict\u00f2ria important per una Grama que suma la tercera vict\u00f2ria consecutiva a l\u2019Estadi i respira a la classificaci\u00f3.<\/p>\n\n\n\n<p><a href=\"https:\/\/www.fcf.cat\/es\/acta\/2021\/futbol-11\/lliga-nacional-juvenil\/grup-7b\/nj\/fundacio-esportiva-grama-a\/nj\/espanyol-rcd-b\">CLIQUEU PER VEURE L\u2019ACTA DEL PARTIT<\/a><\/p>\n\n\n\n<p><a href=\"https:\/\/www.fcf.cat\/es\/classificacio\/2021\/futbol-11\/lliga-nacional-juvenil\/grup-7b\">CLIQUEU PER VEURE LA CLASSIFICACI\u00d3 DE LNJ7<\/a><\/p>\n\n\n\n<hr class=\"wp-block-separator\"\/>\n\n\n\n<p class=\"has-medium-font-size\"><strong>\u00c9pica victoria y merecida de la Grama ante un Espanyol que no levanta el vuelo en liga nacional juvenil.<\/strong><\/p>\n\n\n\n<p>La visita del RCD Espanyol a Santa Coloma es siempre una cita marcada en el calendario y los chicos de Manu Pel\u00e1ez lo sab\u00edan. La preparaci\u00f3n y la motivaci\u00f3n durante la semana iban encaminados a insistir en la concentraci\u00f3n m\u00e1xima que evitara los errores de la semana pasada contra Badalona.<br><\/p>\n\n\n\n<p>Y el plan del t\u00e9cnico colomense funcion\u00f3 porque en los minutos iniciales contra el Juvenil del Espanyol pudimos ver a una Grama ejerciendo una presi\u00f3n muy alta sobre el conjunto perico. Los nuestros cortocircuitaban la zona de creaci\u00f3n del equipo de Javi Chica y robaban constantemente balones en el centro del campo. Esta iniciativa de la Grama dio sus frutos con una jugada personal de Rub\u00e9n Cifuentes, en el minuto 6 de partido, que acab\u00f3 con el colomense cayendo dentro del \u00e1rea sin que el \u00e1rbitro apreciara penalti.<br><\/p>\n\n\n\n<p>El equipo visitante respondi\u00f3 a la superioridad de la Grama intentando filtrar balones a la espalda de los centrales locales pero sin ocasiones a destacar y sin peligro para la porter\u00eda de Pedro Zamora. Mientras tanto, los chicos de Manu lo siguieron intentando con las internadas de Cifuentes y una clara ocasi\u00f3n de Ca\u00f1ete a los 33 minutos.<br>Pero el marcador no se movi\u00f3 y ambos equipos se fueron al descanso con 0-0.<\/p>\n\n\n\n<p>En la segunda mitad el plan de Javi Chica vari\u00f3 con la intenci\u00f3n de conseguir la iniciativa en un encuentro donde la Grama hab\u00eda sido superior. El ex jugador de la Fundaci\u00f3 dio un paso adelante y busc\u00f3 el juego directo acumulando jugadores en ataque para generar superioridad sobre nuestros defensores. No lo consigui\u00f3 el t\u00e9cnico perico y la Grama mantuvo su valent\u00eda y el adn que ha caracterizado al equipo desde la llegada de Manu Pel\u00e1ez al banquillo.<br><\/p>\n\n\n\n<p>Y como la lucha no se negocia, una buena combinaci\u00f3n entre Oliver y Samu acab\u00f3 con un mano a mano del debutante contra Oriol Ciurans. El rechace lo aprovech\u00f3 Marc Adalid para avanzar a los nuestros a los 85 minutos de juego y hacer estallar de alegr\u00eda en la cantera colomense con el 1-0.<br><\/p>\n\n\n\n<p>En la recta final el Espanyol busc\u00f3 la igualada hasta el punto de reclamar un penalti por una ca\u00edda dentro del \u00e1rea de un atacante, pero el colegiado no dud\u00f3 y no consider\u00f3 ninguna falta. As\u00ed, victoria importante para una Grama que suma la tercera victoria consecutiva en el Estadio y respira en la clasificaci\u00f3n.<\/p>\n\n\n\n<p><br><a href=\"https:\/\/www.fcf.cat\/es\/acta\/2021\/futbol-11\/lliga-nacional-juvenil\/grup-7b\/nj\/fundacio-esportiva-grama-a\/nj\/espanyol-rcd-b\">CLICAD PARA VER EL ACTA DEL PARTIDO<\/a><br>C<a href=\"https:\/\/www.fcf.cat\/es\/classificacio\/2021\/futbol-11\/lliga-nacional-juvenil\/grup-7b\">LICAD PARA VER LA CLASIFICACI\u00d3N DE LNJ7<\/a><\/p>\n","protected":false},"excerpt":{"rendered":"<p>\u00c8pica vict\u00f2ria i merescuda de la Grama contra un Espanyol que no aixeca el vol en lliga nacional juvenil. La visita del RCD Espanyol a Santa Coloma \u00e9s sempre una cita marcada al calendari i els nois de Manu Pel\u00e1ez ho sabien. La preparaci\u00f3 i la motivaci\u00f3 durant la setmana anaven encaminats a insistir en [&hellip;]<\/p>\n","protected":false},"author":1,"featured_media":28467,"comment_status":"closed","ping_status":"closed","sticky":false,"template":"","format":"standard","meta":{"footnotes":""},"categories":[4,6],"tags":[],"class_list":["post-28466","post","type-post","status-publish","format-standard","has-post-thumbnail","hentry","category-base-inclusiu","category-juvenils"],"_links":{"self":[{"href":"http:\/\/fegrama.cat\/web\/wp-json\/wp\/v2\/posts\/28466","targetHints":{"allow":["GET"]}}],"collection":[{"href":"http:\/\/fegrama.cat\/web\/wp-json\/wp\/v2\/posts"}],"about":[{"href":"http:\/\/fegrama.cat\/web\/wp-json\/wp\/v2\/types\/post"}],"author":[{"embeddable":true,"href":"http:\/\/fegrama.cat\/web\/wp-json\/wp\/v2\/users\/1"}],"replies":[{"embeddable":true,"href":"http:\/\/fegrama.cat\/web\/wp-json\/wp\/v2\/comments?post=28466"}],"version-history":[{"count":2,"href":"http:\/\/fegrama.cat\/web\/wp-json\/wp\/v2\/posts\/28466\/revisions"}],"predecessor-version":[{"id":28469,"href":"http:\/\/fegrama.cat\/web\/wp-json\/wp\/v2\/posts\/28466\/revisions\/28469"}],"wp:featuredmedia":[{"embeddable":true,"href":"http:\/\/fegrama.cat\/web\/wp-json\/wp\/v2\/media\/28467"}],"wp:attachment":[{"href":"http:\/\/fegrama.cat\/web\/wp-json\/wp\/v2\/media?parent=28466"}],"wp:term":[{"taxonomy":"category","embeddable":true,"href":"http:\/\/fegrama.cat\/web\/wp-json\/wp\/v2\/categories?post=28466"},{"taxonomy":"post_tag","embeddable":true,"href":"http:\/\/fegrama.cat\/web\/wp-json\/wp\/v2\/tags?post=28466"}],"curies":[{"name":"wp","href":"https:\/\/api.w.org\/{rel}","templated":true}]}}