{"id":28461,"date":"2021-02-21T20:15:09","date_gmt":"2021-02-21T19:15:09","guid":{"rendered":"http:\/\/fegrama.cat\/web\/?p=28461"},"modified":"2021-02-21T20:15:09","modified_gmt":"2021-02-21T19:15:09","slug":"mes-que-tres-punts-a-banyoles","status":"publish","type":"post","link":"http:\/\/fegrama.cat\/web\/mes-que-tres-punts-a-banyoles\/","title":{"rendered":"M\u00e9s que tres punts a Banyoles"},"content":{"rendered":"\n<p class=\"has-medium-font-size\"><strong>Segona vict\u00f2ria consecutiva i bona imatge pels homes de Juanma Pons en un terreny dif\u00edcil com el Municipal Miquel Coromines.<\/strong> (foto: Carlos P\u00e9rez)<\/p>\n\n\n\n<p>-DBC- En una matinal grisa a la vora de l\u2019Estany de Banyoles, arribava l\u2019expedici\u00f3 colomenca amb un bon ambient despr\u00e9s d\u2019una setmana tranquil\u00b7la i un bon resultat a casa contra l\u2019Horta. Per\u00f2 cada jornada \u00e9s una nova final i l\u2019equip de Kiku Parcerisas es presentava com un seri\u00f3s obstacle per la din\u00e0mica positiva dels nostres.<\/p>\n\n\n\n<p>Davant d\u2019aquestes perspectives, el m\u00edster de la Grama va decidir mantenir el bloc i fer nom\u00e9s un canvi en l\u2019onze inicial. Va saltar al terreny de joc amb: Guiseris en porteria; Linares i Peque als laterals; Juan Carlos i V\u00edctor de centrals; Yeray, Escarrabill i Antonicelli al centre del camp; Monterde i Franco en bandes; i \u00d3scar en punta.<\/p>\n\n\n\n<p>El partit va comen\u00e7ar amb igualtat m\u00e0xima i poc joc d\u2019\u00e0rea. La primera aproximaci\u00f3 va ser amb un llan\u00e7ament d\u2019Escarrabill que va marxar per sobre de la porteria de Hassan. La mateixa sort corria un llan\u00e7ament de falta de Yeray Sabariego als 9 minuts.<\/p>\n\n\n\n<p>Els dos equips es mostraven ordenats i pressionant sempre les possessions del contrari. Per part de la Grama es mostrava molt actiu Omar Monterde que va intentar posar a prova al porter local en dues ocasions des de fora de l\u2019\u00e0rea.<\/p>\n\n\n\n<p>Encara aix\u00ed la primera gran ocasi\u00f3 de perill va arribar a pilota aturada per l\u2019equip local. Una falta a uns 5 metres de la frontal la va enviar Abel molt a prop del pal esquerra de Dani Guiseris quan port\u00e0vem 27 minuts de joc.<\/p>\n\n\n\n<p>La resposta de la Grama es va donar als 34 minuts amb una pilota que l\u2019omnipresent \u00d3scar Mu\u00f1oz va guanyar per alt al porter i que a la mitja volta va enviar cap a la porteria. La defensa va refusar l\u2019esf\u00e8ric i una segona jugada el propi \u00d3scar va reclamar penal.<\/p>\n\n\n\n<p>Tot i la igualtat del matx, la Grama es sentia superior i mostrava m\u00e9s verticalitat que l\u2019equip del Pla de l\u2019Estany.&nbsp; Amb aquest panorama va apar\u00e8ixer la figura de Franco Gauna amb una cavalcada impressionant per banda esquerra i una bona centrada que engaltava Omar Monterde a la frontal. Ajustadet al pal esquerra, el porter local no va poder fer res i la Grama anotava el 0-1 al minut 38.<\/p>\n\n\n\n<p>El gol feia just\u00edcia al que s\u2019havia vist al terreny de joc per\u00f2 la Grama volia m\u00e9s. Als 40 minuts Escarrabill va tenir una nova ocasi\u00f3 per ampliar el marcador amb una mitja volta que va aturar Hassan. Finalment Miguel \u00c1ngel Moreno va assenyalar el cam\u00ed de vestidors amb vict\u00f2ria parcial pels nois de Juanma Pons.<\/p>\n\n\n\n<p>La represa ens va portar el segon gol en la primera jugada d\u2019atac colomenc. Jonathan Linares va encarar a Ignasi per banda dreta i el defensor del Banyoles nom\u00e9s va poder aturar-lo amb falta en zona d\u2019extrem. Als 4 minuts de la segona meitat,&nbsp; jugada molt perillosa en un camp petit i amb un llan\u00e7ador com Omar Monterde. El \u201c23\u201d de la Grama va posar una pilota mesurada al cap de V\u00edctor D\u00edaz&nbsp; per anotar el 0-2.<\/p>\n\n\n\n<p>Posava terra de per mig al marcador l\u2019equip de Santa Coloma i intentava reaccionar el t\u00e8cnic local amb canvis que donessin un altre aire al seu equip.&nbsp; Per\u00f2 no ho va aconseguir. El Banyoles no tenia el seu dia i buscava escur\u00e7ar dist\u00e0ncies amb m\u00e9s cor que cap, fet que facilitava la tasca a una defensa colomenca molt ben posicionada. &nbsp;<\/p>\n\n\n\n<p>Per la seva banda, Juanma Pons tamb\u00e9 va moure la banqueta donant entrada a Adil i Lucas (65\u2019), Peris (73\u2019), i Montalb\u00e1n i \u00c1ngel (81\u2019). La Grama mantenia el tipus i no patia gens ni mica davant del Banyoles. Al minut 85, una pilota lluitada pel jove Montalb\u00e1n va acabar amb el col\u00b7legiat assenyalant el punt de penal despr\u00e9s d\u2019una falta clara d\u2019Ignasi. Adil Azarkan no va fallar i va anotar el penal fent pujar el 0-3 al marcador.<\/p>\n\n\n\n<p>Quan tot semblava dat i beneit, Bargall\u00f3 va engaltar una pilota ajustada al pal, als 86 minuts, anotant l\u20191-3. A la seg\u00fcent jugada, Dembo treia un corner de manera ol\u00edmpica i estavellava la pilota al travesser de la porteria de Guiseris. No va ser un patiment clar de l\u2019equip colomenc per\u00f2 s\u00ed que va mostrar la gallardia del homes de Kiku Parcerisas que van lluitar fins al final.<\/p>\n\n\n\n<p>Finalment els tres punts van marxar cap a Santa Coloma i la Grama mostra la seva milloria amb 4 partits consecutius sense perdre i sumant punts importants de cara a la segona fase de la temporada. Ara toca pensar en el proper partit, que ser\u00e0 dijous 25 de febrer al camp de l\u2019Energia contra la U.E. Sants.<\/p>\n\n\n\n<p><a href=\"https:\/\/www.fcf.cat\/es\/acta\/2021\/futbol-11\/tercera-divisio-nacional\/grup-5b\/aa\/banyoles-ce-a\/aa\/fundacio-esportiva-grama-a\">CLIQUEU PER VEURE L\u2019ACTA DEL PARTIT<\/a><\/p>\n\n\n\n<p><a href=\"https:\/\/www.fcf.cat\/es\/classificacio\/2021\/futbol-11\/tercera-divisio-nacional\/grup-5b\">CLIQUEU PER VEURE LA CLASSIFICACI\u00d3 DE 3DIV5<\/a><\/p>\n\n\n\n<hr class=\"wp-block-separator\"\/>\n\n\n\n<figure class=\"wp-block-image size-large is-resized\"><img loading=\"lazy\" decoding=\"async\" src=\"http:\/\/fegrama.cat\/web\/wp-content\/uploads\/2021\/02\/4087007d-5909-4f49-9f91-245df9b88523-1024x725.jpg\" alt=\"\" class=\"wp-image-28462\" width=\"964\" height=\"682\" srcset=\"http:\/\/fegrama.cat\/web\/wp-content\/uploads\/2021\/02\/4087007d-5909-4f49-9f91-245df9b88523-1024x725.jpg 1024w, http:\/\/fegrama.cat\/web\/wp-content\/uploads\/2021\/02\/4087007d-5909-4f49-9f91-245df9b88523-300x212.jpg 300w, http:\/\/fegrama.cat\/web\/wp-content\/uploads\/2021\/02\/4087007d-5909-4f49-9f91-245df9b88523-768x544.jpg 768w, http:\/\/fegrama.cat\/web\/wp-content\/uploads\/2021\/02\/4087007d-5909-4f49-9f91-245df9b88523-1536x1088.jpg 1536w, http:\/\/fegrama.cat\/web\/wp-content\/uploads\/2021\/02\/4087007d-5909-4f49-9f91-245df9b88523.jpg 1600w\" sizes=\"auto, (max-width: 964px) 100vw, 964px\" \/><figcaption>once inicial de la Grama en Banyoles (Foto: Carlos P\u00e9rez)<\/figcaption><\/figure>\n\n\n\n<p class=\"has-medium-font-size\"><strong>Segunda victoria consecutiva y buena imagen para los hombres de Juanma Pons en un terreno dif\u00edcil como el Municipal Miquel Coromines.<\/strong> <\/p>\n\n\n\n<p><br>-DBC- En una matinal gris a la orilla del lago de Banyoles, llegaba la expedici\u00f3n colomense con un buen ambiente despu\u00e9s de una semana tranquila  y un buen resultado en casa contra el Horta.  Pero cada jornada es una nueva final y el equipo de Kiku Parcerisas se presentaba como un serio obst\u00e1culo para la din\u00e1mica positiva de los nuestros.<br>Ante estas perspectivas, el mister de la Grama decidi\u00f3 mantener el bloque y hacer s\u00f3lo un cambio en el once inicial. Salt\u00f3 al terreno de juego con: Guiseris en porter\u00eda; Linares y Peque en  los laterales; Juan Carlos y V\u00edctor de centrales; Yeray, Escarrabill y Antonicelli en el centro del campo; Monterde y Franco en bandas; y \u00d3scar en punta.<\/p>\n\n\n\n<p>El partido comenz\u00f3 con igualdad m\u00e1xima y poco juego de \u00e1rea. La primera aproximaci\u00f3n fue con un lanzamiento de Escarrabill que se march\u00f3 por encima de la porter\u00eda de Hassan. La misma suerte corr\u00eda un lanzamiento de falta de Yeray Sabariego los 9 minutos.<br>Los dos equipos se mostraban ordenados y presionando siempre las posesiones del contrario. Por parte de la Grama se mostraba muy activo Omar Monterde que intent\u00f3 poner a prueba al portero local en dos ocasiones desde fuera del \u00e1rea.<\/p>\n\n\n\n<p>A\u00fan as\u00ed la primera gran ocasi\u00f3n de peligro lleg\u00f3 a bal\u00f3n parado para el equipo local. Una falta a unos 5 metros de la frontal la envi\u00f3 Abel muy cerca del palo izquierdo de Dani Guiseris cuando llev\u00e1bamos 27 minutos de juego.<br>La respuesta de la Grama se dio a los 34 minutos con un bal\u00f3n que el omnipresente \u00d3scar Mu\u00f1oz gan\u00f3 por alto al portero y que a la media vuelta envi\u00f3 hacia la porter\u00eda. La defensa rechaz\u00f3 el esf\u00e9rico y, en una segunda jugada, el propio \u00d3scar reclam\u00f3 penalti.<\/p>\n\n\n\n<p>A pesar de la igualdad del encuentro, la Grama se sent\u00eda superior y mostraba m\u00e1s verticalidad que el equipo del Pla de l&#8217;Estany. Con este panorama apareci\u00f3 la figura de Franco Gauna con una cabalgada impresionante por banda izquierda y un buen centro que empalm\u00f3 Omar Monterde en la frontal. Ajustadito al palo izquierdo, el portero local no pudo hacer nada y la Grama anotaba el 0-1 en el minuto 38.<\/p>\n\n\n\n<p>El gol hac\u00eda justicia a lo que se hab\u00eda visto en el terreno de juego pero la Grama quer\u00eda m\u00e1s. A los 40 minutos Escarrabill tuvo una nueva ocasi\u00f3n para ampliar el marcador con una media vuelta que detuvo Hassan. Finalmente Miguel \u00c1ngel Moreno se\u00f1al\u00f3 el camino de vestuarios con victoria parcial para los chicos de Juanma Pons.<\/p>\n\n\n\n<p>La reanudaci\u00f3n nos llev\u00f3 el segundo gol en la primera jugada de ataque colomense. Jonathan Linares encar\u00f3 a Ignasi por banda derecha y el defensor del Banyoles s\u00f3lo pudo detenerlo con falta en zona de extremo. A los 4 minutos de la segunda mitad, jugada muy peligrosa en un campo peque\u00f1o y con un lanzador como Omar Monterde. El \u00ab23\u00bb de la Grama puso un bal\u00f3n medido a la cabeza de V\u00edctor D\u00edaz para anotar el 0-2.<\/p>\n\n\n\n<p>Pon\u00eda tierra de por medio en el marcador el equipo de Santa Coloma y intentaba reaccionar el t\u00e9cnico local con cambios que dieran otro aire a su equipo. Pero no lo consigui\u00f3. El Banyoles no ten\u00eda su d\u00eda y buscaba acortar distancias con m\u00e1s coraz\u00f3n que cabeza, lo que facilitaba la tarea a una defensa colomense muy bien posicionada.<\/p>\n\n\n\n<p>Por su parte, Juanma Pons tambi\u00e9n movi\u00f3 el banquillo dando entrada a Adil y Lucas (65 &#8216;), Peris (73&#8217;), y Montalb\u00e1n y \u00c1ngel (81 &#8216;). La Grama manten\u00eda el tipo y no sufr\u00eda lo m\u00e1s m\u00ednimo ante el Banyoles. En el minuto 85, un bal\u00f3n luchado por el joven Montalb\u00e1n termin\u00f3 con el colegiado se\u00f1alando el punto de penalti tras una falta clara de Ignasi. Adil Azarkan no fall\u00f3 y anot\u00f3 el penalti haciendo subir el 0-3 al marcador.<\/p>\n\n\n\n<p>Cuando todo parec\u00eda visto para sentencia, Bargall\u00f3 empalm\u00f3 un bal\u00f3n ajustado al palo, a los 86 minutos, anotando el 1-3. En la siguiente jugada, Dembo sacaba un corner de manera ol\u00edmpica y estrellaba el bal\u00f3n en el larguero de la porter\u00eda de Guiseris. No fue un sufrimiento claro del equipo colomense pero s\u00ed mostr\u00f3 la gallard\u00eda de los hombres de Kiku Parcerisas que lucharon hasta el final.<\/p>\n\n\n\n<p>Finalmente los tres puntos marcharon para Santa Coloma y la Grama muestra su mejor\u00eda con 4 partidos consecutivos sin perder y sumando puntos importantes de cara a la segunda fase de la temporada. Ahora toca pensar en el pr\u00f3ximo partido, que ser\u00e1 el jueves 25 de febrero en el campo de la Energ\u00eda contra la U.E. Sants.<\/p>\n\n\n\n<p><a href=\"https:\/\/www.fcf.cat\/es\/acta\/2021\/futbol-11\/tercera-divisio-nacional\/grup-5b\/aa\/banyoles-ce-a\/aa\/fundacio-esportiva-grama-a\">CLICAD PARA VER EL ACTA DEL PARTIDO<\/a><br><a href=\"https:\/\/www.fcf.cat\/es\/classificacio\/2021\/futbol-11\/tercera-divisio-nacional\/grup-5b\">CLICAD PARA VER LA CLASIFICACI\u00d3N DE 3DIV5<\/a><\/p>\n","protected":false},"excerpt":{"rendered":"<p>Segona vict\u00f2ria consecutiva i bona imatge pels homes de Juanma Pons en un terreny dif\u00edcil com el Municipal Miquel Coromines. (foto: Carlos P\u00e9rez) -DBC- En una matinal grisa a la vora de l\u2019Estany de Banyoles, arribava l\u2019expedici\u00f3 colomenca amb un bon ambient despr\u00e9s d\u2019una setmana tranquil\u00b7la i un bon resultat a casa contra l\u2019Horta. Per\u00f2 [&hellip;]<\/p>\n","protected":false},"author":1,"featured_media":28463,"comment_status":"closed","ping_status":"closed","sticky":false,"template":"","format":"standard","meta":{"footnotes":""},"categories":[4,5],"tags":[],"class_list":["post-28461","post","type-post","status-publish","format-standard","has-post-thumbnail","hentry","category-base-inclusiu","category-primer-equip"],"_links":{"self":[{"href":"http:\/\/fegrama.cat\/web\/wp-json\/wp\/v2\/posts\/28461","targetHints":{"allow":["GET"]}}],"collection":[{"href":"http:\/\/fegrama.cat\/web\/wp-json\/wp\/v2\/posts"}],"about":[{"href":"http:\/\/fegrama.cat\/web\/wp-json\/wp\/v2\/types\/post"}],"author":[{"embeddable":true,"href":"http:\/\/fegrama.cat\/web\/wp-json\/wp\/v2\/users\/1"}],"replies":[{"embeddable":true,"href":"http:\/\/fegrama.cat\/web\/wp-json\/wp\/v2\/comments?post=28461"}],"version-history":[{"count":1,"href":"http:\/\/fegrama.cat\/web\/wp-json\/wp\/v2\/posts\/28461\/revisions"}],"predecessor-version":[{"id":28464,"href":"http:\/\/fegrama.cat\/web\/wp-json\/wp\/v2\/posts\/28461\/revisions\/28464"}],"wp:featuredmedia":[{"embeddable":true,"href":"http:\/\/fegrama.cat\/web\/wp-json\/wp\/v2\/media\/28463"}],"wp:attachment":[{"href":"http:\/\/fegrama.cat\/web\/wp-json\/wp\/v2\/media?parent=28461"}],"wp:term":[{"taxonomy":"category","embeddable":true,"href":"http:\/\/fegrama.cat\/web\/wp-json\/wp\/v2\/categories?post=28461"},{"taxonomy":"post_tag","embeddable":true,"href":"http:\/\/fegrama.cat\/web\/wp-json\/wp\/v2\/tags?post=28461"}],"curies":[{"name":"wp","href":"https:\/\/api.w.org\/{rel}","templated":true}]}}