{"id":28455,"date":"2021-02-14T20:58:41","date_gmt":"2021-02-14T19:58:41","guid":{"rendered":"http:\/\/fegrama.cat\/web\/?p=28455"},"modified":"2021-02-14T20:58:41","modified_gmt":"2021-02-14T19:58:41","slug":"la-grama-ens-enamora-amb-la-victoria","status":"publish","type":"post","link":"http:\/\/fegrama.cat\/web\/la-grama-ens-enamora-amb-la-victoria\/","title":{"rendered":"La Grama ens enamora amb la vict\u00f2ria."},"content":{"rendered":"\n<p class=\"has-medium-font-size\"><strong>La Fundaci\u00f3 suma una important vict\u00f2ria a costa d\u2019un Horta que no va oferir gaire resist\u00e8ncia i que porta ja nou setmanes sense guanyar<\/strong>. (FOTO: SERGI GARC\u00cdA)<\/p>\n\n\n\n<p>-DBC- Despr\u00e9s de dos empats consecutius feia falta una vict\u00f2ria per agafar aire a la classificaci\u00f3&nbsp; i els colomencs no van fallar. Amb les baixes de Machuca i Roger al centre del camp i la possible assist\u00e8ncia d\u2019un parell de jugadors a les meses electorals, el t\u00e8cnic de la Grama va haver de fer les seves c\u00e0bales durant la setmana per configurar un onze de garanties. Aix\u00ed, d\u2019inici va sortir amb Guiseris en porteria; Juan Carlos i V\u00edctor a l\u2019eix de la defensa; Linares i Peque als laterals; Yeray, Antonicelli i Peris al centre del camp; Franco i Monterde a les bandes; i \u00d3scar en punta.<\/p>\n\n\n\n<p>Comen\u00e7ava el matx amb un emotiu minut de silenci en mem\u00f2ria dels familiars de Juan Carlos i Adil que ens van deixar en els \u00faltims dies degut a aquesta male\u00efda pand\u00e8mia.<\/p>\n\n\n\n<p>Una vegada va rodar la pilota es va veure a un Horta que volia apropar-se a l\u2019\u00e0rea colomenca per\u00f2 sense concretar ocasions. Qui s\u00ed les va concretar va ser la Grama amb les idees molt clares en atac.<\/p>\n\n\n\n<p>En aquesta faceta ofensiva va cr\u00e9ixer enormement la figura d\u2019\u00d3scar Mu\u00f1oz amb dues ocasiones molt clares. La primera va arribar al minut 7 amb una pilota creuada amb precisi\u00f3 per Monterde i on \u00d3scar va guanyar l\u2019esquena als centrals hortencs. En el m\u00e0 a m\u00e0 contra Luisma el davanter de la Grama va creuar massa l\u2019esf\u00e8ric que va passar fregant el pal.<\/p>\n\n\n\n<p>La segona va arribar dos minuts despr\u00e9s, al 9 de joc. Una centrada de Yeray Sabariego la va punxar a Mu\u00f1oz a la frontal de la petita y la seva mitja volta va acabar amb un xut per sobre de la porteria visitant.<\/p>\n\n\n\n<p>I a la tercera va arribar la ven\u00e7uda. Una falta executada per Franco la va refusar Luisma a corner. D\u2019aquest corner va treure petroli Roger Peris amb una bona centrada que Juan Carlos va pentinar i que \u00d3scar va rematar a gol als 11 minuts de joc. Ho mereixia el davanter de la Grama que anotava el primer de la matinal.<\/p>\n\n\n\n<p>Amb avantatge en el marcador els nois de Pons es van sentir c\u00f2modes. Van plantar dos l\u00ednies de quatre en camp propi que l\u2019equip d\u2019Angoy no era capa\u00e7 de perforar i sortien a la contra sempre que era possible. En una d\u2019aquestes contres, Roger Peris va guanyar per velocitat als defensors per\u00f2 el seu xut el va poder aturar sense problemes Luisma al minut 25.<\/p>\n\n\n\n<p>Quan port\u00e0vem mitja hora de joc, de nou \u00d3scar Mu\u00f1oz, va enviar la pilota a la xarxa despr\u00e9s d\u2019una bona contra per\u00f2 el gol va ser anul\u00b7lat per fora de joc. D\u2019aqu\u00ed al descans l\u2019Horta va dominar els minuts finals del primer temps per\u00f2 sense la intensitat suficient per fer mal sobre la porteria de Guiseris. El marcador no es va moure i ambd\u00f3s equips van marxar a vestidors amb 1-0 al marcador.<\/p>\n\n\n\n<p>La segona meitat va comen\u00e7ar de la mateixa manera que va acabar el primer temps. Amb un Horta que volia buscar l\u2019empat per\u00f2 amb una Grama molt seriosa que no ho posaria f\u00e0cil.<\/p>\n\n\n\n<p>De fet els homes d\u2019Angoy, sense crear ocasions clares van sortir a menjar-se la gespa i tot feia preveure un segon temps de patiment local. Per\u00f2 res d\u2019aix\u00f2 va passar.<\/p>\n\n\n\n<p>Juanma Pons va saber llegir el partit a la perfecci\u00f3 des de la banqueta i va oxigenar l\u2019equip en els moments clau. Primer als 56 minuts donant relleu a Peris per Escarrabill. Despr\u00e9s al minut 65 donant entrada a \u00c1ngel per Monterde i aprofitar la velocitat endimoniada del jove extrem colomenc. I finalment al 78 retirant a un \u00d3scar, que sembla que est\u00e0 vivint una segona joventut, i donant minuts al pitxitxi Adil.<\/p>\n\n\n\n<p>La Grama va olorar la debilitat del rival i en lloc d\u2019endarrerir l\u00ednies va donar un pas endavant buscant el segon. Va estar a punt d\u2019aconseguir-ho Franco amb una pilota creuada que va passar molt a prop del pal esquerra de Luisma.<\/p>\n\n\n\n<p>I finalment el va aconseguir Escarrabill al minut 90 amb una doble ocasi\u00f3. El porter de l\u2019Horta va refusar el primer xut del jove migcampista de la Grama per\u00f2 no va poder fer res contra el segon xut despr\u00e9s d\u2019una bona jugada per banda esquerra. 2-0 per donar tranquil\u00b7litat en temps afegit i la vict\u00f2ria final en un partit que hav\u00edem de guanyar i ho hem fet de manera merescuda.<\/p>\n\n\n\n<p><a href=\"https:\/\/www.fcf.cat\/es\/acta\/2021\/futbol-11\/tercera-divisio-nacional\/grup-5b\/aa\/fundacio-esportiva-grama-a\/aa\/horta-uat-a\">CLIQUEU PER VEURE L\u2019ACTA DEL PARTIT<\/a><\/p>\n\n\n\n<p><a href=\"https:\/\/www.fcf.cat\/es\/classificacio\/2021\/futbol-11\/tercera-divisio-nacional\/grup-5b\">CLIQUEU PER VEURE LA CLASSIFICACI\u00d3 DE 3DIV5<\/a><\/p>\n\n\n\n<hr class=\"wp-block-separator\"\/>\n\n\n\n<figure class=\"wp-block-image size-large is-resized\"><img loading=\"lazy\" decoding=\"async\" src=\"http:\/\/fegrama.cat\/web\/wp-content\/uploads\/2021\/02\/PHOTO-2021-02-14-15-37-48-1024x683.jpg\" alt=\"\" class=\"wp-image-28458\" width=\"981\" height=\"654\" srcset=\"http:\/\/fegrama.cat\/web\/wp-content\/uploads\/2021\/02\/PHOTO-2021-02-14-15-37-48-1024x683.jpg 1024w, http:\/\/fegrama.cat\/web\/wp-content\/uploads\/2021\/02\/PHOTO-2021-02-14-15-37-48-300x200.jpg 300w, http:\/\/fegrama.cat\/web\/wp-content\/uploads\/2021\/02\/PHOTO-2021-02-14-15-37-48-768x512.jpg 768w, http:\/\/fegrama.cat\/web\/wp-content\/uploads\/2021\/02\/PHOTO-2021-02-14-15-37-48.jpg 1296w\" sizes=\"auto, (max-width: 981px) 100vw, 981px\" \/><figcaption>Los jugadores de la Grama celebrando el primer gol. FOTO: CARLOS P\u00c9REZ<\/figcaption><\/figure>\n\n\n\n<p class=\"has-medium-font-size\"><strong>La Fundaci\u00f3 suma una importante victoria a costa de un Horta que no ofreci\u00f3 mucha resistencia y que lleva ya nueve semanas sin ganar. <\/strong><\/p>\n\n\n\n<p class=\"has-normal-font-size\">-DBC- Tras dos empates consecutivos hac\u00eda falta una victoria para coger aire en la clasificaci\u00f3n y los colomenses no fallaron. Con las bajas de Machuca y Roger en el centro del campo y la posible asistencia de un par de jugadores a las mesas electorales, el t\u00e9cnico de la Grama tuvo que hacer sus c\u00e1balas durante la semana para configurar un once de garant\u00edas. As\u00ed, de inicio sali\u00f3 con Guiseris en porter\u00eda; Juan Carlos y V\u00edctor en el eje de la defensa; Linares y Peque en los laterales; Yeray, Antonicelli y Peris en el centro del campo; Franco y Monterde en las bandas; y \u00d3scar en punta.<\/p>\n\n\n\n<p class=\"has-normal-font-size\">Comenzaba el encuentro con un emotivo minuto de silencio en memoria de los familiares de Juan Carlos y Adil que nos dejaron en los \u00faltimos d\u00edas debido a esta maldita pandemia.<\/p>\n\n\n\n<p class=\"has-normal-font-size\">Ya con el bal\u00f3n en juego, se vio a un Horta que quer\u00eda acercarse al \u00e1rea colomense pero sin concretar ocasiones. Quien s\u00ed las concret\u00f3 fue la Grama con las ideas muy claras en ataque.<br>En esta faceta ofensiva creci\u00f3 enormemente la figura de \u00d3scar Mu\u00f1oz con dos ocasiones muy claras. La primera lleg\u00f3 en el minuto 7 donde un bal\u00f3n cruzado con precisi\u00f3n por Monterde y donde \u00d3scar gan\u00f3 la espalda a los centrales visitantes. En el mano a mano contra Luisma el delantero de la Grama cruz\u00f3 demasiado el esf\u00e9rico que pas\u00f3 rozando el palo.<br>La segunda lleg\u00f3 dos minutos despu\u00e9s, el 9 de juego. Un centro de Yeray Sabariego lo pinch\u00f3 Mu\u00f1oz en la frontal de la peque\u00f1a y su media vuelta termin\u00f3 con un disparo por encima de la porter\u00eda visitante.<\/p>\n\n\n\n<p>Y a la tercera lleg\u00f3 la vencida. Una falta ejecutada por Franco la rechaz\u00f3 Luisma a corner. De este corner sac\u00f3 petr\u00f3leo Roger Peris con un buen centro que Juan Carlos pein\u00f3 y que \u00d3scar remat\u00f3 a gol a los 11 minutos de juego. Lo merec\u00eda el delantero de la Grama que anotaba el primero de la matinal.<\/p>\n\n\n\n<p>Con ventaja en el marcador los chicos de Pons se sintieron c\u00f3modos. Plantaron dos l\u00edneas de cuatro en campo propio que el equipo de Angoy no era capaz de perforar y sal\u00edan a la contra siempre que era posible. En una de estas contras, Roger Peris gan\u00f3 por velocidad a los defensores pero su disparo lo pudo detener sin problemas Luisma en el minuto 25.<br>Cuando llev\u00e1bamos media hora de juego, de nuevo \u00d3scar Mu\u00f1oz, envi\u00f3 el bal\u00f3n a la red tras una buena contra pero el gol fue anulado por fuera de juego. De ah\u00ed al descanso el Horta domin\u00f3 los minutos finales del primer tiempo pero sin la intensidad suficiente para hacer da\u00f1o sobre la porter\u00eda de Guiseris. El marcador no se movi\u00f3 y ambos equipos se fueron a vestuarios con 1-0 en el marcador.<\/p>\n\n\n\n<p>La segunda mitad comenz\u00f3 de la misma manera que termin\u00f3 el primer tiempo. Con un Horta que quer\u00eda buscar el empate pero con una Grama muy seria que no lo pondr\u00eda f\u00e1cil.<br>De hecho los hombres de Angoy, sin crear ocasiones claras salieron a comerse el c\u00e9sped y todo hac\u00eda prever un segundo tiempo de sufrimiento local. Pero nada de eso ocurri\u00f3.<\/p>\n\n\n\n<p>Juanma Pons supo leer el partido a la perfecci\u00f3n desde el banquillo y oxigenar el equipo en los momentos clave. Primero a los 56 minutos dando relevo a Peris por Escarrabill. Despu\u00e9s en el minuto 65 dando entrada a \u00c1ngel por Monterde y aprovechar la velocidad endiablada del joven extremo colomense. Y finalmente en el 78 retirando a un \u00d3scar, que parece que est\u00e1 viviendo una segunda juventud, y dando minutos al pichichi Adil.<\/p>\n\n\n\n<p>La Grama oli\u00f3 la debilidad del rival y en lugar de retrasar l\u00edneas dio un paso adelante buscando el segundo. Estuvo a punto de conseguirlo Franco con una pelota cruzada que pas\u00f3 muy cerca del palo izquierdo de Luisma.<br>Y finalmente lo consigui\u00f3 Escarrabill en el minuto 90 con una doble ocasi\u00f3n. El portero del Horta rechaz\u00f3 el primer disparo del joven centrocampista de la Grama pero no pudo hacer nada contra el segundo lanzamiento tras una buena jugada por banda izquierda. 2-0 para dar tranquilidad en tiempo a\u00f1adido y la victoria final en un partido que ten\u00edamos que ganar y lo hemos hecho de manera merecida.<\/p>\n\n\n\n<p><a href=\"https:\/\/www.fcf.cat\/es\/acta\/2021\/futbol-11\/tercera-divisio-nacional\/grup-5b\/aa\/fundacio-esportiva-grama-a\/aa\/horta-uat-a\">PULSAR PARA VER EL ACTA DEL PARTIDO<\/a><br><a href=\"https:\/\/www.fcf.cat\/es\/classificacio\/2021\/futbol-11\/tercera-divisio-nacional\/grup-5b\">PULSAR PARA VER LA CLASIFICACI\u00d3N DE 3DIV5<\/a><\/p>\n","protected":false},"excerpt":{"rendered":"<p>La Fundaci\u00f3 suma una important vict\u00f2ria a costa d\u2019un Horta que no va oferir gaire resist\u00e8ncia i que porta ja nou setmanes sense guanyar. (FOTO: SERGI GARC\u00cdA) -DBC- Despr\u00e9s de dos empats consecutius feia falta una vict\u00f2ria per agafar aire a la classificaci\u00f3&nbsp; i els colomencs no van fallar. Amb les baixes de Machuca i [&hellip;]<\/p>\n","protected":false},"author":1,"featured_media":28456,"comment_status":"closed","ping_status":"closed","sticky":false,"template":"","format":"standard","meta":{"footnotes":""},"categories":[4,5],"tags":[],"class_list":["post-28455","post","type-post","status-publish","format-standard","has-post-thumbnail","hentry","category-base-inclusiu","category-primer-equip"],"_links":{"self":[{"href":"http:\/\/fegrama.cat\/web\/wp-json\/wp\/v2\/posts\/28455","targetHints":{"allow":["GET"]}}],"collection":[{"href":"http:\/\/fegrama.cat\/web\/wp-json\/wp\/v2\/posts"}],"about":[{"href":"http:\/\/fegrama.cat\/web\/wp-json\/wp\/v2\/types\/post"}],"author":[{"embeddable":true,"href":"http:\/\/fegrama.cat\/web\/wp-json\/wp\/v2\/users\/1"}],"replies":[{"embeddable":true,"href":"http:\/\/fegrama.cat\/web\/wp-json\/wp\/v2\/comments?post=28455"}],"version-history":[{"count":2,"href":"http:\/\/fegrama.cat\/web\/wp-json\/wp\/v2\/posts\/28455\/revisions"}],"predecessor-version":[{"id":28459,"href":"http:\/\/fegrama.cat\/web\/wp-json\/wp\/v2\/posts\/28455\/revisions\/28459"}],"wp:featuredmedia":[{"embeddable":true,"href":"http:\/\/fegrama.cat\/web\/wp-json\/wp\/v2\/media\/28456"}],"wp:attachment":[{"href":"http:\/\/fegrama.cat\/web\/wp-json\/wp\/v2\/media?parent=28455"}],"wp:term":[{"taxonomy":"category","embeddable":true,"href":"http:\/\/fegrama.cat\/web\/wp-json\/wp\/v2\/categories?post=28455"},{"taxonomy":"post_tag","embeddable":true,"href":"http:\/\/fegrama.cat\/web\/wp-json\/wp\/v2\/tags?post=28455"}],"curies":[{"name":"wp","href":"https:\/\/api.w.org\/{rel}","templated":true}]}}