{"id":28450,"date":"2021-02-07T20:41:21","date_gmt":"2021-02-07T19:41:21","guid":{"rendered":"http:\/\/fegrama.cat\/web\/?p=28450"},"modified":"2021-02-07T20:41:21","modified_gmt":"2021-02-07T19:41:21","slug":"el-juvenil-es-fa-fort-a-lestadi","status":"publish","type":"post","link":"http:\/\/fegrama.cat\/web\/el-juvenil-es-fa-fort-a-lestadi\/","title":{"rendered":"El juvenil es fa fort a l&#8217;Estadi"},"content":{"rendered":"\n<p class=\"has-medium-font-size\"><strong>Nova vict\u00f2ria pel juvenil de la Grama contra un Mercantil que no va poder reaccionar davant de la superioritat colomenca.<\/strong> (foto: Carlos P\u00e9rez)<\/p>\n\n\n\n<p>Es preveia m\u00e0xima igualtat donat que ambd\u00f3s equips es presentaven empatats a punts en la classificaci\u00f3 i amb aquest gui\u00f3 va comen\u00e7ar el matx. Grama i Mercantin molt ben plantats al terreny de joc i amb els minuts de tanteig habituals.<\/p>\n\n\n\n<p>Als 10 minuts de joc els nois de Manu Pel\u00e1ez ja dominaven per complet totes les facetes del joc i va cr\u00e9ixer la figura de Rub\u00e9n Cifuentes amb incursions constants per banda esquerra. El jove&nbsp; jugador de la Grama feia molt de mal i la defensa vallesana no era capa\u00e7 d\u2019aturar-lo. En una d\u2019aquestes accions el \u201c10\u201d colomenc va enviar un m\u00edssil sobre la porteria del Mercantil i Hurtado va reaccionar per enviar la pilota a c\u00f3rner amb una gran aturada.<\/p>\n\n\n\n<p>La segona gran acci\u00f3 individual de Cifuentes va arribar als 15 minuts de joc. De nou per banda esquerra va superar als defensors del Mercantil fins a ser enderrocat a dins de l\u2019\u00e0rea. Penal molt clar que el capit\u00e0, Gerard \u00c1lvarez, va transformar enganyant perfectament al porter visitant, 1-0.<\/p>\n\n\n\n<p>Quedava tocat el Mercantil despr\u00e9s del gol i mostrava la Grama el m\u00e0xim domini del partit. Possessi\u00f3 i combinacions que inquietaven constantment als defensors vallesans. Per\u00f2 aquesta superioritat no es va reflectir al marcador i a la recta final de la primera meitat l\u2019equip de Daniel L\u00f3pez intentava reaccionar.<\/p>\n\n\n\n<p>Finalment el col\u00b7legiat, Joan Garc\u00eda, va assenyalar el cam\u00ed de vestidors amb vict\u00f2ria per la m\u00ednima de la Grama.<\/p>\n\n\n\n<p>La represa ens portava un canvi important a les files de la Fundaci\u00f3 amb la retirada de Marcos i la incorporaci\u00f3 de Pedro a la porteria. A nivell de joc, la Grama, va mantenir el bon nivell durant la primera mitja hora per\u00f2 sense poder ampliar el marcador.<\/p>\n\n\n\n<p>Manu Pel\u00e1ez va donar aire a l\u2019equip amb el canvi d\u20190liver per Nemil (59\u2019) i de Ca\u00f1ete per Vicen\u00e7 (74\u2019).<\/p>\n\n\n\n<p>Tot i la superioritat de l\u2019equip local, el Mercantil no va perdre la cara al partit i va agafar el control de l\u2019esf\u00e8rica i avan\u00e7ar l\u00ednies en el tram final del partit. La Grama va saber mantenir l\u2019ordre i fer rapides transicions buscant el segon gol. La va tenir Cifuentes amb un xut que va sortit desviat i Ca\u00f1ete amb un llan\u00e7ament molt t\u00edmid.<\/p>\n\n\n\n<p>El marcador no es va moure, el partit va finalitzar amb 1-0, i tres punts molt importants que es queden a Can Peixauet i marquen la l\u00ednia a seguir per fer del nostre estadi un fort\u00ed.<\/p>\n\n\n\n<p><a href=\"https:\/\/www.fcf.cat\/es\/acta\/2021\/futbol-11\/lliga-nacional-juvenil\/grup-7b\/nj\/fundacio-esportiva-grama-a\/nj\/mercantil-ce-a\">CLIQUEU PER VEURE L\u2019ACTA DEL PARTIT<\/a><\/p>\n\n\n\n<p><a href=\"https:\/\/www.fcf.cat\/es\/classificacio\/2021\/futbol-11\/lliga-nacional-juvenil\/grup-7b\">CLIQUEU PER VEURE LA CLASSIFICACI\u00d3 DE LNJ7<\/a><\/p>\n\n\n\n<hr class=\"wp-block-separator\"\/>\n\n\n\n<figure class=\"wp-block-image size-large is-resized\"><img loading=\"lazy\" decoding=\"async\" src=\"http:\/\/fegrama.cat\/web\/wp-content\/uploads\/2021\/02\/5941b2e7-201f-4c9e-bb18-4145b3f3b4a9-1024x683.jpg\" alt=\"\" class=\"wp-image-28453\" width=\"944\" height=\"629\" srcset=\"http:\/\/fegrama.cat\/web\/wp-content\/uploads\/2021\/02\/5941b2e7-201f-4c9e-bb18-4145b3f3b4a9-1024x683.jpg 1024w, http:\/\/fegrama.cat\/web\/wp-content\/uploads\/2021\/02\/5941b2e7-201f-4c9e-bb18-4145b3f3b4a9-300x200.jpg 300w, http:\/\/fegrama.cat\/web\/wp-content\/uploads\/2021\/02\/5941b2e7-201f-4c9e-bb18-4145b3f3b4a9-768x512.jpg 768w, http:\/\/fegrama.cat\/web\/wp-content\/uploads\/2021\/02\/5941b2e7-201f-4c9e-bb18-4145b3f3b4a9.jpg 1296w\" sizes=\"auto, (max-width: 944px) 100vw, 944px\" \/><figcaption>Los jugadores de la Grama celebran el gol de la victoria (Foto: Carlos P\u00e9rez)<\/figcaption><\/figure>\n\n\n\n<p class=\"has-medium-font-size\"><strong>Nueva victoria para el juvenil de la Grama contra un Mercantil que no pudo reaccionar ante la superioridad colomense.<\/strong><\/p>\n\n\n\n<p>Se preve\u00eda m\u00e1xima igualdad dado que ambos equipos se presentaban empatados a puntos en la clasificaci\u00f3n y con este gui\u00f3n comenz\u00f3 el encuentro. Grama y Mercantil muy bien plantados en el terreno de juego y los minutos de tanteo habituales.<\/p>\n\n\n\n<p>A los 10 minutos de juego los chicos de Manu Pel\u00e1ez ya dominaban por completo todas las facetas del juego y creci\u00f3 la figura de Rub\u00e9n Cifuentes con incursiones constantes por banda izquierda. El joven jugador de la Grama hac\u00eda mucho da\u00f1o y la defensa vallesana no era capaz de detenerlo. En una de estas acciones el \u00ab10\u00bb colomense envi\u00f3 un misil sobre la porter\u00eda del Mercantil y Hurtado reaccion\u00f3 para enviar el bal\u00f3n a c\u00f3rner con una gran parada.<br>La segunda gran acci\u00f3n individual de Cifuentes lleg\u00f3 a los 15 minutos de juego. De nuevo por banda izquierda super\u00f3 a los defensores del Mercantil hasta ser derribado dentro del \u00e1rea. Penalti muy claro que el capit\u00e1n, Gerard \u00c1lvarez, transform\u00f3 enga\u00f1ando perfectamente al portero visitante, 1-0.<\/p>\n\n\n\n<p>Quedaba tocado el Mercantil despu\u00e9s del gol y mostraba la Grama el m\u00e1ximo dominio del partido. Posesi\u00f3n y combinaciones que inquietaban constantemente a los defensores vallesanos. Pero esta superioridad no se reflej\u00f3 en el marcador y en la recta final de la primera mitad el equipo de Daniel L\u00f3pez intentaba reaccionar.<br>Finalmente el colegiado, Joan Garc\u00eda, se\u00f1al\u00f3 el camino de vestuarios con victoria m\u00ednima de la Grama.<\/p>\n\n\n\n<p>La reanudaci\u00f3n nos  tra\u00eda un cambio importante en las filas de la Fundaci\u00f3n con la retirada de Marcos y la incorporaci\u00f3n de Pedro en la porter\u00eda. A nivel de juego, la Grama, mantuvo el buen nivel durante la primera media hora pero sin poder ampliar el marcador.<br>Manu Pel\u00e1ez dio aire al equipo con el cambio de 0liver por Nemil (59 &#8216;) y de Ca\u00f1ete por Vicen\u00e7 (74&#8217;).<\/p>\n\n\n\n<p>A pesar de la superioridad del equipo local, el Mercantil no perdi\u00f3 la cara al enfrentamiento, tom\u00f3 el control del esf\u00e9rico y avanz\u00f3 l\u00edneas en el tramo final del partido. La Grama supo mantener el orden y hacer r\u00e1pidas transiciones buscando el segundo gol. La tuvo Cifuentes con un disparo que sali\u00f3 desviado y Ca\u00f1ete con un lanzamiento muy t\u00edmido.<\/p>\n\n\n\n<p>El marcador no se movi\u00f3, el partido finaliz\u00f3 con 1-0, y tres puntos muy importantes que se quedan en Can Peixauet y marcan la l\u00ednea a seguir para hacer de nuestro estadio un fort\u00edn.<\/p>\n\n\n\n<p><a href=\"https:\/\/www.fcf.cat\/es\/acta\/2021\/futbol-11\/lliga-nacional-juvenil\/grup-7b\/nj\/fundacio-esportiva-grama-a\/nj\/mercantil-ce-a\">CLICAD PARA VER EL ACTA DEL PARTIDO<\/a><br><a href=\"https:\/\/www.fcf.cat\/es\/classificacio\/2021\/futbol-11\/lliga-nacional-juvenil\/grup-7b\">CLICAD PARA VER LA CLASIFICACI\u00d3N DE LNJ7<\/a><\/p>\n","protected":false},"excerpt":{"rendered":"<p>Nova vict\u00f2ria pel juvenil de la Grama contra un Mercantil que no va poder reaccionar davant de la superioritat colomenca. (foto: Carlos P\u00e9rez) Es preveia m\u00e0xima igualtat donat que ambd\u00f3s equips es presentaven empatats a punts en la classificaci\u00f3 i amb aquest gui\u00f3 va comen\u00e7ar el matx. Grama i Mercantin molt ben plantats al terreny [&hellip;]<\/p>\n","protected":false},"author":1,"featured_media":28452,"comment_status":"closed","ping_status":"closed","sticky":false,"template":"","format":"standard","meta":{"footnotes":""},"categories":[4,6],"tags":[],"class_list":["post-28450","post","type-post","status-publish","format-standard","has-post-thumbnail","hentry","category-base-inclusiu","category-juvenils"],"_links":{"self":[{"href":"http:\/\/fegrama.cat\/web\/wp-json\/wp\/v2\/posts\/28450","targetHints":{"allow":["GET"]}}],"collection":[{"href":"http:\/\/fegrama.cat\/web\/wp-json\/wp\/v2\/posts"}],"about":[{"href":"http:\/\/fegrama.cat\/web\/wp-json\/wp\/v2\/types\/post"}],"author":[{"embeddable":true,"href":"http:\/\/fegrama.cat\/web\/wp-json\/wp\/v2\/users\/1"}],"replies":[{"embeddable":true,"href":"http:\/\/fegrama.cat\/web\/wp-json\/wp\/v2\/comments?post=28450"}],"version-history":[{"count":1,"href":"http:\/\/fegrama.cat\/web\/wp-json\/wp\/v2\/posts\/28450\/revisions"}],"predecessor-version":[{"id":28454,"href":"http:\/\/fegrama.cat\/web\/wp-json\/wp\/v2\/posts\/28450\/revisions\/28454"}],"wp:featuredmedia":[{"embeddable":true,"href":"http:\/\/fegrama.cat\/web\/wp-json\/wp\/v2\/media\/28452"}],"wp:attachment":[{"href":"http:\/\/fegrama.cat\/web\/wp-json\/wp\/v2\/media?parent=28450"}],"wp:term":[{"taxonomy":"category","embeddable":true,"href":"http:\/\/fegrama.cat\/web\/wp-json\/wp\/v2\/categories?post=28450"},{"taxonomy":"post_tag","embeddable":true,"href":"http:\/\/fegrama.cat\/web\/wp-json\/wp\/v2\/tags?post=28450"}],"curies":[{"name":"wp","href":"https:\/\/api.w.org\/{rel}","templated":true}]}}