{"id":28443,"date":"2021-01-31T21:02:52","date_gmt":"2021-01-31T20:02:52","guid":{"rendered":"http:\/\/fegrama.cat\/web\/?p=28443"},"modified":"2021-02-01T04:39:03","modified_gmt":"2021-02-01T03:39:03","slug":"la-falta-dencert-deixa-nomes-un-punt-a-sta-coloma","status":"publish","type":"post","link":"http:\/\/fegrama.cat\/web\/la-falta-dencert-deixa-nomes-un-punt-a-sta-coloma\/","title":{"rendered":"La falta d&#8217;encert deixa nom\u00e9s un punt a Sta. Coloma."},"content":{"rendered":"\n<p class=\"has-medium-font-size\"><strong>Empat sense gols entre Grama i Vilassar en un partit on els nostres van anar de menys a m\u00e9s i van poder endur-se la vict\u00f2ria.<\/strong> (Foto: Sergi Garc\u00eda)<\/p>\n\n\n\n<p>-DBC-Amb canvis notables en l\u2019onze per no carregar tant als jugadors en una setmana de tres partits, el t\u00e8cnic de la Grama sortia amb: Guiseris en porteria; Centre de la defensa per &nbsp;Juan Carlos i V\u00edctor; laterals per Peque i Linares; mig del camp per Antonicelli, Roger i Escarrabill; bandes per Franco i Adil; i punta d\u2019atac per Oscar.<\/p>\n\n\n\n<p>Sortien els del maresme amb m\u00e9s determinaci\u00f3 i obligaven als colomencs a jugar en el seu camp per\u00f2 sense trepitjar l\u2019\u00e0rea de&nbsp; Guiseris i amb la mala sort d\u2019un canvi for\u00e7at al minut 6 de joc. Aybar es veia obligar a realitzar el primer canvi per la lesi\u00f3 del capit\u00e0 Fuentes i donava entrada a Borges.<\/p>\n\n\n\n<p>De mica en mica la Grama es treia de sobre el domini inicial de l\u2019equip visitant amb dos accions com un penal clar no xiulat sobre Roger Garc\u00eda (7\u2019) i una bona rematada d\u2019\u00d3scar Mu\u00f1oz que s\u2019estavellava a l\u2019escaire de la porteria de Rom\u00e1n als 12 minuts de joc.<\/p>\n\n\n\n<p>El partit s\u2019igualava, els dos equips imposaven les seves defenses per sobre dels atacants, i els porters tenien pocs problemes per mantenir les seves porteries a zero. No hi va haver gaires accions a destacar durant el primer temps i finalment el col\u00b7legiat va assenyalar el descans amb el 0-0 i un matx &nbsp;t\u00edpic de tercera divisi\u00f3.<\/p>\n\n\n\n<p>La segona part ens havia de mostrar un joc m\u00e9s el\u00e8ctric per part dels dos equips. Pons feia un primer canvi al descans deixant a Roger Garc\u00eda a vestidors i donant entrada a Roger Peris al centre del camp.<\/p>\n\n\n\n<p>La Grama mostrava una millor versi\u00f3 per\u00f2 va ser el Vilassar el primer en tenir una bona ocasi\u00f3 amb una centrada de Varese que va refusar Guiseris i que Mart\u00ed Soler no va poder engaltar al segon pal al minut 53. Podem dir que aquesta va ser la primera i la \u00fanica ocasi\u00f3 de l\u2019equip visitant en la segona meitat perqu\u00e8, des d\u2019aquest minut no van tornar a xutar entre els tres pals.<\/p>\n\n\n\n<p>Els colomencs van reaccionar a aquesta acci\u00f3 amb una de les jugades m\u00e9s pol\u00e8miques del partit. Una bona internada d\u2019Adil per banda dreta va acabar amb la pilota picant clarament a les mans d\u00b4un defensor, a dins de l\u2019\u00e0rea, quan corria el minut 57. Ho va veure tothom menys Pol Curiel i el seu assistent.<\/p>\n\n\n\n<p>En lloc de donar protagonisme al joc i als jugadors, l\u2019\u00e0rbitre es convertia en protagonista inesperat i innecessari d\u2019un matx que no va tenir gaires complicacions.<\/p>\n\n\n\n<p>A aquest penal no xiulat van continuar un seguit d\u2019accions errades pel col\u00b7legiat d\u2019aquelles senzilles com un corner inexistent en una jugada entre Cano i Juan Carlos. Curiel havia perdut els papers &nbsp;i nom\u00e9s ens quedava esperar que no tingu\u00e9s una nova acci\u00f3 en contra de la Grama.<\/p>\n\n\n\n<p>Amb aquest guio els colomencs van anar creixent en intensitat mentre els del maresme notaven una defallida f\u00edsica. Al minut 77 va arribar la ocasi\u00f3 m\u00e9s clara del matx.&nbsp; \u00d3scar Mu\u00f1oz aconseguia punxar una pilota a la frontal de la petita, aconseguia regatejar als defensors i aconseguia xutar contra la porteria amb Rom\u00e1n ven\u00e7ut. Lamentablement el seu xut es va creuar en demesia i va sortir fregant el pal. Gran ocasi\u00f3 malmesa!<\/p>\n\n\n\n<p>D\u2019aqu\u00ed al final ho van seguir intentant els nostres amb un Roger Peris molt actiu i la incorporaci\u00f3 d\u2019Angel en banda dreta per substituir a Franco totalment desaparegut durant el partit. Encara aix\u00ed el Vilassar va mantenir la intensitat defensiva i llen\u00e7ava les contres amb Eslava i Cano per\u00f2 la Grama tamb\u00e9 va saber avortar-les i mantenir la porteria a zero.<\/p>\n\n\n\n<p>Ja sobre la botzina, en temps de descompte, en la \u00faltima ocasi\u00f3 del partit , una falta en la frontal de l\u2019\u00e0rea visitant no va ser aprofitada per la Grama i finalment el marcador no es va moure.<\/p>\n\n\n\n<p>Potser per m\u00e8rits els colomencs van mer\u00e8ixer m\u00e9s, per\u00f2 la poca efic\u00e0cia ofensiva i el fet d\u2019allunyar a Adil de l\u2019\u00e0rea rival, van evitar una possible vict\u00f2ria colomenca i, despr\u00e9s de la derrota del passat dijous, no es mal resultat anar sumant punts setmana a setmana per aconseguir l\u2019objectiu.<\/p>\n\n\n\n<p><a href=\"https:\/\/www.fcf.cat\/es\/acta\/2021\/futbol-11\/tercera-divisio-nacional\/grup-5b\/aa\/fundacio-esportiva-grama-a\/aa\/vilassar-mar-ue-a\" target=\"_blank\" rel=\"noreferrer noopener\">CLIQUEU PER VEURE L\u2019ACTA DEL PARTIT<\/a><\/p>\n\n\n\n<p><a href=\"https:\/\/www.fcf.cat\/es\/classificacio\/2021\/futbol-11\/tercera-divisio-nacional\/grup-5b\" target=\"_blank\" rel=\"noreferrer noopener\">CLIQUEU PER VEURE LA CLASSIFICACI\u00d3 DE 3DIV5<\/a><\/p>\n\n\n\n<hr class=\"wp-block-separator\"\/>\n\n\n\n<figure class=\"wp-block-image size-large is-resized\"><img loading=\"lazy\" decoding=\"async\" src=\"http:\/\/fegrama.cat\/web\/wp-content\/uploads\/2021\/01\/ae70e95b-1699-4372-a786-7bb5ef8b1494-1024x776.jpg\" alt=\"\" class=\"wp-image-28445\" width=\"975\" height=\"739\" srcset=\"http:\/\/fegrama.cat\/web\/wp-content\/uploads\/2021\/01\/ae70e95b-1699-4372-a786-7bb5ef8b1494-1024x776.jpg 1024w, http:\/\/fegrama.cat\/web\/wp-content\/uploads\/2021\/01\/ae70e95b-1699-4372-a786-7bb5ef8b1494-300x227.jpg 300w, http:\/\/fegrama.cat\/web\/wp-content\/uploads\/2021\/01\/ae70e95b-1699-4372-a786-7bb5ef8b1494-768x582.jpg 768w, http:\/\/fegrama.cat\/web\/wp-content\/uploads\/2021\/01\/ae70e95b-1699-4372-a786-7bb5ef8b1494-1536x1164.jpg 1536w, http:\/\/fegrama.cat\/web\/wp-content\/uploads\/2021\/01\/ae70e95b-1699-4372-a786-7bb5ef8b1494.jpg 2048w\" sizes=\"auto, (max-width: 975px) 100vw, 975px\" \/><figcaption>Once incial de la Grama contra la U.E. Vilassar (foto: Sergi Garc\u00eda)<\/figcaption><\/figure>\n\n\n\n<p class=\"has-medium-font-size\"><strong>Empate sin goles entre Grama y Vilassar en un partido donde los nuestros fueron de menos a m\u00e1s y pudieron llevarse la victoria.<\/strong><\/p>\n\n\n\n<p>Con cambios notables en el once para no cargar tanto a los jugadores en una semana de tres partidos, el t\u00e9cnico de la Grama sal\u00eda con: Guiseris en porter\u00eda; Centro de la defensa para Juan Carlos y V\u00edctor; laterales para Peque y Linares; centro del campo para Antonicelli, Roger y Escarrabill; bandas para Franco y Adil; y punta de ataque para Oscar.<\/p>\n\n\n\n<p>Sal\u00edan los del Maresme con m\u00e1s determinaci\u00f3n y obligaban a los colomenses a jugar en su campo pero sin pisar el \u00e1rea de Guiseris y con la mala suerte de un cambio forzado en el minuto 6 de juego. Aybar se ve\u00eda obligar a realizar el primer cambio por la lesi\u00f3n del capit\u00e1n Fuentes y daba entrada a Borges.<\/p>\n\n\n\n<p>Poco a poco la Grama se sacaba de encima el dominio inicial del equipo visitante con dos acciones como un penalti claro no pitado sobre Roger Garc\u00eda (7 &#8216;) y un buen remate de \u00d3scar Mu\u00f1oz que se estrellaba en la escuadra de la porter\u00eda de Rom\u00e1n a los 12 minutos de juego.<\/p>\n\n\n\n<p>El partido se igualaba, los dos equipos impon\u00edan sus defensas por encima de los atacantes, y los porteros ten\u00edan pocos problemas para mantener sus porter\u00edas a cero. No hubo muchas acciones a destacar durante el primer tiempo y finalmente el colegiado se\u00f1al\u00f3 el descanso con el 0-0 y un encuentro t\u00edpico de tercera divisi\u00f3n.<\/p>\n\n\n\n<p>La segunda parte nos iba  a mostrar un juego m\u00e1s el\u00e9ctrico por parte de ambos equipos. Pons hac\u00eda un primer cambio en el descanso dejando a Roger Garc\u00eda en vestuarios y dando entrada a Roger Peris en el centro del campo.<br>La Grama mostraba una mejor versi\u00f3n pero fue el Vilassar el primero en tener una buena ocasi\u00f3n con un centro de Varese que rechaz\u00f3 Guiseris y que Mart\u00ed Soler no pudo empalmar en el segundo palo en el minuto 53. Podemos decir que esta fue la primera y \u00fanica ocasi\u00f3n del equipo visitante en la segunda mitad ya que, desde este minuto, no volvieron a chutar entre los tres palos.<\/p>\n\n\n\n<p>Los colomenses reaccionaron a esta acci\u00f3n con una de las jugadas m\u00e1s pol\u00e9micas del partido. Una buena internada de Adil por banda derecha acab\u00f3 con el bal\u00f3n picando claramente en las manos de un defensor, dentro del \u00e1rea, cuando corr\u00eda el minuto 57. Lo vio todo el mundo menos Pol Curiel y su asistente.<br>En lugar de dar protagonismo al juego y a los jugadores, el \u00e1rbitro se convert\u00eda en protagonista inesperado e innecesario de un encuentro que no tuvo muchas complicaciones.<br>A este penalti no pitado continuaron una serie de acciones errores por el colegiado de esas sencillas como un corner inexistente en una jugada entre Cano y Juan Carlos. Curiel hab\u00eda perdido los papeles y s\u00f3lo nos quedaba esperar que no tuviera una nueva acci\u00f3n en contra de la Grama.<\/p>\n\n\n\n<p>Con este gui\u00f3n los colomenses fueron creciendo en intensidad mientras los del Maresme notaban un baj\u00f3n f\u00edsico. En el minuto 77 lleg\u00f3 la ocasi\u00f3n m\u00e1s clara del encuentro. \u00d3scar Mu\u00f1oz consegu\u00eda pinchar un bal\u00f3n en la frontal de la peque\u00f1a, consegu\u00eda regatear a los defensores y consegu\u00eda chutar contra la porter\u00eda con Rom\u00e1n vencido. Lamentablemente su disparo se cruz\u00f3 en demas\u00eda y sali\u00f3 rozando el poste. \u00a1Gran ocasi\u00f3n errada!<\/p>\n\n\n\n<p>De ah\u00ed al final lo siguieron intentando los nuestros con un Roger Peris muy activo y la incorporaci\u00f3n de \u00c1ngel en banda derecha para sustituir a Franco, totalmente desaparecido durante el partido. A\u00fan as\u00ed el Vilassar mantuvo la intensidad defensiva y tiraba las contras con Eslava y Cano, pero la Grama tambi\u00e9n supo abortarlas y mantener la porter\u00eda a cero.<br>Ya sobre la bocina, en tiempo de descuento, en la \u00faltima ocasi\u00f3n del partido, una falta en la frontal del \u00e1rea visitante no fue aprovechada por la Grama y finalmente el marcador no se movi\u00f3.<\/p>\n\n\n\n<p>Quiz\u00e1 por m\u00e9ritos los colomenses merecieron m\u00e1s, pero la poca eficacia ofensiva y el hecho de alejar a Adil del \u00e1rea rival, evitaron una posible victoria colomense y, tras la derrota del pasado jueves, no es mal resultado ir sumando puntos semana a semana para conseguir el objetivo.<\/p>\n\n\n\n<p><a href=\"https:\/\/www.fcf.cat\/es\/acta\/2021\/futbol-11\/tercera-divisio-nacional\/grup-5b\/aa\/fundacio-esportiva-grama-a\/aa\/vilassar-mar-ue-a\" target=\"_blank\" rel=\"noreferrer noopener\">CLICAD PARA VER EL ACTA DEL PARTIDO<\/a><br><a href=\"https:\/\/www.fcf.cat\/es\/classificacio\/2021\/futbol-11\/tercera-divisio-nacional\/grup-5b\" target=\"_blank\" rel=\"noreferrer noopener\">CLICAD PARA VER LA CLASIFICACI\u00d3N DE 3DIV5<\/a><\/p>\n","protected":false},"excerpt":{"rendered":"<p>Empat sense gols entre Grama i Vilassar en un partit on els nostres van anar de menys a m\u00e9s i van poder endur-se la vict\u00f2ria. (Foto: Sergi Garc\u00eda) -DBC-Amb canvis notables en l\u2019onze per no carregar tant als jugadors en una setmana de tres partits, el t\u00e8cnic de la Grama sortia amb: Guiseris en porteria; [&hellip;]<\/p>\n","protected":false},"author":1,"featured_media":28444,"comment_status":"closed","ping_status":"closed","sticky":false,"template":"","format":"standard","meta":{"footnotes":""},"categories":[4,5],"tags":[],"class_list":["post-28443","post","type-post","status-publish","format-standard","has-post-thumbnail","hentry","category-base-inclusiu","category-primer-equip"],"_links":{"self":[{"href":"http:\/\/fegrama.cat\/web\/wp-json\/wp\/v2\/posts\/28443","targetHints":{"allow":["GET"]}}],"collection":[{"href":"http:\/\/fegrama.cat\/web\/wp-json\/wp\/v2\/posts"}],"about":[{"href":"http:\/\/fegrama.cat\/web\/wp-json\/wp\/v2\/types\/post"}],"author":[{"embeddable":true,"href":"http:\/\/fegrama.cat\/web\/wp-json\/wp\/v2\/users\/1"}],"replies":[{"embeddable":true,"href":"http:\/\/fegrama.cat\/web\/wp-json\/wp\/v2\/comments?post=28443"}],"version-history":[{"count":2,"href":"http:\/\/fegrama.cat\/web\/wp-json\/wp\/v2\/posts\/28443\/revisions"}],"predecessor-version":[{"id":28447,"href":"http:\/\/fegrama.cat\/web\/wp-json\/wp\/v2\/posts\/28443\/revisions\/28447"}],"wp:featuredmedia":[{"embeddable":true,"href":"http:\/\/fegrama.cat\/web\/wp-json\/wp\/v2\/media\/28444"}],"wp:attachment":[{"href":"http:\/\/fegrama.cat\/web\/wp-json\/wp\/v2\/media?parent=28443"}],"wp:term":[{"taxonomy":"category","embeddable":true,"href":"http:\/\/fegrama.cat\/web\/wp-json\/wp\/v2\/categories?post=28443"},{"taxonomy":"post_tag","embeddable":true,"href":"http:\/\/fegrama.cat\/web\/wp-json\/wp\/v2\/tags?post=28443"}],"curies":[{"name":"wp","href":"https:\/\/api.w.org\/{rel}","templated":true}]}}