{"id":28438,"date":"2021-01-27T04:09:48","date_gmt":"2021-01-27T03:09:48","guid":{"rendered":"http:\/\/fegrama.cat\/web\/?p=28438"},"modified":"2021-01-27T04:09:48","modified_gmt":"2021-01-27T03:09:48","slug":"la-grama-es-desfa-del-jabac-en-un-bon-partit","status":"publish","type":"post","link":"http:\/\/fegrama.cat\/web\/la-grama-es-desfa-del-jabac-en-un-bon-partit\/","title":{"rendered":"La Grama es desf\u00e0 del Jabac en un bon partit"},"content":{"rendered":"\n<p class=\"has-medium-font-size\"><strong>Merescuda vict\u00f2ria per la Grama contra Jabac en un partit que els nostres van controlar de principi a fi.<\/strong> (foto: Peri Fotograf\u00eda)<\/p>\n\n\n\n<p>El matx va comen\u00e7ar amb el Jabac en bloc mig i cedint completament la possessi\u00f3 de l\u2019esf\u00e8rica als jugadors de Manu Pel\u00e1ez.<\/p>\n\n\n\n<p>Evidentment, els colomencs, no van desaprofitar aquest control i van circular perfectament la pilota durant els primers compassos de partit. Encara aix\u00ed aquesta possessi\u00f3 no es reflectia en el marcador ja que el Jabac tancava b\u00e9 els espais i es feia dif\u00edcil trepitjar \u00e0rea.<\/p>\n\n\n\n<p>Aquest va ser el gui\u00f3 fins al minut 27 quan una excel\u00b7lent centrada de Vicen\u00e7 va acabar amb una rematada de Rub\u00e9n Cifuentes a la xarxa. 1-0 i el marcador ja reflectia la superioritat colomenca.<\/p>\n\n\n\n<p>El gol va donar ales als jugadors de la Grama que van gaudir dels millors minuts de joc. Els terrassencs estaven desbordats davant l\u2019ofensiva colomenca amb una circulaci\u00f3 de joc r\u00e0pida i molt insistent sobre l\u2019\u00e0rea de Josep Quer\u00f3. I aix\u00ed va arribar el segon gol de la matinal. En una internada per banda esquerra de Talarn la defensa nom\u00e9s va poder aturar-lo amb falta a dins de l\u2019\u00e0rea. Penal pel Juvenil de la Grama que anotava Vicen\u00e7 al minut 34 per fer constar el 2-0 al marcador.<\/p>\n\n\n\n<p>Poc m\u00e9s ens va deixar la primera meitat. Els jugadors van marxar a vestidors sense novetats i amb una vict\u00f2ria colomenca que feia just\u00edcia al que s\u2019havia vist.<\/p>\n\n\n\n<p>La represa ens va portar la mateixa t\u00f2nica de possessi\u00f3 pels locals davant d\u2019un Jabac que intentava mostrar la urpes sense aconseguir fer mal als de Santa Coloma. Oliver va tenir el 3-0 a les seves botes per\u00f2 Quer\u00f3 va realitzar una bon\u00edssima aturada.<\/p>\n\n\n\n<p>El final de partit va donar una mica de treva als visitants que van gaudir dels millors minuts arribant amb cert perill sobre la porteria de Marcos. La fortuna no els va somriure i el marcador no es va moure. Els tres punts es van quedar a casa i donen aire al Juvenil de la Grama per afrontar un calendari dif\u00edcil on els nostres han de lluitar molt encara.<\/p>\n\n\n\n<p><strong><a href=\"https:\/\/www.fcf.cat\/es\/acta\/2021\/futbol-11\/lliga-nacional-juvenil\/grup-7b\/nj\/fundacio-esportiva-grama-a\/nj\/unio-f-base-jabac-i-terrassa-b\">CLIQUEU PER VEURE L\u2019ACTA DEL PARTIT<\/a><\/strong><\/p>\n\n\n\n<p><strong><a href=\"https:\/\/www.fcf.cat\/es\/classificacio\/2021\/futbol-11\/lliga-nacional-juvenil\/grup-7b\">CLIQUEU PER VEURE LA CLASSIFICACI\u00d3 DE LNJ7<\/a><\/strong><\/p>\n\n\n\n<hr class=\"wp-block-separator\"\/>\n\n\n\n<figure class=\"wp-block-image size-large is-resized\"><img loading=\"lazy\" decoding=\"async\" src=\"http:\/\/fegrama.cat\/web\/wp-content\/uploads\/2021\/01\/PHOTO-2021-01-24-20-19-55-1024x683.jpg\" alt=\"\" class=\"wp-image-28440\" width=\"959\" height=\"639\" srcset=\"http:\/\/fegrama.cat\/web\/wp-content\/uploads\/2021\/01\/PHOTO-2021-01-24-20-19-55-1024x683.jpg 1024w, http:\/\/fegrama.cat\/web\/wp-content\/uploads\/2021\/01\/PHOTO-2021-01-24-20-19-55-300x200.jpg 300w, http:\/\/fegrama.cat\/web\/wp-content\/uploads\/2021\/01\/PHOTO-2021-01-24-20-19-55-768x512.jpg 768w, http:\/\/fegrama.cat\/web\/wp-content\/uploads\/2021\/01\/PHOTO-2021-01-24-20-19-55-1536x1024.jpg 1536w, http:\/\/fegrama.cat\/web\/wp-content\/uploads\/2021\/01\/PHOTO-2021-01-24-20-19-55.jpg 1620w\" sizes=\"auto, (max-width: 959px) 100vw, 959px\" \/><figcaption>Vicen\u00e7 celebra el segundo gol de la Grama (Foto: Peri Fotograf\u00eda)<\/figcaption><\/figure>\n\n\n\n<p class=\"has-medium-font-size\"><strong>Merecida victoria para la Grama contra Jabac en un partido que los nuestros controlaron de principio a fin.<\/strong><\/p>\n\n\n\n<p>El encuentro comenz\u00f3 con el Jabac en bloque medio y cediendo por completo la posesi\u00f3n del esf\u00e9rico a los jugadores de Manu Pel\u00e1ez.<br>Evidentemente, los colomenses, no desaprovecharon este control y circularon perfectamente el bal\u00f3n durante los primeros compases de partido. A\u00fan as\u00ed esta posesi\u00f3n no se reflejaba en el marcador ya que el Jabac cerraba bien los espacios y se hac\u00eda dif\u00edcil pisar \u00e1rea.<\/p>\n\n\n\n<p><br>Este fue el gui\u00f3n hasta el minuto 27 cuando una excelente centro de Vicen\u00e7 acab\u00f3 con un remate de Rub\u00e9n Cifuentes a la red. 1-0 y el marcador ya reflejaba la superioridad colomense.<\/p>\n\n\n\n<p>El gol dio alas a los jugadores de la Grama que disfrutaron de los mejores minutos de juego. Los egarenses estaban desbordados ante la ofensiva colomense con una circulaci\u00f3n de juego r\u00e1pida y muy insistente sobre el \u00e1rea de Josep Quer\u00f3. Y as\u00ed lleg\u00f3 el segundo gol de la matinal. En una internada por banda izquierda de Talarn, la defensa s\u00f3lo pudo detenerlo con falta dentro del \u00e1rea. Penalti para el Juvenil de la Grama que anotaba Vicen\u00e7 en el minuto 34 para hacer constar el 2-0 en el marcador.<\/p>\n\n\n\n<p>Poco m\u00e1s nos dej\u00f3 la primera mitad. Los jugadores se fueron a vestuarios sin novedades y con una victoria colomense que hac\u00eda justicia a lo que se hab\u00eda visto-<\/p>\n\n\n\n<p>La reanudaci\u00f3n nos trajo la misma t\u00f3nica de posesi\u00f3n para los locales ante un Jabac que intentaba mostrar las u\u00f1as sin conseguir hacer da\u00f1o a los de Santa Coloma. Oliver tuvo el 3-0 en sus botas pero Quer\u00f3 realiz\u00f3 una buen\u00edsima parada.<\/p>\n\n\n\n<p>El final de partido dio un poco de tregua a los visitantes que disfrutaron de los mejores minutos llegando con cierto peligro sobre la porter\u00eda de Marcos. La fortuna no les sonri\u00f3 y el marcador no se movi\u00f3. Los tres puntos se quedaron en casa y dan aire al Juvenil de la Grama para afrontar un calendario dif\u00edcil donde los nuestros tienen que luchar mucho todav\u00eda.<\/p>\n\n\n\n<p><a href=\"https:\/\/www.fcf.cat\/es\/acta\/2021\/futbol-11\/lliga-nacional-juvenil\/grup-7b\/nj\/fundacio-esportiva-grama-a\/nj\/unio-f-base-jabac-i-terrassa-b\">PULSAR PARA VER EL ACTA DEL PARTIDO<\/a><br><a href=\"https:\/\/www.fcf.cat\/es\/classificacio\/2021\/futbol-11\/lliga-nacional-juvenil\/grup-7b\">PULSAR PARA VER LA CLASIFICACI\u00d3N DE LNJ7<\/a><\/p>\n","protected":false},"excerpt":{"rendered":"<p>Merescuda vict\u00f2ria per la Grama contra Jabac en un partit que els nostres van controlar de principi a fi. (foto: Peri Fotograf\u00eda) El matx va comen\u00e7ar amb el Jabac en bloc mig i cedint completament la possessi\u00f3 de l\u2019esf\u00e8rica als jugadors de Manu Pel\u00e1ez. Evidentment, els colomencs, no van desaprofitar aquest control i van circular [&hellip;]<\/p>\n","protected":false},"author":1,"featured_media":28439,"comment_status":"closed","ping_status":"closed","sticky":false,"template":"","format":"standard","meta":{"footnotes":""},"categories":[4,6],"tags":[],"class_list":["post-28438","post","type-post","status-publish","format-standard","has-post-thumbnail","hentry","category-base-inclusiu","category-juvenils"],"_links":{"self":[{"href":"http:\/\/fegrama.cat\/web\/wp-json\/wp\/v2\/posts\/28438","targetHints":{"allow":["GET"]}}],"collection":[{"href":"http:\/\/fegrama.cat\/web\/wp-json\/wp\/v2\/posts"}],"about":[{"href":"http:\/\/fegrama.cat\/web\/wp-json\/wp\/v2\/types\/post"}],"author":[{"embeddable":true,"href":"http:\/\/fegrama.cat\/web\/wp-json\/wp\/v2\/users\/1"}],"replies":[{"embeddable":true,"href":"http:\/\/fegrama.cat\/web\/wp-json\/wp\/v2\/comments?post=28438"}],"version-history":[{"count":1,"href":"http:\/\/fegrama.cat\/web\/wp-json\/wp\/v2\/posts\/28438\/revisions"}],"predecessor-version":[{"id":28441,"href":"http:\/\/fegrama.cat\/web\/wp-json\/wp\/v2\/posts\/28438\/revisions\/28441"}],"wp:featuredmedia":[{"embeddable":true,"href":"http:\/\/fegrama.cat\/web\/wp-json\/wp\/v2\/media\/28439"}],"wp:attachment":[{"href":"http:\/\/fegrama.cat\/web\/wp-json\/wp\/v2\/media?parent=28438"}],"wp:term":[{"taxonomy":"category","embeddable":true,"href":"http:\/\/fegrama.cat\/web\/wp-json\/wp\/v2\/categories?post=28438"},{"taxonomy":"post_tag","embeddable":true,"href":"http:\/\/fegrama.cat\/web\/wp-json\/wp\/v2\/tags?post=28438"}],"curies":[{"name":"wp","href":"https:\/\/api.w.org\/{rel}","templated":true}]}}