{"id":28432,"date":"2021-01-24T18:01:40","date_gmt":"2021-01-24T17:01:40","guid":{"rendered":"http:\/\/fegrama.cat\/web\/?p=28432"},"modified":"2021-01-24T18:03:17","modified_gmt":"2021-01-24T17:03:17","slug":"primer-empat-de-la-temporada-a-vilatenim","status":"publish","type":"post","link":"http:\/\/fegrama.cat\/web\/primer-empat-de-la-temporada-a-vilatenim\/","title":{"rendered":"Primer empat de la temporada a Vilatenim."},"content":{"rendered":"\n<p class=\"has-medium-font-size\"><strong>Figueres i Grama empaten a zero en un bon partit on els nostres van donar la cara en tot moment i on qualsevol va poder endur-se la vict\u00f2ria.<\/strong> (foto: @UEFigueres)<\/p>\n\n\n\n<p>Despr\u00e9s de la derrota contra el Cerdanyola a l\u2019estadi hi havia expectaci\u00f3 per saber quina versi\u00f3 de la Grama es podria veure a Vilatenim i cal dir que probablement va ser una de les millors de la temporada amb un equip seri\u00f3s al darrera i jugant b\u00e9 les seves cartes a dalt per\u00f2 sense sort de cara a gol.<\/p>\n\n\n\n<p>Sortia d\u2019inici Juanma Pons amb el mateix onze inicial que la setmana passada per\u00f2 amb l\u2019entrada de Roger Peris en mitja punta pel sancionat Roger Garc\u00eda. I ben d\u2019hora van quedar clares les intencions colomenques amb la primera acci\u00f3 del partit per Franco Gauna. Una recuperaci\u00f3 de pilota al centre del camp va permetre al jugador de la Grama encarar la defensa i arribar a l\u2019\u00e0rea del Figueres per enviar un potent xut que Andr\u00e9s va haver de refusar com va poder. En nom\u00e9s 15 segons de joc, la Grama ja havia tingut la primera ocasi\u00f3.<\/p>\n\n\n\n<p>La intensitat dels gramenetistes no es va quedar aqu\u00ed i, en una segona jugada, V\u00edctor D\u00edaz va enviar fora un ref\u00fas a dins de l\u2019\u00e0rea petita que ben b\u00e9 podia haver estat gol en el primer minut de joc.<\/p>\n\n\n\n<p>La Uni\u00f3 Esportiva Figueres es veia sorpresa per aquest punch inicial dels visitants i, de mica en mica, va anar posicionant-se fins a igualar el matx durant el primer quart d\u2019hora de partit. La Grama, per la seva part, mantenia les l\u00ednies molt juntes i no deixava espais perqu\u00e8 l\u2019equip de Salamero pogu\u00e9s apropar-se a la porteria de Guiseris.<\/p>\n\n\n\n<p>Els dos equips, amb un estil molt similar en el que portem de temporada, van mantenir el gui\u00f3 durant la primera meitat i va ser el Figueres qui va tenir una ocasi\u00f3 clara al minut 19 amb una pilota centrada de Coto per banda dreta que es va passejava per la frontal de la petita sense que ning\u00fa impact\u00e9s amb l\u2019esf\u00e8ric.<\/p>\n\n\n\n<p>La resposta colomenca, que ensenyava les urpes sempre que podia, va arribar amb una mitja volta de Yeray que va obligar a una excel\u00b7lent aturada d\u2019Andr\u00e9s al minut 26.<\/p>\n\n\n\n<p>La intensitat es mantenia en ambd\u00f3s equips per\u00f2 era la Grama qui gaudia de les millors ocasions. La \u00faltima de la primera meitat va arribar despr\u00e9s d\u2019una bona centrada de Peris que Gabri no va refusar amb contund\u00e8ncia i es va tornar en contra la seva pr\u00f2pia porteria. Era el minut 39 i la pilota va passar fregant el travesser.<\/p>\n\n\n\n<p>Amb el 0-0 es va arribar al descans en una bona primera meitat i un bon espectacle d\u2019ambd\u00f3s equips.<\/p>\n\n\n\n<p>La represa havia de deparar-nos un segon assalt tan igualat com el primer per\u00f2 amb m\u00e9s insist\u00e8ncia en ambdues \u00e0rees. La primera ocasi\u00f3 pels colomencs va arribar al minut 53 amb una centrada de Franco que va rematar massa creuada \u00d3scar Mu\u00f1oz.<\/p>\n\n\n\n<p>Els homes de Juanma Pons van tenir m\u00e9s l\u2019esf\u00e8rica en l\u2019inici de la segona meitat &nbsp;i ho van seguir intentant amb dos xuts llunyans d\u2019Antonicelli que no van trobar porteria. Mentrestant, Xavi Salamero movia la banqueta buscant canviar el signe del matx i ho va aconseguir amb l\u2019entrada de Valverde (59\u2019).<\/p>\n\n\n\n<p>La Uni\u00f3 va comen\u00e7ar a carburar i la Grama notava l\u2019esfor\u00e7 f\u00edsic realitzat fins al moment. En aquest panorama una pilota penjada des de banda dreta, la va rematar Medina als 68 minuts i es va estavellar al travesser de la porteria de Guiseris. La segona jugada tamb\u00e9 va caure a les botes de Medina per\u00f2 el seu segon xut va anar-se\u2019n directament al cel de Figueres.<\/p>\n\n\n\n<p>La pressi\u00f3 d\u2019un i altre equip comen\u00e7ava a defallir i els atacants cada vegada tenien m\u00e9s espai per fer mal a les defenses. Aix\u00f2 ho va aprofitar Franco Gauna per enviar un m\u00edssil sobre la porteria gironina que Andr\u00e9s va salvar amb una gran estirada.<\/p>\n\n\n\n<p>El final del matx es va convertir en un atac constant d\u2019un i altre equip per\u00f2 amb les defenses imposant-se sempre i amb els porters salvant el perill que els hi arribava. De fet, la \u00faltima ocasi\u00f3 del matx va arribar a pilota aturada amb una falta a prop de la frontal que Pol G\u00f3mez va dirigir sobre la porteria colomenca en temps d\u2019afegit i que va obligar a Guiseris a estirar-se per evitar el gol.<\/p>\n\n\n\n<p>Amb l\u2019empat inicial, el col\u00b7legiat va assenyalar el final amb repartiment de punts en un camp que ser\u00e0 complicat per tots els rivals i, on nosaltres, hem aconseguit sumar. \u00c9s el primer empat de la temporada i arriba en una setmana on tindrem dos partits molt importants contra Granollers i Vilassar al nostre Estadi.<\/p>\n\n\n\n<p><a href=\"https:\/\/www.fcf.cat\/es\/acta\/2021\/futbol-11\/tercera-divisio-nacional\/grup-5b\/aa\/figueres-ue-a\/aa\/fundacio-esportiva-grama-a\">CLIQUEU PER VEURE L\u2019ACTA DEL PARTIT<\/a><\/p>\n\n\n\n<p><a href=\"https:\/\/www.fcf.cat\/es\/classificacio\/2021\/futbol-11\/tercera-divisio-nacional\/grup-5b\">CLIQUEU PER VEURE LA CLASSIFICACI\u00d3 DE 3DIV5<\/a><\/p>\n\n\n\n<p class=\"has-text-align-center\">&#8212;&#8212;&#8212;&#8212;&#8212;&#8212;&#8212;&#8212;&#8212;&#8212;&#8212;&#8212;&#8212;&#8212;&#8212;&#8212;&#8212;&#8212;&#8212;&#8212;&#8212;&#8212;&#8212;&#8212;&#8212;<\/p>\n\n\n\n<figure class=\"wp-block-gallery columns-1 is-cropped wp-block-gallery-1 is-layout-flex wp-block-gallery-is-layout-flex\"><ul class=\"blocks-gallery-grid\"><li class=\"blocks-gallery-item\"><figure><img loading=\"lazy\" decoding=\"async\" width=\"608\" height=\"405\" src=\"http:\/\/fegrama.cat\/web\/wp-content\/uploads\/2021\/01\/IMG_3494.jpg\" alt=\"\" data-id=\"28434\" data-full-url=\"http:\/\/fegrama.cat\/web\/wp-content\/uploads\/2021\/01\/IMG_3494.jpg\" data-link=\"http:\/\/fegrama.cat\/web\/?attachment_id=28434\" class=\"wp-image-28434\" srcset=\"http:\/\/fegrama.cat\/web\/wp-content\/uploads\/2021\/01\/IMG_3494.jpg 608w, http:\/\/fegrama.cat\/web\/wp-content\/uploads\/2021\/01\/IMG_3494-300x200.jpg 300w\" sizes=\"auto, (max-width: 608px) 100vw, 608px\" \/><\/figure><\/li><\/ul><figcaption class=\"blocks-gallery-caption\">Franco fue uno de los destacados en Vilatenim (foto: @UEFigueres)<\/figcaption><\/figure>\n\n\n\n<p class=\"has-text-align-left has-medium-font-size\"><strong>Figueres y Grama empatan a cero en un buen partido donde los nuestros dieron la cara en todo momento y donde cualquiera pudo llevarse la victoria.<\/strong><\/p>\n\n\n\n<p>Tras la derrota ante el Cerdanyola en el estadio hab\u00eda expectaci\u00f3n por saber qu\u00e9 versi\u00f3n de la Grama se podr\u00eda ver en Vilatenim y hay que decir que probablemente fue una de las mejores de la temporada con un equipo serio atr\u00e1s y jugando bien las sus cartas arriba pero sin suerte de cara a gol. Sal\u00eda de inicio Juanma Pons con el mismo once inicial que la semana pasada pero con la entrada de Roger Peris en media punta por el sancionado Roger Garc\u00eda. <\/p>\n\n\n\n<p>Y bien temprano quedaron claras las intenciones colomenses con la primera acci\u00f3n del partido para Franco Gauna. Una recuperaci\u00f3n de bal\u00f3n en el centro del campo permiti\u00f3 al jugador de la Grama encarar a la defensa y llegar al \u00e1rea del Figueres para enviar un potente disparo que Andr\u00e9s tuvo que rechazar como pudo. En s\u00f3lo 15 segundos de juego, la Grama ya hab\u00eda tenido la primera ocasi\u00f3n. <\/p>\n\n\n\n<p>La intensidad de los gramenetistas no se qued\u00f3 ah\u00ed y, en una segunda jugada, V\u00edctor D\u00edaz envi\u00f3 fuera un rechace dentro del \u00e1rea peque\u00f1a que bien podr\u00eda haber sido gol en el primer minuto de juego. <\/p>\n\n\n\n<p>La Uni\u00f3 Esportiva Figueres se ve\u00eda sorprendida por este punch inicial de los visitantes y, poco a poco, fue posicion\u00e1ndose hasta igualar el encuentro durante el primer cuarto de hora de partido. La Grama, por su parte, manten\u00eda las l\u00edneas muy juntas y no dejaba espacios para que el equipo de Salamero pudiera acercarse a la porter\u00eda de Guiseris.<\/p>\n\n\n\n<p>Los dos equipos, con un estilo muy similar en lo que llevamos de temporada, mantuvieron el gui\u00f3n durante la primera mitad y fue el Figueres quien tuvo una ocasi\u00f3n clara en el minuto 19 con un bal\u00f3n centrado de Coto por banda derecha que se paseaba por la frontal de la peque\u00f1a sin que nadie impactara con el esf\u00e9rico.<br>La respuesta colomense, que ense\u00f1aba las garras siempre que pod\u00eda, lleg\u00f3 con una media vuelta de Yeray que oblig\u00f3 a una excelente parada de Andr\u00e9s en el minuto 26.<\/p>\n\n\n\n<p>La intensidad se manten\u00eda en ambos equipos pero era la Grama quien gozaba de las mejores ocasiones. La \u00faltima de la primera mitad lleg\u00f3 tras un buen centro de Peris que Gabri no despej\u00f3 con contundencia y se volvi\u00f3 en contra su propia porter\u00eda. Era el minuto 39 y el bal\u00f3n pas\u00f3 rozando el larguero.<br>Con el 0-0 se lleg\u00f3 al descanso en una buena primera mitad y un buen espect\u00e1culo de ambos equipos.<\/p>\n\n\n\n<p>La reanudaci\u00f3n deb\u00eda depararnos un segundo asalto tan igualado como el primero pero con m\u00e1s insistencia en ambas \u00e1reas. La primera ocasi\u00f3n para los colomenses lleg\u00f3 en el minuto 53 con un centro de Franco que remat\u00f3 demasiado cruzado \u00d3scar Mu\u00f1oz.<br>Los hombres de Juanma Pons tuvieron m\u00e1s el esf\u00e9rico en el inicio de la segunda mitad y lo siguieron intentando con dos disparos lejanos de Antonicelli que no encontraron porter\u00eda. Mientras tanto, Xavi Salamero mov\u00eda el banquillo buscando cambiar el signo del encuentro y lo consigui\u00f3 con la entrada de Valverde (59 &#8216;).<\/p>\n\n\n\n<p>La Uni\u00f3 comenz\u00f3 a carburar y la Grama notaba el esfuerzo f\u00edsico realizado hasta el momento. En este panorama un bal\u00f3n colgado desde banda derecha, la remat\u00f3 Medina a los 68 minutos y se estrell\u00f3 en el larguero de la porter\u00eda de Guiseris. La segunda jugada tambi\u00e9n cay\u00f3 en las botas de Medina pero su segundo disparo se fue directamente al cielo de Figueres.<\/p>\n\n\n\n<p>La presi\u00f3n de uno y otro equipo empezaba a desfallecer y los atacantes cada vez ten\u00edan m\u00e1s espacio para hacer da\u00f1o a las defensas. Esto lo aprovech\u00f3 Franco Gauna para enviar un misil sobre la porter\u00eda gerundense que Andr\u00e9s salv\u00f3 con una gran estirada.<\/p>\n\n\n\n<p>El final del encuentro se convirti\u00f3 en un ataque constante de uno y otro equipo pero con las defensas imponi\u00e9ndose siempre y con los porteros salvando el peligro que les llegaba. De hecho, la \u00faltima ocasi\u00f3n del encuentro lleg\u00f3 a bal\u00f3n parado con una falta cerca de la frontal que Pol G\u00f3mez dirigi\u00f3 sobre la porter\u00eda colomense en tiempo de prolongaci\u00f3n y que oblig\u00f3 a Guiseris a estirarse para evitar el gol.<\/p>\n\n\n\n<p>Con el empate inicial, el colegiado se\u00f1al\u00f3 el final con reparto de puntos en un campo que ser\u00e1 complicado para todos los rivales y, donde nosotros, hemos conseguido sumar. Es el primer empate de la temporada y llega en una semana donde tendremos dos partidos muy importantes contra Granollers y Vilassar en nuestro Estadio.<\/p>\n\n\n\n<p><a href=\"https:\/\/www.fcf.cat\/es\/acta\/2021\/futbol-11\/tercera-divisio-nacional\/grup-5b\/aa\/figueres-ue-a\/aa\/fundacio-esportiva-grama-a\">CLICAD PARA VER EL ACTA DEL PARTIDO<\/a><\/p>\n\n\n\n<p><a href=\"https:\/\/www.fcf.cat\/es\/classificacio\/2021\/futbol-11\/tercera-divisio-nacional\/grup-5b\">CLICAD PARA VER LA CLASIFICACI\u00d3N DE 3DIV5<\/a><\/p>\n","protected":false},"excerpt":{"rendered":"<p>Figueres i Grama empaten a zero en un bon partit on els nostres van donar la cara en tot moment i on qualsevol va poder endur-se la vict\u00f2ria. (foto: @UEFigueres) Despr\u00e9s de la derrota contra el Cerdanyola a l\u2019estadi hi havia expectaci\u00f3 per saber quina versi\u00f3 de la Grama es podria veure a Vilatenim i [&hellip;]<\/p>\n","protected":false},"author":1,"featured_media":28433,"comment_status":"closed","ping_status":"closed","sticky":false,"template":"","format":"standard","meta":{"footnotes":""},"categories":[4,5],"tags":[],"class_list":["post-28432","post","type-post","status-publish","format-standard","has-post-thumbnail","hentry","category-base-inclusiu","category-primer-equip"],"_links":{"self":[{"href":"http:\/\/fegrama.cat\/web\/wp-json\/wp\/v2\/posts\/28432","targetHints":{"allow":["GET"]}}],"collection":[{"href":"http:\/\/fegrama.cat\/web\/wp-json\/wp\/v2\/posts"}],"about":[{"href":"http:\/\/fegrama.cat\/web\/wp-json\/wp\/v2\/types\/post"}],"author":[{"embeddable":true,"href":"http:\/\/fegrama.cat\/web\/wp-json\/wp\/v2\/users\/1"}],"replies":[{"embeddable":true,"href":"http:\/\/fegrama.cat\/web\/wp-json\/wp\/v2\/comments?post=28432"}],"version-history":[{"count":2,"href":"http:\/\/fegrama.cat\/web\/wp-json\/wp\/v2\/posts\/28432\/revisions"}],"predecessor-version":[{"id":28436,"href":"http:\/\/fegrama.cat\/web\/wp-json\/wp\/v2\/posts\/28432\/revisions\/28436"}],"wp:featuredmedia":[{"embeddable":true,"href":"http:\/\/fegrama.cat\/web\/wp-json\/wp\/v2\/media\/28433"}],"wp:attachment":[{"href":"http:\/\/fegrama.cat\/web\/wp-json\/wp\/v2\/media?parent=28432"}],"wp:term":[{"taxonomy":"category","embeddable":true,"href":"http:\/\/fegrama.cat\/web\/wp-json\/wp\/v2\/categories?post=28432"},{"taxonomy":"post_tag","embeddable":true,"href":"http:\/\/fegrama.cat\/web\/wp-json\/wp\/v2\/tags?post=28432"}],"curies":[{"name":"wp","href":"https:\/\/api.w.org\/{rel}","templated":true}]}}