{"id":28426,"date":"2021-01-19T03:46:33","date_gmt":"2021-01-19T02:46:33","guid":{"rendered":"http:\/\/fegrama.cat\/web\/?p=28426"},"modified":"2021-01-19T03:46:33","modified_gmt":"2021-01-19T02:46:33","slug":"la-intensitat-mataronina-doblega-a-una-grama-desconeguda","status":"publish","type":"post","link":"http:\/\/fegrama.cat\/web\/la-intensitat-mataronina-doblega-a-una-grama-desconeguda\/","title":{"rendered":"La intensitat mataronina doblega a una Grama desconeguda."},"content":{"rendered":"\n<p class=\"has-medium-font-size\"><strong>La lluita final del Juvenil A no va ser suficient per sumar algun punt a Matar\u00f3.<\/strong><\/p>\n\n\n\n<p>L\u2019enfrontament es va iniciar amb molt de respecte per part dels dos equips encara que eren els locals els que m\u00e9s s&#8217;apropaven a la porteria de Marcos mentre la Grama no &nbsp;s\u2019acabava d&#8217;adaptar a les necessitats del partit.<\/p>\n\n\n\n<p>En aquest gui\u00f3 d&#8217;igualtat es va jugar la primera mitja hora fins que un rebuig a la frontal ho va aprofitar perfectament Dawda per anotar el primer gol del partit: 1-0.<\/p>\n\n\n\n<p>Els de Santa Coloma, en lloc de venir-se a baix, van saber reaccionar i, als 35 minuts de joc, van filar una espectacular jugada on un centre de Vicen\u00e7 per banda dreta, va ser rematat de cap per Oliver al fons de la xarxa. Amb 1-1 es va arribar al descans en una primera part fluixa dels de Manu Pel\u00e1ez que es veien superats per la intensitat dels del maresme.<\/p>\n\n\n\n<p>S&#8217;esperava un canvi d&#8217;actitud del conjunt blau despr\u00e9s de la xerrada del m\u00edster al vestidor per\u00f2 el canvi no va arribar i, en nom\u00e9s deu minuts, el Matar\u00f3 desdibuixava a la Grama amb un doblet d&#8217;\u00c9ric Ru\u00edz (46&#8242;- 54&#8242;). Dos errors greus de concentraci\u00f3 que van demostrar que, els nostres, no estaven donant la intensitat a la qual ens tenen acostumats.<\/p>\n\n\n\n<p>Amb un marcador tan advers, els colomencs van treure l&#8217;orgull i van intentar abocar-se l\u2019\u00e0rea de Domingo Villar. Al minut 72, Rub\u00e9n Cifuentes va realitzar la jugada del partit sortejant a tres rivals a la frontal de l&#8217;\u00e0rea local i servint la pilota perqu\u00e8 Baul\u00f3 la remat\u00e9s de manera impol\u00b7luta a la xarxa. 3-2 i els nois de Manu encara podien aconseguir l&#8217;empat.<\/p>\n\n\n\n<p>Des de la consecuci\u00f3 del segon gol, la Grama es va sentir m\u00e9s c\u00f2moda i va jugar els millors minuts del matx. Tant va ser aix\u00ed que, al minut 75, Oliver enviava la pilota a el pal en un cop de cap.<\/p>\n\n\n\n<p>Els nostres ho van intentar amb tot el seu \u00edmpetu i insist\u00e8ncia per\u00f2, quan m\u00e9s a prop es veia l&#8217;empat, el central Marti Pesquer va rebre la segona groga i va deixar els de Santa Coloma amb un jugador menys al minut 83. D&#8217;aqu\u00ed al final ho van seguir intentant els blaus, per\u00f2 el Matar\u00f3 va aconseguir defensar b\u00e9 i sortir r\u00e0pid al contraatac.<\/p>\n\n\n\n<p>3-2 final, mal partit dels nois de la Fundaci\u00f3, que van poder acusar el gran esfor\u00e7 de dimecres davant la Damm.<\/p>\n\n\n\n<p><a href=\"https:\/\/www.fcf.cat\/es\/acta\/2021\/futbol-11\/lliga-nacional-juvenil\/grup-7b\/nj\/escola-futbol-mataro-ce-a\/nj\/fundacio-esportiva-grama-a\">CLIQUEU PER VEURE L&#8217;ACTA DEL PARTIT<\/a><\/p>\n\n\n\n<p><a href=\"https:\/\/www.fcf.cat\/es\/classificacio\/2021\/futbol-11\/lliga-nacional-juvenil\/grup-7b\">CLIQUEU PER VEURE LA CLASSIFICACI\u00d3 DE LNJ7<\/a><\/p>\n\n\n\n<hr class=\"wp-block-separator\"\/>\n\n\n\n<p class=\"has-medium-font-size\"><strong>La lucha final del Juvenil A no fue suficiente para sumar alg\u00fan punto en Matar\u00f3.<\/strong><\/p>\n\n\n\n<figure class=\"wp-block-image size-large is-resized\"><img loading=\"lazy\" decoding=\"async\" src=\"http:\/\/fegrama.cat\/web\/wp-content\/uploads\/2021\/01\/IMG_3088-1024x768.jpg\" alt=\"\" class=\"wp-image-28429\" width=\"884\" height=\"663\" srcset=\"http:\/\/fegrama.cat\/web\/wp-content\/uploads\/2021\/01\/IMG_3088-1024x768.jpg 1024w, http:\/\/fegrama.cat\/web\/wp-content\/uploads\/2021\/01\/IMG_3088-300x225.jpg 300w, http:\/\/fegrama.cat\/web\/wp-content\/uploads\/2021\/01\/IMG_3088-768x576.jpg 768w, http:\/\/fegrama.cat\/web\/wp-content\/uploads\/2021\/01\/IMG_3088-1536x1152.jpg 1536w, http:\/\/fegrama.cat\/web\/wp-content\/uploads\/2021\/01\/IMG_3088-2048x1536.jpg 2048w\" sizes=\"auto, (max-width: 884px) 100vw, 884px\" \/><figcaption>Los capitanes con el trio arbitral en el Centenari de Matar\u00f3.<\/figcaption><\/figure>\n\n\n\n<p>El encuentro se inici\u00f3 con mucho respeto por parte de los dos equipos aunque eran los locales los que m\u00e1s se acercaban a la porter\u00eda de Marcos mientras la Grama no acababa de adaptarse a las necesidades del partido.<\/p>\n\n\n\n<p>En ese gui\u00f3n de igualdad se jug\u00f3 la primera media hora hasta que un rechace en la frontal lo aprovech\u00f3 perfectamente Dawda para anotar el primer gol del partido: 1-0.<\/p>\n\n\n\n<p>Los de Santa Coloma, en lugar de venirse abajo, supieron reaccionar i, a los 35 minutos de juego, hilvanaron una espectacular jugada donde un centro de Vicen\u00e7 por banda derecha &nbsp;fue cabeceado por Oliver al fondo de la red. Con 1-1 se lleg\u00f3 al descanso en una primer tiempo flojo de los de Manu Pel\u00e1ez que se ve\u00edan superados por la intensidad de los del maresme.<\/p>\n\n\n\n<p>Se esperaba un cambio de actitud del conjunto azulon tras la charla del m\u00edster en el vestuario pero el cambio no lleg\u00f3 y en solo diez minutos el Matar\u00f3 desarbolaba a la Grama con un doblete de \u00c9ric Ru\u00edz (46\u2019 \u2013 54\u2019). Dos errores graves de concentraci\u00f3n que demostraron que, los nuestros, no estaban dando la intensidad a la que nos tienen acostumbrados.<\/p>\n\n\n\n<p>Con un marcador tan adverso, los colomenses sacaron el orgullo e intentaron volcarse en el \u00e1rea de Domingo Villar. En el minuto 72, Rub\u00e9n Cifuentes realiz\u00f3 la jugada del partido sorteando a tres rivales en la frontal del \u00e1rea local y sirviendo el bal\u00f3n para que Baul\u00f3 lo rematara de manera impoluta a la red. 3-2 y los chicos de Manu todav\u00eda pod\u00edan lograr el empate.<\/p>\n\n\n\n<p>Desde la consecuci\u00f3n del segundo gol la Grama se sinti\u00f3 m\u00e1s c\u00f3moda y jug\u00f3 los mejores minutos del encuentro. Tanto fue as\u00ed que, en el minuto 75 , Oliver enviaba el bal\u00f3n al palo en un cabezazo.<\/p>\n\n\n\n<p>Los nuestros lo intentaron con todo su \u00edmpetu e insistencia pero, cuando m\u00e1s cerca se ve\u00eda el empate, el central Marti Pesquer recibi\u00f3 la segunda amarilla y dej\u00f3 a los de Santa coloma con un jugador menos en el minuto 83. De ah\u00ed al final lo siguieron intentando los azules, pero el Mataro logr\u00f3 defender bien y salir r\u00e1pido al contragolpe.<\/p>\n\n\n\n<p>3-2 final, mal partido de los chicos de la Fundacio, que pudieron acusar el gran esfuerzo del mi\u00e9rcoles ante Damm.<\/p>\n\n\n\n<p><a href=\"https:\/\/www.fcf.cat\/es\/acta\/2021\/futbol-11\/lliga-nacional-juvenil\/grup-7b\/nj\/escola-futbol-mataro-ce-a\/nj\/fundacio-esportiva-grama-a\">CLICAD PARA VER EL ACTA DEL PARTIDO<\/a><\/p>\n\n\n\n<p><a href=\"https:\/\/www.fcf.cat\/es\/classificacio\/2021\/futbol-11\/lliga-nacional-juvenil\/grup-7b\">CLICAD PARA VER LA CLASIFICACI\u00d3N DE LNJ7<\/a><\/p>\n","protected":false},"excerpt":{"rendered":"<p>La lluita final del Juvenil A no va ser suficient per sumar algun punt a Matar\u00f3. L\u2019enfrontament es va iniciar amb molt de respecte per part dels dos equips encara que eren els locals els que m\u00e9s s&#8217;apropaven a la porteria de Marcos mentre la Grama no &nbsp;s\u2019acabava d&#8217;adaptar a les necessitats del partit. En [&hellip;]<\/p>\n","protected":false},"author":1,"featured_media":28428,"comment_status":"closed","ping_status":"closed","sticky":false,"template":"","format":"standard","meta":{"footnotes":""},"categories":[4,6],"tags":[],"class_list":["post-28426","post","type-post","status-publish","format-standard","has-post-thumbnail","hentry","category-base-inclusiu","category-juvenils"],"_links":{"self":[{"href":"http:\/\/fegrama.cat\/web\/wp-json\/wp\/v2\/posts\/28426","targetHints":{"allow":["GET"]}}],"collection":[{"href":"http:\/\/fegrama.cat\/web\/wp-json\/wp\/v2\/posts"}],"about":[{"href":"http:\/\/fegrama.cat\/web\/wp-json\/wp\/v2\/types\/post"}],"author":[{"embeddable":true,"href":"http:\/\/fegrama.cat\/web\/wp-json\/wp\/v2\/users\/1"}],"replies":[{"embeddable":true,"href":"http:\/\/fegrama.cat\/web\/wp-json\/wp\/v2\/comments?post=28426"}],"version-history":[{"count":1,"href":"http:\/\/fegrama.cat\/web\/wp-json\/wp\/v2\/posts\/28426\/revisions"}],"predecessor-version":[{"id":28430,"href":"http:\/\/fegrama.cat\/web\/wp-json\/wp\/v2\/posts\/28426\/revisions\/28430"}],"wp:featuredmedia":[{"embeddable":true,"href":"http:\/\/fegrama.cat\/web\/wp-json\/wp\/v2\/media\/28428"}],"wp:attachment":[{"href":"http:\/\/fegrama.cat\/web\/wp-json\/wp\/v2\/media?parent=28426"}],"wp:term":[{"taxonomy":"category","embeddable":true,"href":"http:\/\/fegrama.cat\/web\/wp-json\/wp\/v2\/categories?post=28426"},{"taxonomy":"post_tag","embeddable":true,"href":"http:\/\/fegrama.cat\/web\/wp-json\/wp\/v2\/tags?post=28426"}],"curies":[{"name":"wp","href":"https:\/\/api.w.org\/{rel}","templated":true}]}}